{"id":341783,"date":"2026-09-05T02:17:19","date_gmt":"2026-09-05T02:17:19","guid":{"rendered":"https:\/\/www.europesays.com\/fi\/341783\/"},"modified":"2026-09-05T02:17:19","modified_gmt":"2026-09-05T02:17:19","slug":"oleksii-myklukha-teki-heti-kaksi-maalia-pelicansille","status":"publish","type":"post","link":"https:\/\/www.europesays.com\/fi\/341783\/","title":{"rendered":"Oleksii Myklukha teki heti kaksi maalia Pelicansille"},"content":{"rendered":"<p><strong class=\"typography-bold\">Pelicansin tuore hankinta Oleksii Myklukha iski kaksi maalia heti SM-liigakauden avausottelun ensimm\u00e4isess\u00e4 er\u00e4ss\u00e4.<\/strong><\/p>\n<p>23-vuotias slovakialaisukrainalainen Myklukha p\u00e4\u00e4si lahtelaisten kotiottelussa Sportia vastaan nautiskelemaan ensin <strong class=\"typography-bold\">Joona Kumpulan<\/strong> h\u00e4ik\u00e4isev\u00e4st\u00e4 k\u00e4\u00e4nt\u00f6sy\u00f6t\u00f6st\u00e4. Myklukha ohitti t\u00e4m\u00e4n j\u00e4lkeen taidolla vaasalaisten maalilla torjuvan <strong class=\"typography-bold\">Joni Ortion<\/strong>.<\/p>\n<p>Vain kaksi minuuttia my\u00f6hemmin er\u00e4n puoliv\u00e4liss\u00e4 Myklukha iski Pelicansin jo 3\u20130-johtoon.<\/p>\n<p>1:09<img alt=\"Joona Kumpulalta h\u00e4ik\u00e4isev\u00e4 esity\u00f6 \u2013 Pelicans-hankinta Oleksii Myklukha iski avausmaalinsa Liigassa\" data-testid=\"web-player-broker-image\" fetchpriority=\"low\" loading=\"lazy\" decoding=\"async\" data-nimg=\"fill\" class=\"transition duration-700 ease-in-out hover:scale-[1.05]\" style=\"position:absolute;height:100%;width:100%;left:0;top:0;right:0;bottom:0;color:transparent;background-size:cover;background-position:50% 50%;background-repeat:no-repeat;background-image:url(&quot;data:image\/svg+xml;base64,Cjxzdmcgd2lkdGg9IjcyMCIgaGVpZ2h0PSI0MDUiIHZlcnNpb249IjEuMSIgeG1sbnM9Imh0dHA6Ly93d3cudzMub3JnLzIwMDAvc3ZnIiB4bWxuczp4bGluaz0iaHR0cDovL3d3dy53My5vcmcvMTk5OS94bGluayI+CiAgPGRlZnM+CiAgICA8bGluZWFyR3JhZGllbnQgaWQ9ImciPgogICAgICA8c3RvcCBzdG9wLWNvbG9yPSIjMEIxODIzIiBvZmZzZXQ9IjIwJSIgLz4KICAgICAgPHN0b3Agc3RvcC1jb2xvcj0iIzFBMjczMiIgb2Zmc2V0PSI1MCUiIC8+CiAgICAgIDxzdG9wIHN0b3AtY29sb3I9IiMwQjE4MjMiIG9mZnNldD0iNzAlIiAvPgogICAgPC9saW5lYXJHcmFkaWVudD4KICA8L2RlZnM+CiAgPHJlY3Qgd2lkdGg9IjcyMCIgaGVpZ2h0PSI0MDUiIGZpbGw9IiMwQjE4MjMiIC8+CiAgPHJlY3QgaWQ9InIiIHdpZHRoPSI3MjAiIGhlaWdodD0iNDA1IiBmaWxsPSJ1cmwoI2cpIiAvPgogIDxhbmltYXRlIHhsaW5rOmhyZWY9IiNyIiBhdHRyaWJ1dGVOYW1lPSJ4IiBmcm9tPSItNzIwIiB0bz0iNzIwIiBkdXI9IjFzIiByZXBlYXRDb3VudD0iaW5kZWZpbml0ZSIgIC8+Cjwvc3ZnPg==&quot;)\"   src=\"https:\/\/www.europesays.com\/fi\/wp-content\/uploads\/2026\/09\/1788574639_526_imageproxy.a2d.tv.jpeg\"\/>Oleksii Mykluha iski uudelleen \u2013 Pelicans-hankinnalta loistava Liiga-debyytti.<\/p>\n<p>Puolassa syntynyt Miklukha pelasi vuosikymmenen vaihteessa kolme kautta junioriliigaa Kanadan Quebeciss\u00e4. Viime kaudella h\u00e4n teki Slovakian liigassa Banska Bystrican paidassa kovat tehot 17+38=55.<\/p>\n<p>Pelicans meni kauden avausottelussaan viel\u00e4 ennen ensimm\u00e4ist\u00e4 er\u00e4taukoa jo 4\u20130-johtoon <strong class=\"typography-bold\">Michal Jordanin<\/strong> maalilla. T\u00e4ss\u00e4 kohtaa p\u00e4\u00e4ttyi my\u00f6s Ortion ilta, kun Sport vaihtoi maalille <strong class=\"typography-bold\">Masi H\u00e4rk\u00f6sen<\/strong>.<\/p>\n","protected":false},"excerpt":{"rendered":"Pelicansin tuore hankinta Oleksii Myklukha iski kaksi maalia heti SM-liigakauden avausottelun ensimm\u00e4isess\u00e4 er\u00e4ss\u00e4. 23-vuotias slovakialaisukrainalainen Myklukha p\u00e4\u00e4si lahtelaisten&hellip;\n","protected":false},"author":2,"featured_media":341784,"comment_status":"","ping_status":"","sticky":false,"template":"","format":"standard","meta":{"footnotes":"","_share_on_mastodon":"0"},"categories":[5],"tags":[22,23,26,27,33,31,30,17,24,25,28,29,15,18,21,32,19,20,16],"class_list":["post-341783","post","type-post","status-publish","format-standard","has-post-thumbnail","category-otsikot","tag-breaking-news","tag-breakingnews","tag-featured-news","tag-featurednews","tag-fi","tag-finland","tag-finnish","tag-headlines","tag-latest-news","tag-latestnews","tag-main-news","tag-mainnews","tag-news","tag-otsikot","tag-paauutiset","tag-suomi","tag-top-stories","tag-topstories","tag-uutiset"],"share_on_mastodon":{"url":"https:\/\/pubeurope.com\/@fi\/117216034398804512","error":""},"_links":{"self":[{"href":"https:\/\/www.europesays.com\/fi\/wp-json\/wp\/v2\/posts\/341783","targetHints":{"allow":["GET"]}}],"collection":[{"href":"https:\/\/www.europesays.com\/fi\/wp-json\/wp\/v2\/posts"}],"about":[{"href":"https:\/\/www.europesays.com\/fi\/wp-json\/wp\/v2\/types\/post"}],"author":[{"embeddable":true,"href":"https:\/\/www.europesays.com\/fi\/wp-json\/wp\/v2\/users\/2"}],"replies":[{"embeddable":true,"href":"https:\/\/www.europesays.com\/fi\/wp-json\/wp\/v2\/comments?post=341783"}],"version-history":[{"count":0,"href":"https:\/\/www.europesays.com\/fi\/wp-json\/wp\/v2\/posts\/341783\/revisions"}],"wp:featuredmedia":[{"embeddable":true,"href":"https:\/\/www.europesays.com\/fi\/wp-json\/wp\/v2\/media\/341784"}],"wp:attachment":[{"href":"https:\/\/www.europesays.com\/fi\/wp-json\/wp\/v2\/media?parent=341783"}],"wp:term":[{"taxonomy":"category","embeddable":true,"href":"https:\/\/www.europesays.com\/fi\/wp-json\/wp\/v2\/categories?post=341783"},{"taxonomy":"post_tag","embeddable":true,"href":"https:\/\/www.europesays.com\/fi\/wp-json\/wp\/v2\/tags?post=341783"}],"curies":[{"name":"wp","href":"https:\/\/api.w.org\/{rel}","templated":true}]}}