{"id":341787,"date":"2026-09-05T02:37:14","date_gmt":"2026-09-05T02:37:14","guid":{"rendered":"https:\/\/www.europesays.com\/fi\/341787\/"},"modified":"2026-09-05T02:37:14","modified_gmt":"2026-09-05T02:37:14","slug":"liimamaen-kausi-paatettiin-heidi-pakarisen-seurassa-paikalliset","status":"publish","type":"post","link":"https:\/\/www.europesays.com\/fi\/341787\/","title":{"rendered":"Liimam\u00e4en kausi p\u00e4\u00e4tettiin Heidi Pakarisen seurassa | Paikalliset"},"content":{"rendered":"<p>Karkkilan legendaarisen Liimam\u00e4en tanssilavan kausi p\u00e4\u00e4tettiin tanssimusiikin tahdissa lauantaina 29.8. Yleis\u00f6\u00e4 viihdytt\u00e4m\u00e4ss\u00e4 oli Heidi Pakarinen orkestereineen. T\u00e4n\u00e4 kes\u00e4n\u00e4 tanssilavaa hallinnoiva Legenda Jamit ry j\u00e4rjesti Liimam\u00e4ess\u00e4 nelj\u00e4 tapahtumaa.<\/p>\n<p>\u2013\u2009Hieman hiljaista oli tapahtumissa t\u00e4n\u00e4 kes\u00e4n\u00e4. Toisaalta Karkkilan ulkopuolelta on tullut ilahduttavasti v\u00e4ke\u00e4 paikalle pitkin kes\u00e4\u00e4 ja esiintyj\u00e4t ovat my\u00f6s olleet loistavia, tiivist\u00e4\u00e4 Legenda Jamit ry:n<strong> Teppo T\u00e4htinen<\/strong> kauden sujumista.<\/p>\n<p>Kauden p\u00e4\u00e4tt\u00e4j\u00e4isiss\u00e4 tanssijoita oli tullut paikalle jo alkuillasta ja tunnelma oli hyv\u00e4.<\/p>\n<p><strong class=\"diks-storyline__impact\">Tulevan<\/strong> kauden suunnitelmia T\u00e4htinen ei l\u00e4hde tarkemmin avaamaan viel\u00e4 t\u00e4ss\u00e4 vaiheessa. Tapahtumien m\u00e4\u00e4r\u00e4\u00e4k\u00e4\u00e4n ei ole viel\u00e4 p\u00e4\u00e4tetty.<\/p>\n<p>\u2013\u2009T\u00e4ll\u00e4 kaudella tapahtumia oli nelj\u00e4, joinain vuosina olemme j\u00e4rjest\u00e4neet kolme tapahtumaa. P\u00e4\u00e4t\u00e4mme ensi vuoden ohjelmasta hieman my\u00f6hemmin syyskokouksessamme.<\/p>\n<p>Musiikkia Liimam\u00e4ess\u00e4 on ollut kes\u00e4n aikana j\u00e4lleen laidasta laitaan. Toukokuussa kausi avattiin paikallisesiintyjien, Koisj\u00e4rven Diskon ja Rokkerboxin kanssa, kes\u00e4kuussa Liimam\u00e4ki oli mukana Rautap\u00e4ivill\u00e4 lastentapahtumalla sek\u00e4 iltatapahtumalla, jossa esiintym\u00e4ss\u00e4 oli Janus Hanski &amp; Country Caravan. Hein\u00e4kuun 60&#8217;s illassa yleis\u00f6\u00e4 viihdytt\u00e4m\u00e4ss\u00e4 oli puolestaan Jiri Nikkinen &amp; The Beatles Tribute Band.<\/p>\n<p>\t\t<a class=\"diks-gallery__link\" href=\"https:\/\/i.media.fi\/incoming\/avgqkw\/11648369.jpg\/alternates\/FREE_1440\/11648369.jpg\" data-thumbnail=\"\" data-sub-html=\"Tanssikansaa oli saapunut paikalle jo alkuillasta. Eero Kulla\" aria-label=\"Katso isompi kuva\" rel=\"nofollow noopener\" target=\"_blank\"><br \/>\n\t\t\t\t<img class=\"diks-figure__image\" src=\"https:\/\/www.europesays.com\/fi\/wp-content\/uploads\/2026\/09\/11648369.jpg\" loading=\"lazy\" decoding=\"sync\" alt=\"\"\/><\/p>\n<p>\t\t\t<\/a><br \/>\n\t\t\t\t\tTanssikansaa oli saapunut paikalle jo alkuillasta. Eero Kulla<\/p>\n<p><strong class=\"diks-storyline__impact\">Syksylle<\/strong> luvassa on my\u00f6s viel\u00e4 vessaremontti. Se on T\u00e4htisen mukaan tarkoitus aloittaa syksyll\u00e4 ja saattaa loppuun kev\u00e4\u00e4ll\u00e4. T\u00e4htinen kiitt\u00e4\u00e4 my\u00f6s kaikkia tukijoita kuluneesta kaudesta.<\/p>\n<p>\u2013\u2009On hienoa, ett\u00e4 niin monet paikalliset yritykset haluavat olla mukana s\u00e4ilytt\u00e4m\u00e4ss\u00e4 tanssilavakulttuuria Karkkilassa ja ilman tukijoita emme pystyisik\u00e4\u00e4n tapahtumia j\u00e4rjest\u00e4m\u00e4\u00e4n. Iso kiitos siis kaikille tukijoillemme.<\/p>\n","protected":false},"excerpt":{"rendered":"Karkkilan legendaarisen Liimam\u00e4en tanssilavan kausi p\u00e4\u00e4tettiin tanssimusiikin tahdissa lauantaina 29.8. Yleis\u00f6\u00e4 viihdytt\u00e4m\u00e4ss\u00e4 oli Heidi Pakarinen orkestereineen. T\u00e4n\u00e4 kes\u00e4n\u00e4&hellip;\n","protected":false},"author":2,"featured_media":341788,"comment_status":"","ping_status":"","sticky":false,"template":"","format":"standard","meta":{"footnotes":"","_share_on_mastodon":"0"},"categories":[130],"tags":[137,33,31,30,929,3525,763,47,141,32,397,109],"class_list":["post-341787","post","type-post","status-publish","format-standard","has-post-thumbnail","category-viihde","tag-entertainment","tag-fi","tag-finland","tag-finnish","tag-karkkila","tag-konsertit","tag-kulttuuri-ja-viihde","tag-musiikki","tag-muusikot-bandit","tag-suomi","tag-taide","tag-viihde"],"share_on_mastodon":{"url":"https:\/\/pubeurope.com\/@fi\/117216113382222043","error":""},"_links":{"self":[{"href":"https:\/\/www.europesays.com\/fi\/wp-json\/wp\/v2\/posts\/341787","targetHints":{"allow":["GET"]}}],"collection":[{"href":"https:\/\/www.europesays.com\/fi\/wp-json\/wp\/v2\/posts"}],"about":[{"href":"https:\/\/www.europesays.com\/fi\/wp-json\/wp\/v2\/types\/post"}],"author":[{"embeddable":true,"href":"https:\/\/www.europesays.com\/fi\/wp-json\/wp\/v2\/users\/2"}],"replies":[{"embeddable":true,"href":"https:\/\/www.europesays.com\/fi\/wp-json\/wp\/v2\/comments?post=341787"}],"version-history":[{"count":0,"href":"https:\/\/www.europesays.com\/fi\/wp-json\/wp\/v2\/posts\/341787\/revisions"}],"wp:featuredmedia":[{"embeddable":true,"href":"https:\/\/www.europesays.com\/fi\/wp-json\/wp\/v2\/media\/341788"}],"wp:attachment":[{"href":"https:\/\/www.europesays.com\/fi\/wp-json\/wp\/v2\/media?parent=341787"}],"wp:term":[{"taxonomy":"category","embeddable":true,"href":"https:\/\/www.europesays.com\/fi\/wp-json\/wp\/v2\/categories?post=341787"},{"taxonomy":"post_tag","embeddable":true,"href":"https:\/\/www.europesays.com\/fi\/wp-json\/wp\/v2\/tags?post=341787"}],"curies":[{"name":"wp","href":"https:\/\/api.w.org\/{rel}","templated":true}]}}