{"id":341789,"date":"2026-09-05T02:40:21","date_gmt":"2026-09-05T02:40:21","guid":{"rendered":"https:\/\/www.europesays.com\/fi\/341789\/"},"modified":"2026-09-05T02:40:21","modified_gmt":"2026-09-05T02:40:21","slug":"oura-julkaisi-tarkat-tiedot-porssilistautumisestaan-maksavien-jasenten-maara-kasvaa-kovaa-vauhtia-talous","status":"publish","type":"post","link":"https:\/\/www.europesays.com\/fi\/341789\/","title":{"rendered":"Oura julkaisi tarkat tiedot p\u00f6rssi\u00adlistautumisestaan \u2013 maksavien j\u00e4senten m\u00e4\u00e4r\u00e4 kasvaa kovaa vauhtia | Talous"},"content":{"rendered":"<p class=\"aw__sc-1qwuw0s-0 aw__sc-1vg2sqm-0 epAWpq ecELkD yle__article__paragraph\">\u00c4lysormusyhti\u00f6 on kasvanut nopeasti. Oura julkaisi uuden sormusmallin viimeksi toukokuussa.<\/p>\n<p><img decoding=\"async\" alt=\"L\u00e4hikuva k\u00e4dest\u00e4, jossa on Ouran sormus ja joka pitelee polkupy\u00f6r\u00e4n ohjaustankoa.\" src=\"https:\/\/www.europesays.com\/fi\/wp-content\/uploads\/2026\/09\/1779954206.jpeg\" class=\"aw__sc-dklauk-0 LPzKX\"\/><\/p>\n<p>Avaa kuvien katselu<\/p>\n<p>Ouran kasvu on ollut nopeaa viime vuosina. Kuva: Henrietta Hassinen \/ Yle<\/p>\n<ul class=\"aw__sc-1yb43iq-0 gFXHv yle__article__list yle__article__list--ul\">\n<li class=\"aw__sc-1yb43iq-1 gVAzbt\">Suomalaisl\u00e4ht\u00f6inen \u00e4lysormusyhti\u00f6 Oura hakee listautumista Nasdaq-p\u00f6rssiin.<\/li>\n<li class=\"aw__sc-1yb43iq-1 gVAzbt\">Liikevaihto kohoaa t\u00e4n\u00e4 vuonna 1,5 miljardiin dollariin, mik\u00e4 on kolminkertainen toissa vuoteen verrattuna. Maksavia j\u00e4seni\u00e4 on yli viisi miljoonaa.<\/li>\n<li class=\"aw__sc-1yb43iq-1 gVAzbt\">Oulussa perustettu Oura on nyky\u00e4\u00e4n pitk\u00e4lti yhdysvaltalaisten omistama. Johto ja p\u00e4\u00e4konttori ovat Yhdysvalloissa.<\/li>\n<\/ul>\n<p class=\"aw__sc-1qwuw0s-0 aw__sc-ngllmo-0 epAWpq fzYpjk yle__article__paragraph\">Suomalaisl\u00e4ht\u00f6inen \u00e4lysormusyhti\u00f6 Oura on j\u00e4tt\u00e4nyt hakemuksen p\u00f6rssilistautumisesta Yhdysvalloissa. Oura hakee listautumista Yhdysvaltain teknologiapainotteiseen Nasdaq-p\u00f6rssiin kaupank\u00e4yntitunnuksella OURA.<\/p>\n<p class=\"aw__sc-1qwuw0s-0 aw__sc-ngllmo-0 epAWpq fzYpjk yle__article__paragraph\">Suomessa <a class=\"aw__sc-ngllmo-1 bTDnwX yle__article__link\" href=\"https:\/\/www.sec.gov\/Archives\/edgar\/data\/2133022\/000119312526381855\/d119865ds1.htm?utm_source=chatgpt.com\" role=\"link\" rel=\"nofollow noopener\" target=\"_blank\">listautumisesitteest\u00e4<\/a> uutisoi <a class=\"aw__sc-ngllmo-1 bTDnwX yle__article__link\" href=\"https:\/\/www.kauppalehti.fi\/uutiset\/a\/41d99974-7c0a-499a-877e-17f0caec54d3\" role=\"link\" rel=\"nofollow noopener\" target=\"_blank\">ensimm\u00e4isen\u00e4 Kauppalehti<\/a>.<\/p>\n<p class=\"aw__sc-1qwuw0s-0 aw__sc-ngllmo-0 epAWpq fzYpjk yle__article__paragraph\">Aiemmin on arvioitu, ett\u00e4 Oura voi tavoitella listautumisessa jopa 16 miljardin dollarin markkina-arvoa. Vuosi sitten syyskuun rahoituskierroksella Oura arvostettiin noin 11 miljardin arvoiseksi.<\/p>\n<p class=\"aw__sc-1qwuw0s-0 aw__sc-ngllmo-0 epAWpq fzYpjk yle__article__paragraph\">Yhti\u00f6n liikevaihto on noussut nopeasti. Aiemmin Oura on ennakoinut liikevaihtonsa kohoavan t\u00e4n\u00e4 vuonna 1,5 miljardiin dollariin eli kolminkertaiseksi toissa vuoden liikevaihtoon verrattuna.<\/p>\n<p class=\"aw__sc-1qwuw0s-0 aw__sc-ngllmo-0 epAWpq fzYpjk yle__article__paragraph\">Ouran nettotulos oli yhdeks\u00e4n kuukauden aikana 60,8 miljoonaa dollaria. Luvussa ei kuitenkaan ole viel\u00e4 v\u00e4hennetty yhti\u00f6n varhaisille rahoittajille suunnattujen etuoikeutettujen osakkeiden laskennallisia osinkoja.<\/p>\n<p class=\"aw__sc-1qwuw0s-0 aw__sc-ngllmo-0 epAWpq fzYpjk yle__article__paragraph\">Oura on myynyt viimeisen 12 kuukauden aikana yhteens\u00e4 3,6 miljoonaa \u00e4lysormusta. Maksavia j\u00e4seni\u00e4 on t\u00e4ll\u00e4 hetkell\u00e4 yli viisi miljoonaa, ja m\u00e4\u00e4r\u00e4 on vuodessa noin tuplaantunut. Yhti\u00f6n kuukausimaksuun perustuva tilausliiketoiminta on esitteen mukaan eritt\u00e4in kannattavaa.<\/p>\n<p class=\"aw__sc-1qwuw0s-0 aw__sc-ngllmo-0 epAWpq fzYpjk yle__article__paragraph\">Oulussa perustettu Oura on t\u00e4t\u00e4 nyky\u00e4 pitk\u00e4lti yhdysvaltalaisten p\u00e4\u00e4omasijoittajien omistama yhti\u00f6. Yhti\u00f6n johto ja p\u00e4\u00e4konttori ovat jo vuosia olleet Yhdysvalloissa. Helmikuussa yhti\u00f6 ilmoitti siirt\u00e4v\u00e4ns\u00e4 my\u00f6s emoyhti\u00f6n kotipaikan Yhdysvaltoihin.<\/p>\n<p class=\"aw__sc-1qwuw0s-0 aw__sc-ngllmo-0 epAWpq fzYpjk yle__article__paragraph\">Yhti\u00f6 julkaisi <a class=\"aw__sc-ngllmo-1 bTDnwX yle__article__link\" href=\"https:\/\/yle.fi\/a\/74-20228073\" role=\"link\" rel=\"nofollow noopener\" target=\"_blank\">uuden sormusmallin viimeksi toukokuussa<\/a>, ja kertoi tuolloin, ett\u00e4 kyseess\u00e4 on maailman pienin \u00e4lysormus. Sen kaikkia ominaisuuksia ei voi Euroopassa k\u00e4ytt\u00e4\u00e4.<\/p>\n","protected":false},"excerpt":{"rendered":"\u00c4lysormusyhti\u00f6 on kasvanut nopeasti. Oura julkaisi uuden sormusmallin viimeksi toukokuussa. Avaa kuvien katselu Ouran kasvu on ollut nopeaa&hellip;\n","protected":false},"author":2,"featured_media":341790,"comment_status":"","ping_status":"","sticky":false,"template":"","format":"standard","meta":{"footnotes":"","_share_on_mastodon":"0"},"categories":[76],"tags":[79,77,33,31,30,16716,32,78,92,1356],"class_list":["post-341789","post","type-post","status-publish","format-standard","has-post-thumbnail","category-talous","tag-business","tag-economy","tag-fi","tag-finland","tag-finnish","tag-oura-health","tag-suomi","tag-talous","tag-teknologia","tag-yritykset"],"share_on_mastodon":{"url":"https:\/\/pubeurope.com\/@fi\/117216125626957885","error":""},"_links":{"self":[{"href":"https:\/\/www.europesays.com\/fi\/wp-json\/wp\/v2\/posts\/341789","targetHints":{"allow":["GET"]}}],"collection":[{"href":"https:\/\/www.europesays.com\/fi\/wp-json\/wp\/v2\/posts"}],"about":[{"href":"https:\/\/www.europesays.com\/fi\/wp-json\/wp\/v2\/types\/post"}],"author":[{"embeddable":true,"href":"https:\/\/www.europesays.com\/fi\/wp-json\/wp\/v2\/users\/2"}],"replies":[{"embeddable":true,"href":"https:\/\/www.europesays.com\/fi\/wp-json\/wp\/v2\/comments?post=341789"}],"version-history":[{"count":0,"href":"https:\/\/www.europesays.com\/fi\/wp-json\/wp\/v2\/posts\/341789\/revisions"}],"wp:featuredmedia":[{"embeddable":true,"href":"https:\/\/www.europesays.com\/fi\/wp-json\/wp\/v2\/media\/341790"}],"wp:attachment":[{"href":"https:\/\/www.europesays.com\/fi\/wp-json\/wp\/v2\/media?parent=341789"}],"wp:term":[{"taxonomy":"category","embeddable":true,"href":"https:\/\/www.europesays.com\/fi\/wp-json\/wp\/v2\/categories?post=341789"},{"taxonomy":"post_tag","embeddable":true,"href":"https:\/\/www.europesays.com\/fi\/wp-json\/wp\/v2\/tags?post=341789"}],"curies":[{"name":"wp","href":"https:\/\/api.w.org\/{rel}","templated":true}]}}