{"id":341791,"date":"2026-09-05T02:41:16","date_gmt":"2026-09-05T02:41:16","guid":{"rendered":"https:\/\/www.europesays.com\/fi\/341791\/"},"modified":"2026-09-05T02:41:16","modified_gmt":"2026-09-05T02:41:16","slug":"tiibetin-tulvien-uhriluku-jatkaa-kasvuaan-tuhansia-edelleen-kateissa-uutissuomalainen","status":"publish","type":"post","link":"https:\/\/www.europesays.com\/fi\/341791\/","title":{"rendered":"Tiibetin tulvien uhriluku jatkaa kasvuaan, tuhansia edelleen kateissa | Uutissuomalainen"},"content":{"rendered":"<p>Tiibetin sy\u00f6ksytulvien uhriluku nousi j\u00e4lleen perjantaina, kun sek\u00e4 Kiina ett\u00e4 Nepal ilmoittivat uusista uhreista. Kiinan valtiollinen media kertoi uhreja olevan yli 30, mutta kateissa on yli 530 ihmist\u00e4.<\/p>\n<p>Nepalissa uhriluku kipusi jo yli 1\u2009300:n. Kateissa on edelleen viitisentuhatta ihmist\u00e4. Kadonneiden joukossa on yli 800 ulkomaalaista, jotka edustavat yli kolmeakymment\u00e4 kansallisuutta. Yksi kadonneista on suomalainen.<\/p>\n<p>Synkkien tapahtumien keskell\u00e4 koettiin my\u00f6s ilon hetki\u00e4, kun pelastusty\u00f6ntekij\u00e4t l\u00f6ysiv\u00e4t kaksi nepalilaista miest\u00e4 hengiss\u00e4 hautautuneesta vesivoimalaitoksen tunnelista l\u00e4hes kymmenen p\u00e4iv\u00e4\u00e4 tulvien j\u00e4lkeen.<\/p>\n<p>Nepalin hallitus arveli alun perin, ett\u00e4 lukuisissa tunneleissa voisi olla eloonj\u00e4\u00e4neit\u00e4 yli sata. Perjantaihin menness\u00e4 muita ei ollut l\u00f6ytynyt elossa.<\/p>\n<p>My\u00f6s Suomi ilmoitti perjantaina auttavansa tulvauhreja. <a href=\"https:\/\/valtioneuvosto.fi\/-\/suomi-myontaa-humanitaarista-apua-nepaliin\" rel=\"nofollow noopener\" target=\"_blank\">Valtioneuvoston<\/a> mukaan tuki kanavoidaan Suomen Punaisen Ristin kautta. Varoilla hankitaan muun muassa terveydenhuollon palveluita, juomakelpoista vett\u00e4 sek\u00e4 v\u00e4liaikaista suojaa kotinsa menett\u00e4neille.<\/p>\n","protected":false},"excerpt":{"rendered":"Tiibetin sy\u00f6ksytulvien uhriluku nousi j\u00e4lleen perjantaina, kun sek\u00e4 Kiina ett\u00e4 Nepal ilmoittivat uusista uhreista. Kiinan valtiollinen media kertoi&hellip;\n","protected":false},"author":2,"featured_media":341792,"comment_status":"","ping_status":"","sticky":false,"template":"","format":"standard","meta":{"footnotes":"","_share_on_mastodon":"0"},"categories":[14],"tags":[22,23,26,27,33,31,30,17,2455,683,24,25,72,28,29,15,120,18,21,637,32,19,20,56,16,59,60,61,796,534],"class_list":["post-341791","post","type-post","status-publish","format-standard","has-post-thumbnail","category-ulkomaat","tag-breaking-news","tag-breakingnews","tag-featured-news","tag-featurednews","tag-fi","tag-finland","tag-finnish","tag-headlines","tag-hengenvaara-ja-loukkaantuminen","tag-kuolema","tag-latest-news","tag-latestnews","tag-luonto","tag-main-news","tag-mainnews","tag-news","tag-onnettomuustapaus","tag-otsikot","tag-paauutiset","tag-politiikka","tag-suomi","tag-top-stories","tag-topstories","tag-ulkomaat","tag-uutiset","tag-world","tag-world-news","tag-worldnews","tag-yhteiskunta","tag-ymparisto-ja-luonto"],"share_on_mastodon":{"url":"https:\/\/pubeurope.com\/@fi\/117216128911642144","error":""},"_links":{"self":[{"href":"https:\/\/www.europesays.com\/fi\/wp-json\/wp\/v2\/posts\/341791","targetHints":{"allow":["GET"]}}],"collection":[{"href":"https:\/\/www.europesays.com\/fi\/wp-json\/wp\/v2\/posts"}],"about":[{"href":"https:\/\/www.europesays.com\/fi\/wp-json\/wp\/v2\/types\/post"}],"author":[{"embeddable":true,"href":"https:\/\/www.europesays.com\/fi\/wp-json\/wp\/v2\/users\/2"}],"replies":[{"embeddable":true,"href":"https:\/\/www.europesays.com\/fi\/wp-json\/wp\/v2\/comments?post=341791"}],"version-history":[{"count":0,"href":"https:\/\/www.europesays.com\/fi\/wp-json\/wp\/v2\/posts\/341791\/revisions"}],"wp:featuredmedia":[{"embeddable":true,"href":"https:\/\/www.europesays.com\/fi\/wp-json\/wp\/v2\/media\/341792"}],"wp:attachment":[{"href":"https:\/\/www.europesays.com\/fi\/wp-json\/wp\/v2\/media?parent=341791"}],"wp:term":[{"taxonomy":"category","embeddable":true,"href":"https:\/\/www.europesays.com\/fi\/wp-json\/wp\/v2\/categories?post=341791"},{"taxonomy":"post_tag","embeddable":true,"href":"https:\/\/www.europesays.com\/fi\/wp-json\/wp\/v2\/tags?post=341791"}],"curies":[{"name":"wp","href":"https:\/\/api.w.org\/{rel}","templated":true}]}}