{"id":341795,"date":"2026-09-05T02:43:19","date_gmt":"2026-09-05T02:43:19","guid":{"rendered":"https:\/\/www.europesays.com\/fi\/341795\/"},"modified":"2026-09-05T02:43:19","modified_gmt":"2026-09-05T02:43:19","slug":"yhdysvaltojen-lahettilaat-kiovaan-mtv-uutiset","status":"publish","type":"post","link":"https:\/\/www.europesays.com\/fi\/341795\/","title":{"rendered":"Yhdysvaltojen l\u00e4hettil\u00e4\u00e4t Kiovaan | MTV Uutiset"},"content":{"rendered":"<p><strong class=\"typography-bold\">Kyseess\u00e4 on l\u00e4hettil\u00e4iden ensimm\u00e4inen vierailu Kiovaan.<\/strong><\/p>\n<p>Yhdysvaltojen erityisl\u00e4hettil\u00e4iden <strong class=\"typography-bold\">Steve Witkoffin<\/strong> ja <strong class=\"typography-bold\">Jared Kushnerin<\/strong><strong class=\"typography-bold\"> <\/strong>odotetaan saapuvan Kiovaan sunnuntaina, kertoo korkea-arvoinen ukrainalaisviranomainen uutistoimisto AFP:lle.<\/p>\n<p>Kyseess\u00e4 on l\u00e4hettil\u00e4iden ensimm\u00e4inen Kiovan vierailu.<\/p>\n<p>Witkoff ja Kushner ovat olleet mukana sukkuladiplomatiassa, jossa Ven\u00e4j\u00e4n ja Ukrainan v\u00e4lille on yritetty saada aselepo. Kaksikko on k\u00e4ynyt Moskovassa useita kertoja.<\/p>\n<p>Ukrainan aseleponeuvottelut ovat olleet jumiutuneina pitk\u00e4\u00e4n muun muassa L\u00e4hi-id\u00e4n sodan vuoksi.<\/p>\n<p><strong class=\"typography-bold\">Ukraina vaatii taukoja ilmaiskuihin<\/strong><\/p>\n<p>Zelenskyi vaatii, ettei Ven\u00e4j\u00e4 tee Ukrainaan ilmaiskuja Yhdysvaltojen erityisl\u00e4hettil\u00e4iden vieraillessa Kiovassa.\u00a0<\/p>\n<p>Ukraina ei Zelenskyin mukaan aio tehd\u00e4 ilmaiskuja vierailun aikana.<\/p>\n","protected":false},"excerpt":{"rendered":"Kyseess\u00e4 on l\u00e4hettil\u00e4iden ensimm\u00e4inen vierailu Kiovaan. Yhdysvaltojen erityisl\u00e4hettil\u00e4iden Steve Witkoffin ja Jared Kushnerin odotetaan saapuvan Kiovaan sunnuntaina, kertoo&hellip;\n","protected":false},"author":2,"featured_media":341796,"comment_status":"","ping_status":"","sticky":false,"template":"","format":"standard","meta":{"footnotes":"","_share_on_mastodon":"0"},"categories":[5],"tags":[22,23,26,27,33,31,30,17,24,25,28,29,15,18,21,32,19,20,16],"class_list":["post-341795","post","type-post","status-publish","format-standard","has-post-thumbnail","category-otsikot","tag-breaking-news","tag-breakingnews","tag-featured-news","tag-featurednews","tag-fi","tag-finland","tag-finnish","tag-headlines","tag-latest-news","tag-latestnews","tag-main-news","tag-mainnews","tag-news","tag-otsikot","tag-paauutiset","tag-suomi","tag-top-stories","tag-topstories","tag-uutiset"],"share_on_mastodon":{"url":"https:\/\/pubeurope.com\/@fi\/117216136533578391","error":""},"_links":{"self":[{"href":"https:\/\/www.europesays.com\/fi\/wp-json\/wp\/v2\/posts\/341795","targetHints":{"allow":["GET"]}}],"collection":[{"href":"https:\/\/www.europesays.com\/fi\/wp-json\/wp\/v2\/posts"}],"about":[{"href":"https:\/\/www.europesays.com\/fi\/wp-json\/wp\/v2\/types\/post"}],"author":[{"embeddable":true,"href":"https:\/\/www.europesays.com\/fi\/wp-json\/wp\/v2\/users\/2"}],"replies":[{"embeddable":true,"href":"https:\/\/www.europesays.com\/fi\/wp-json\/wp\/v2\/comments?post=341795"}],"version-history":[{"count":0,"href":"https:\/\/www.europesays.com\/fi\/wp-json\/wp\/v2\/posts\/341795\/revisions"}],"wp:featuredmedia":[{"embeddable":true,"href":"https:\/\/www.europesays.com\/fi\/wp-json\/wp\/v2\/media\/341796"}],"wp:attachment":[{"href":"https:\/\/www.europesays.com\/fi\/wp-json\/wp\/v2\/media?parent=341795"}],"wp:term":[{"taxonomy":"category","embeddable":true,"href":"https:\/\/www.europesays.com\/fi\/wp-json\/wp\/v2\/categories?post=341795"},{"taxonomy":"post_tag","embeddable":true,"href":"https:\/\/www.europesays.com\/fi\/wp-json\/wp\/v2\/tags?post=341795"}],"curies":[{"name":"wp","href":"https:\/\/api.w.org\/{rel}","templated":true}]}}