{"id":341799,"date":"2026-09-05T03:03:23","date_gmt":"2026-09-05T03:03:23","guid":{"rendered":"https:\/\/www.europesays.com\/fi\/341799\/"},"modified":"2026-09-05T03:03:23","modified_gmt":"2026-09-05T03:03:23","slug":"ttk-opettaja-saana-akiola-meni-naimisiin","status":"publish","type":"post","link":"https:\/\/www.europesays.com\/fi\/341799\/","title":{"rendered":"TTK-opettaja Saana Akiola meni naimisiin"},"content":{"rendered":"<p class=\"wp-block-paragraph\">Tanssii t\u00e4htien kanssa -ohjelman tanssinopettaja <strong>Saana Akiola<\/strong> on mennyt naimisiin.<\/p>\n<p class=\"wp-block-paragraph\">Akiola kertoi Instagramiin julkaisemassaan p\u00e4ivityksess\u00e4 avioituneensa puolisonsa, ex-j\u00e4\u00e4kiekkoilija <strong>Kimmo Pikkaraisen<\/strong> kanssa.<\/p>\n<p>Lue my\u00f6s: <a href=\"https:\/\/www.voice.fi\/viihde\/jos-tatuoinnit-herattaa-paheksuntaa-niin-se-on-hyva-asia-shirly-karvisella-meni-vati-nurin-veronica-verhon-ulkonaon-arvostelusta\" title=\"\u201dJos tatuoinnit her\u00e4tt\u00e4\u00e4 paheksuntaa, niin se on hyv\u00e4 asia\u201d \u2013 Shirly Karvisella meni vati nurin Veronica Verhon ulkon\u00e4\u00f6n arvostelusta\" class=\"underline-custom !font-heading !font-bold !underline-offset-4 !decoration-4 !decoration-accent !text-md\" rel=\"nofollow noopener\" target=\"_blank\">\u201dJos tatuoinnit her\u00e4tt\u00e4\u00e4 paheksuntaa, niin se on hyv\u00e4 asia\u201d \u2013 Shirly Karvisella meni vati nurin Veronica Verhon ulkon\u00e4\u00f6n arvostelusta<\/a><\/p>\n<p>Lue my\u00f6s: <a href=\"https:\/\/www.voice.fi\/viihde\/soihdun-vaihto-vappu-pimia-vei-manttelinperijansa-veronica-verhon-illalliselle-kotiinlahto-venahti\" title=\"\u201dSoihdun vaihto\u201d \u2013 Vappu Pimi\u00e4 vei manttelinperij\u00e4ns\u00e4 Veronica Verhon illalliselle: kotiinl\u00e4ht\u00f6 ven\u00e4hti\" class=\"underline-custom !font-heading !font-bold !underline-offset-4 !decoration-4 !decoration-accent !text-md\" rel=\"nofollow noopener\" target=\"_blank\">\u201dSoihdun vaihto\u201d \u2013 Vappu Pimi\u00e4 vei manttelinperij\u00e4ns\u00e4 Veronica Verhon illalliselle: kotiinl\u00e4ht\u00f6 ven\u00e4hti<\/a><\/p>\n<p class=\"wp-block-paragraph\">Julkaisun kuvissa tyylik\u00e4s pari suutelee puun alla ja katsoo toisiinsa onnellisen n\u00e4k\u00f6isin\u00e4 hymyillen.<\/p>\n<p class=\"wp-block-paragraph\">Pikkarainen on pukeutunut viininpunaiseen takkiin ja vaaleisiin housuihin. Akiolalla on yll\u00e4\u00e4n puhvihihainen, lyhyt puku, jonka alla h\u00e4nell\u00e4 on pitsinen, l\u00e4pikuultava hame.<\/p>\n<p class=\"wp-block-paragraph\">Akiolan seuraajat onnittelevat vastanaineita:<\/p>\n<p class=\"wp-block-paragraph\">\u2013 Onnea niin paljon.<\/p>\n<p class=\"wp-block-paragraph\">\u2013 Ihanaa!<\/p>\n<p class=\"wp-block-paragraph\">\u2013 Ihanaa! Onnea!<\/p>\n<p>Lue my\u00f6s: <a href=\"https:\/\/www.voice.fi\/ilmiot\/kesatyovalvonnassa-paljastui-ongelma-asiakkaat-kohtelevat-nuoria-tyontekijoita-huonosti\" title=\"Kes\u00e4ty\u00f6valvonnassa paljastui ongelma: asiakkaat kohtelevat nuoria ty\u00f6ntekij\u00f6it\u00e4 huonosti\" class=\"underline-custom !font-heading !font-bold !underline-offset-4 !decoration-4 !decoration-accent !text-md\" rel=\"nofollow noopener\" target=\"_blank\">Kes\u00e4ty\u00f6valvonnassa paljastui ongelma: asiakkaat kohtelevat nuoria ty\u00f6ntekij\u00f6it\u00e4 huonosti<\/a><\/p>\n<p>Lue my\u00f6s: <a href=\"https:\/\/www.voice.fi\/viihde\/olli-hermanin-ja-tytti-puolison-vauva-on-syntynyt\" title=\"Olli Hermanin ja Tytti-puolison vauva on syntynyt\" class=\"underline-custom !font-heading !font-bold !underline-offset-4 !decoration-4 !decoration-accent !text-md\" rel=\"nofollow noopener\" target=\"_blank\">Olli Hermanin ja Tytti-puolison vauva on syntynyt<\/a><\/p>\n<p class=\"wp-block-paragraph\">\u2013 Onnea! toivottaa n\u00e4yttelij\u00e4 <strong>Jarkko Niemi<\/strong>.<\/p>\n<p class=\"wp-block-paragraph\">\u2013 Paljon paljon onnea! kirjoittaa tanssija <strong>Jutta Helenius<\/strong>.<\/p>\n<p class=\"wp-block-paragraph\">\u2013 Onnea! kommentoi TTK-tuomari <strong>Helena Ahti-Hallberg<\/strong>.<\/p>\n<p class=\"wp-block-paragraph\">\u2013 Paljon onnea!\u00a0kirjoittaa my\u00f6s muusikko <strong>Krista Siegfrids<\/strong>.<\/p>\n","protected":false},"excerpt":{"rendered":"Tanssii t\u00e4htien kanssa -ohjelman tanssinopettaja Saana Akiola on mennyt naimisiin. Akiola kertoi Instagramiin julkaisemassaan p\u00e4ivityksess\u00e4 avioituneensa puolisonsa, ex-j\u00e4\u00e4kiekkoilija&hellip;\n","protected":false},"author":2,"featured_media":341800,"comment_status":"","ping_status":"","sticky":false,"template":"","format":"standard","meta":{"footnotes":"","_share_on_mastodon":"0"},"categories":[130],"tags":[1075,137,33,31,30,1208,22437,2766,32,109],"class_list":["post-341799","post","type-post","status-publish","format-standard","has-post-thumbnail","category-viihde","tag-avioliitto","tag-entertainment","tag-fi","tag-finland","tag-finnish","tag-haat","tag-kimmo-pikkarainen","tag-saana-akiola","tag-suomi","tag-viihde"],"share_on_mastodon":{"url":"https:\/\/pubeurope.com\/@fi\/117216215440076208","error":""},"_links":{"self":[{"href":"https:\/\/www.europesays.com\/fi\/wp-json\/wp\/v2\/posts\/341799","targetHints":{"allow":["GET"]}}],"collection":[{"href":"https:\/\/www.europesays.com\/fi\/wp-json\/wp\/v2\/posts"}],"about":[{"href":"https:\/\/www.europesays.com\/fi\/wp-json\/wp\/v2\/types\/post"}],"author":[{"embeddable":true,"href":"https:\/\/www.europesays.com\/fi\/wp-json\/wp\/v2\/users\/2"}],"replies":[{"embeddable":true,"href":"https:\/\/www.europesays.com\/fi\/wp-json\/wp\/v2\/comments?post=341799"}],"version-history":[{"count":0,"href":"https:\/\/www.europesays.com\/fi\/wp-json\/wp\/v2\/posts\/341799\/revisions"}],"wp:featuredmedia":[{"embeddable":true,"href":"https:\/\/www.europesays.com\/fi\/wp-json\/wp\/v2\/media\/341800"}],"wp:attachment":[{"href":"https:\/\/www.europesays.com\/fi\/wp-json\/wp\/v2\/media?parent=341799"}],"wp:term":[{"taxonomy":"category","embeddable":true,"href":"https:\/\/www.europesays.com\/fi\/wp-json\/wp\/v2\/categories?post=341799"},{"taxonomy":"post_tag","embeddable":true,"href":"https:\/\/www.europesays.com\/fi\/wp-json\/wp\/v2\/tags?post=341799"}],"curies":[{"name":"wp","href":"https:\/\/api.w.org\/{rel}","templated":true}]}}