{"id":341803,"date":"2026-09-05T03:07:15","date_gmt":"2026-09-05T03:07:15","guid":{"rendered":"https:\/\/www.europesays.com\/fi\/341803\/"},"modified":"2026-09-05T03:07:15","modified_gmt":"2026-09-05T03:07:15","slug":"jos-vihollinen-ei-nae-drooneja-se-ei-voi-tuhota-niita-ukraina-kehittaa-yha-tarkempia-drooneja-tuhoamaan-venalaista-kalustoa","status":"publish","type":"post","link":"https:\/\/www.europesays.com\/fi\/341803\/","title":{"rendered":"&#8221;Jos vihollinen ei n\u00e4e drooneja, se ei voi tuhota niit\u00e4&#8221; \u2013 Ukraina kehitt\u00e4\u00e4 yh\u00e4 tarkempia drooneja tuhoamaan ven\u00e4l\u00e4ist\u00e4 kalustoa"},"content":{"rendered":"<p>    <img decoding=\"async\" class=\"responsive-image article__image-image lozad\"   src=\"https:\/\/www.europesays.com\/fi\/wp-content\/uploads\/2026\/09\/Qgva5hsRXfNjI28YPkkUvn7yJMFszd4_6xQyNsK89wFeD8Rq3SKD1-Pa6Tj-fTK4OR0NX7JY3YawDX9P9fih_u3e4B_12X0uEM1f.jpeg\" alt=\"Lentotekniikan tohtori Bohdan Dolintse kertoo, ett\u00e4 Ukraina kehitt\u00e4\u00e4 yh\u00e4 tarkempia drooneja.\"\/><\/p>\n<p>\n                Lentotekniikan tohtori Bohdan Dolintse kertoo, ett\u00e4 Ukraina kehitt\u00e4\u00e4 yh\u00e4 tarkempia drooneja.\n              <\/p>\n<p>\n                Kuva: Antti Aimo-Koivisto \/ Lehtikuva\n              <\/p>\n<p class=\"article__paragraph\">\n      Ukraina on t\u00e4n\u00e4 vuonna pystynyt iskem\u00e4\u00e4n drooneilla t\u00e4rke\u00e4\u00e4n infrastruktuuriin syv\u00e4ll\u00e4 Ven\u00e4j\u00e4ll\u00e4. Nyt Ukrainassa kehitet\u00e4\u00e4n aiempaa laadukkaampia ja tarkempia drooneja, jotta niill\u00e4 saataisiin aikaiseksi aiempaa enemm\u00e4n. N\u00e4in sanoo lentotekniikan tohtori Bohdan Dolintse ukrainalaisesta Johtamisen ja strategian instituutista.\n    <\/p>\n<p class=\"article__paragraph\">\n      Dolintse kertoo, ett\u00e4 aiemmin Ukrainassa haluttiin kasvattaa droonien m\u00e4\u00e4r\u00e4\u00e4. Nyt niiden tarkkuutta halutaan parantaa erilaisilla sensoreilla. Tunnistimilla voitaisiin havaita yh\u00e4 tehokkaammin ven\u00e4l\u00e4ist\u00e4 kalustoa, joka on tarkoitettu havaitsemaan Ukrainan drooneja.\n    <\/p>\n<p class=\"article__paragraph\">\n      \u2013\u2009Nyt tavoitteena ei ole l\u00e4hett\u00e4\u00e4 enemm\u00e4n drooneja, vaan tuhota enemm\u00e4n n\u00e4it\u00e4 laitteita Ven\u00e4j\u00e4ll\u00e4, jotta useampi drooni saavuttaisi kohteensa, Dolintse sanoi STT:lle Ukrainan p\u00e4\u00e4kaupungissa Kiovassa elokuussa.\n    <\/p>\n<p class=\"article__paragraph\">\n      \u2013\u2009Jos vihollinen ei n\u00e4e drooneja, se ei voi tuhota niit\u00e4.\n    <\/p>\n<p>      Drooni, joka ymm\u00e4rt\u00e4\u00e4 olosuhteet<\/p>\n<p class=\"article__paragraph\">\n      Ukraina on maailman edell\u00e4k\u00e4vij\u00f6it\u00e4 droonikehityksess\u00e4. Sodan takia Ukrainassa pystyt\u00e4\u00e4n nopeasti tuottamaan uutta teknologiaa, jonka testaaminen laboratorio-olosuhteissa voisi vied\u00e4 kuukausia. Euroopassa halutaankin tehd\u00e4 drooniyhteisty\u00f6t\u00e4 Ukrainan kanssa.\n    <\/p>\n<p class=\"article__paragraph\">\n      Dolintse sanoo, ett\u00e4 yksi drooniteollisuuden t\u00e4rkeist\u00e4 trendeist\u00e4 t\u00e4ll\u00e4 hetkell\u00e4 on droonien itsen\u00e4isyys. Se tarkoittaa esimerkiksi, ett\u00e4 droonit voivat jatkaa teht\u00e4vi\u00e4\u00e4n silloinkin, kun niill\u00e4 ei ole yhteytt\u00e4 verkkoon tai ohjaajaan. Samalla drooneja kehitet\u00e4\u00e4n my\u00f6s autonomiseen p\u00e4\u00e4t\u00f6ksentekoon, jos esimerkiksi olosuhteet tai kohde vaihtuvat.\n    <\/p>\n<p class=\"article__paragraph\">\n      \u2013\u2009T\u00e4m\u00e4 synnytt\u00e4\u00e4 eettisi\u00e4 kysymyksi\u00e4, koska t\u00e4ss\u00e4 kehityksen vaiheessa droonit voivat tehd\u00e4 virheit\u00e4 ja osua v\u00e4\u00e4r\u00e4\u00e4n paikkaan tai ihmisiin, joihin ei ollut tarkoitus osua.\n    <\/p>\n<p class=\"article__paragraph\">\n      Dolintsen mukaan Ukrainassa ei ole valmiita lains\u00e4\u00e4d\u00e4nn\u00f6llisi\u00e4 ratkaisuja eettisiin kysymyksiin esimerkiksi vastuusta. H\u00e4n huomauttaa, ett\u00e4 drooniteknologian eettiset kysymykset teko\u00e4lyst\u00e4 ja droonien itsen\u00e4isyydest\u00e4 eiv\u00e4t ole ainoastaan Ukrainan asia, vaan koko maailman.\n    <\/p>\n<p>      Ukraina pystynee iskem\u00e4\u00e4n yh\u00e4 kauemmaksi<\/p>\n<p class=\"article__paragraph\">\n      Droonien halutaan voivan lent\u00e4\u00e4 yh\u00e4 kauemmaksi, olipa kyse keskipitk\u00e4n- tai pitk\u00e4nkantaman robottilennokeista. Pitk\u00e4nkantaman droonit ovat Dolintsen mukaan ik\u00e4\u00e4n kuin kalliiden ohjusten ja lyhyemm\u00e4n kantaman droonien v\u00e4limuoto.\n    <\/p>\n<p class=\"article__paragraph\">\n      \u2013\u2009Syv\u00e4lle iskevien droonien matkaenn\u00e4tys on toistaiseksi 3\u2009000 kilometri\u00e4. Ensi vuonna kantama voi olla jopa 5\u2009000 kilometri\u00e4.\n    <\/p>\n<p class=\"article__paragraph\">\n      Ukrainalaisdrooneja on t\u00e4n\u00e4 vuonna harhautunut Suomeen ja Baltian maihin.\n    <\/p>\n<p class=\"article__paragraph\">\n      Lyhyemm\u00e4n kantaman drooneja k\u00e4ytet\u00e4\u00e4n esimerkiksi sotarintamalla. Ukrainan rintamalla puhutaan kymmeni\u00e4 kilometrej\u00e4 leve\u00e4st\u00e4 tappovy\u00f6hykkeest\u00e4, jossa droonit ik\u00e4\u00e4n kuin saalistavat taivaalla. Vy\u00f6hykkeell\u00e4 kumpikaan osapuoli ei droonien takia pysty etenem\u00e4\u00e4n. Dolintse arvioi, ett\u00e4 vy\u00f6hyke kasvaa yli 50 kilometriin.\n    <\/p>\n<p class=\"article__paragraph\">\n      \u2013\u2009Kun aiemmin rintaman leveys oli muutaman kilometrin suuntaansa, nyt se on muutamia kymmeni\u00e4 kilometrej\u00e4, Dolintse t\u00e4sment\u00e4\u00e4.\n    <\/p>\n<p class=\"article__paragraph\">\n      Tappovy\u00f6hykkeen er\u00e4ill\u00e4 alueilla ihmiset eiv\u00e4t voi olla lainkaan. Kun vy\u00f6hyke kasvaa, saattavat t\u00e4llaiset alueet yleisty\u00e4 entisest\u00e4\u00e4n.\n    <\/p>\n<p class=\"article__paragraph\">\n      Dolintse kuitenkin muistuttaa, ett\u00e4 tappovy\u00f6hykkeell\u00e4 droonien t\u00e4ytyy olla suhteellisen edullisia.\n    <\/p>\n<p class=\"article__paragraph\">\n      \u2013\u2009Jos tappovy\u00f6hykett\u00e4 laajennetaan, sen yll\u00e4pidon hinta kasvaa eksponentiaalisesti.\n    <\/p>\n<p>      Drooneja avaruuteen<\/p>\n<p class=\"article__paragraph\">\n      Er\u00e4iden ennusteiden mukaan<strong> <\/strong>seuraava iso sota olisi k\u00e4yty verkossa. Samalla on<strong> <\/strong>esitetty<strong> <\/strong>arvioita, joiden mukaan itsen\u00e4iset droonit sotisivat pian kesken\u00e4\u00e4n.\n    <\/p>\n<p class=\"article__paragraph\">\n      Ukrainan sota on n\u00e4ytt\u00e4nyt, ett\u00e4 esimerkiksi ilmaiskut ja niiden vaikutukset siviiliv\u00e4est\u00f6\u00f6n ovat yh\u00e4 merkitt\u00e4v\u00e4 osa sodank\u00e4ynti\u00e4.\n    <\/p>\n<p class=\"article__paragraph\">\n      \u2013\u2009Perinteinen sodank\u00e4ynti ei ole kadonnut, Dolintse huomauttaa.\n    <\/p>\n<p class=\"article__paragraph\">\n      Drooneja k\u00e4ytet\u00e4\u00e4n todenn\u00e4k\u00f6isesti tulevaisuudessa my\u00f6s avaruudessa, tutkija arvioi.\n    <\/p>\n<p class=\"article__paragraph\">\n      \u2013\u2009Avaruudessa on kriittist\u00e4 satelliittiteknologiaa, joka esimerkiksi auttaa ohjaamaan Maassa olevia drooneja reaaliajassa, Dolintse kuvailee.\n    <\/p>\n<p class=\"article__paragraph\">\n      H\u00e4n ennakoi, ett\u00e4 tulevaisuudessa voisi olla drooneja, jotka tuhoavat satelliitteja tai h\u00e4iritsev\u00e4t niit\u00e4 jollain tavalla.\n    <\/p>\n","protected":false},"excerpt":{"rendered":"Lentotekniikan tohtori Bohdan Dolintse kertoo, ett\u00e4 Ukraina kehitt\u00e4\u00e4 yh\u00e4 tarkempia drooneja. Kuva: Antti Aimo-Koivisto \/ Lehtikuva Ukraina on&hellip;\n","protected":false},"author":2,"featured_media":341804,"comment_status":"","ping_status":"","sticky":false,"template":"","format":"standard","meta":{"footnotes":"","_share_on_mastodon":"0"},"categories":[14],"tags":[22,23,26,27,33,31,30,17,24,25,28,29,15,18,21,32,19,20,56,16,59,60,61],"class_list":["post-341803","post","type-post","status-publish","format-standard","has-post-thumbnail","category-ulkomaat","tag-breaking-news","tag-breakingnews","tag-featured-news","tag-featurednews","tag-fi","tag-finland","tag-finnish","tag-headlines","tag-latest-news","tag-latestnews","tag-main-news","tag-mainnews","tag-news","tag-otsikot","tag-paauutiset","tag-suomi","tag-top-stories","tag-topstories","tag-ulkomaat","tag-uutiset","tag-world","tag-world-news","tag-worldnews"],"share_on_mastodon":{"url":"https:\/\/pubeurope.com\/@fi\/117216231640184539","error":""},"_links":{"self":[{"href":"https:\/\/www.europesays.com\/fi\/wp-json\/wp\/v2\/posts\/341803","targetHints":{"allow":["GET"]}}],"collection":[{"href":"https:\/\/www.europesays.com\/fi\/wp-json\/wp\/v2\/posts"}],"about":[{"href":"https:\/\/www.europesays.com\/fi\/wp-json\/wp\/v2\/types\/post"}],"author":[{"embeddable":true,"href":"https:\/\/www.europesays.com\/fi\/wp-json\/wp\/v2\/users\/2"}],"replies":[{"embeddable":true,"href":"https:\/\/www.europesays.com\/fi\/wp-json\/wp\/v2\/comments?post=341803"}],"version-history":[{"count":0,"href":"https:\/\/www.europesays.com\/fi\/wp-json\/wp\/v2\/posts\/341803\/revisions"}],"wp:featuredmedia":[{"embeddable":true,"href":"https:\/\/www.europesays.com\/fi\/wp-json\/wp\/v2\/media\/341804"}],"wp:attachment":[{"href":"https:\/\/www.europesays.com\/fi\/wp-json\/wp\/v2\/media?parent=341803"}],"wp:term":[{"taxonomy":"category","embeddable":true,"href":"https:\/\/www.europesays.com\/fi\/wp-json\/wp\/v2\/categories?post=341803"},{"taxonomy":"post_tag","embeddable":true,"href":"https:\/\/www.europesays.com\/fi\/wp-json\/wp\/v2\/tags?post=341803"}],"curies":[{"name":"wp","href":"https:\/\/api.w.org\/{rel}","templated":true}]}}