{"id":341805,"date":"2026-09-05T03:08:11","date_gmt":"2026-09-05T03:08:11","guid":{"rendered":"https:\/\/www.europesays.com\/fi\/341805\/"},"modified":"2026-09-05T03:08:11","modified_gmt":"2026-09-05T03:08:11","slug":"juko-ry-yt-neuvottelut-pohjois-pohjanmaan-hyvinvointialueen-yt-neuvottelut-paattyivat-tyot-loppumassa-yli-500lta","status":"publish","type":"post","link":"https:\/\/www.europesays.com\/fi\/341805\/","title":{"rendered":"JUKO ry \/ Yt-neuvottelut | Pohjois-Pohjanmaan hyvinvointialueen yt-neuvottelut p\u00e4\u00e4ttyiv\u00e4t \u2013 ty\u00f6t loppumassa yli 500:lta"},"content":{"rendered":"<p>Henkil\u00f6st\u00f6\u00e4 neuvotteluissa edustaneet j\u00e4rjest\u00f6t korostavat, ett\u00e4 muutokset hyvinvointialueella vaikuttavat sen toimintaan.<\/p>\n<p>Pohjois-\u200bPohjanmaan hyvinvointialueen Pohteen kes\u00e4kuun puolen v\u00e4lin tienoilla alkaneet yt-neuvottelut p\u00e4\u00e4ttyiv\u00e4t 28. elokuuta.<\/p>\n<p>Tuotannollis-taloudellisten yhteistoimintaneuvottelujen piiriss\u00e4 oli koko hyvinvointialueen henkil\u00f6st\u00f6 eli noin 18\u202f000 henkil\u00f6\u00e4. Neuvottelujen lopputulemana ty\u00f6suhde p\u00e4\u00e4ttyy enint\u00e4\u00e4n 511 henkil\u00f6lt\u00e4, suoria irtisanomisia joukossa on 302.<\/p>\n<p>Henkil\u00f6st\u00f6leikkaukset osuvat nyt paljolti JUKOn j\u00e4senliittojen j\u00e4seniin johtaja-\u200b, esihenkil\u00f6-\u200b ja asiantuntijateht\u00e4viss\u00e4 sek\u00e4 hallinnossa ja tukipalveluissa. Jo aiemmissa yt-neuvotteluissa johdon ja hallinnon teht\u00e4vi\u00e4 on v\u00e4hennetty my\u00f6s yhteens\u00e4 yli 200 henkil\u00f6ty\u00f6vuodella.<\/p>\n<p>Irtisanomisten lis\u00e4ksi hyvinvointialue v\u00e4hent\u00e4\u00e4 henkil\u00f6st\u00f6\u00e4\u00e4n muun muassa el\u00e4k\u00f6itymisten kautta ja p\u00e4\u00e4tt\u00e4m\u00e4ll\u00e4 m\u00e4\u00e4r\u00e4aikaisuudet. My\u00f6s lomautukset ja osa-\u200b\u00adaikaistamiset ovat mahdollisia.<\/p>\n<p>Jukolainen p\u00e4\u00e4luottamusedustaja <strong>Jaana Pikkupeura<\/strong> kertoo, ett\u00e4 Pohteen yt-neuvottelujen lopputuloksen vaikutuksista viel\u00e4 ole konkreetista tietoa.<\/p>\n<p>Henkil\u00f6st\u00f6\u00e4 neuvotteluissa edustaneet j\u00e4rjest\u00f6t korostavat, ett\u00e4 muutokset hyvinvointialueella vaikuttavat sen toimintaan.<\/p>\n<p>JUKOn p\u00e4\u00e4luottamusedustajat huomauttivat my\u00f6s erikseen, ett\u00e4 ty\u00f6nantajan esitt\u00e4m\u00e4t toimenpiteet edellytt\u00e4v\u00e4t selke\u00e4\u00e4 suunnitelmaa siit\u00e4, miten toiminnot sovitetaan v\u00e4heneviin henkil\u00f6st\u00f6resursseihin.<\/p>\n<p>Yt-neuvottelujen alkamisesta l\u00e4htien Pohteella on ollut rekrytointikielto. T\u00e4n\u00e4 aikana avautuneita tai neuvottelujen j\u00e4lkeen avautuvia teht\u00e4vi\u00e4 voidaan tarjota irtisanottaville henkil\u00f6ille, mik\u00e4 mahdollisesti pienent\u00e4\u00e4 irtisanottavien m\u00e4\u00e4r\u00e4\u00e4.<\/p>\n<p>Pohde on kertonut, ett\u00e4 sopeutuksella se tavoittelee henkil\u00f6st\u00f6kuluihin 30 miljoonan euron leikkausta vuonna 2027.<\/p>\n<p>\u25ca\u25ca\u25ca<\/p>\n<p><strong>Mik\u00e4 Julkisalan koulutettujen neuvotteluj\u00e4rjest\u00f6 JUKO?<\/strong><\/p>\n<ul>\n<li>JUKO edustaa virka- ja ty\u00f6ehtosopimusneuvotteluissa 36:ta akavalaista ammattiliittoa, joilla on julkisaloilla yhteens\u00e4 200 000 j\u00e4sent\u00e4.<\/li>\n<li>Ty\u00f6paikoilla 3 300 jukolaista luottamusmiest\u00e4\/luottamusedustajaa edustaa kaikkien JUKO-liittojen j\u00e4seni\u00e4 ja neuvottelee paikallisesti.<\/li>\n<li>Neuvotteluj\u00e4rjest\u00f6 sopii liittojen j\u00e4senten virka- ja ty\u00f6suhteiden ehdoista ja palkoista kunnissa, hyvinvointialueilla, valtiolla, yliopistoissa, evankelis\u2013luterilaisessa kirkossa sek\u00e4 KT:n yrityssektorilla, Kansallisgalleriassa ja Ty\u00f6terveyslaitoksella.<\/li>\n<li>JUKOn j\u00e4senliitot edustavat julkisaloilla muun muassa asiantuntijoita, tutkijoita, esihenkil\u00f6it\u00e4 tai johtoteht\u00e4viss\u00e4 ty\u00f6skentelevi\u00e4.<\/li>\n<\/ul>\n","protected":false},"excerpt":{"rendered":"Henkil\u00f6st\u00f6\u00e4 neuvotteluissa edustaneet j\u00e4rjest\u00f6t korostavat, ett\u00e4 muutokset hyvinvointialueella vaikuttavat sen toimintaan. Pohjois-\u200bPohjanmaan hyvinvointialueen Pohteen kes\u00e4kuun puolen v\u00e4lin tienoilla&hellip;\n","protected":false},"author":2,"featured_media":341806,"comment_status":"","ping_status":"","sticky":false,"template":"","format":"standard","meta":{"footnotes":"","_share_on_mastodon":"0"},"categories":[12],"tags":[22,23,26,27,33,31,30,17,24,25,28,29,15,18,21,32,19,20,16],"class_list":["post-341805","post","type-post","status-publish","format-standard","has-post-thumbnail","category-suomi","tag-breaking-news","tag-breakingnews","tag-featured-news","tag-featurednews","tag-fi","tag-finland","tag-finnish","tag-headlines","tag-latest-news","tag-latestnews","tag-main-news","tag-mainnews","tag-news","tag-otsikot","tag-paauutiset","tag-suomi","tag-top-stories","tag-topstories","tag-uutiset"],"share_on_mastodon":{"url":"https:\/\/pubeurope.com\/@fi\/117216235057975888","error":""},"_links":{"self":[{"href":"https:\/\/www.europesays.com\/fi\/wp-json\/wp\/v2\/posts\/341805","targetHints":{"allow":["GET"]}}],"collection":[{"href":"https:\/\/www.europesays.com\/fi\/wp-json\/wp\/v2\/posts"}],"about":[{"href":"https:\/\/www.europesays.com\/fi\/wp-json\/wp\/v2\/types\/post"}],"author":[{"embeddable":true,"href":"https:\/\/www.europesays.com\/fi\/wp-json\/wp\/v2\/users\/2"}],"replies":[{"embeddable":true,"href":"https:\/\/www.europesays.com\/fi\/wp-json\/wp\/v2\/comments?post=341805"}],"version-history":[{"count":0,"href":"https:\/\/www.europesays.com\/fi\/wp-json\/wp\/v2\/posts\/341805\/revisions"}],"wp:featuredmedia":[{"embeddable":true,"href":"https:\/\/www.europesays.com\/fi\/wp-json\/wp\/v2\/media\/341806"}],"wp:attachment":[{"href":"https:\/\/www.europesays.com\/fi\/wp-json\/wp\/v2\/media?parent=341805"}],"wp:term":[{"taxonomy":"category","embeddable":true,"href":"https:\/\/www.europesays.com\/fi\/wp-json\/wp\/v2\/categories?post=341805"},{"taxonomy":"post_tag","embeddable":true,"href":"https:\/\/www.europesays.com\/fi\/wp-json\/wp\/v2\/tags?post=341805"}],"curies":[{"name":"wp","href":"https:\/\/api.w.org\/{rel}","templated":true}]}}