{"id":341807,"date":"2026-09-05T03:09:21","date_gmt":"2026-09-05T03:09:21","guid":{"rendered":"https:\/\/www.europesays.com\/fi\/341807\/"},"modified":"2026-09-05T03:09:21","modified_gmt":"2026-09-05T03:09:21","slug":"turkulaiset-ja-helsinkilaiset-hidastavat-lauantaina-liikennetta-tampereella-paikalliset","status":"publish","type":"post","link":"https:\/\/www.europesays.com\/fi\/341807\/","title":{"rendered":"Turkulaiset ja helsinkil\u00e4iset hidastavat lauantaina liikennett\u00e4 Tampereella | Paikalliset"},"content":{"rendered":"<p>Tampereella j\u00e4rjestett\u00e4v\u00e4 jalkapallon Suomen cupin loppuottelu FC Interin ja HJK:n v\u00e4lill\u00e4 tuo mukanaan kannattajamarssin, joka hidastaa liikennett\u00e4 Tammelan alueella lauantaina.<\/p>\n<p>Poliisin mukaan liikennehaittaa on odotettavissa erityisesti Rautatienkadun ja Tammelan alueella noin kello 16\u201317.15.<\/p>\n<p>Liikenteen hidastuminen koskee my\u00f6s julkista liikennett\u00e4, joten alueella liikkuvien kannattaa varautua viiv\u00e4styksiin. Poliisi ohjaa liikennett\u00e4 tapahtuman ajan, ja alueella on normaalia enemm\u00e4n poliisipartioita otteluun liittyen.<\/p>\n","protected":false},"excerpt":{"rendered":"Tampereella j\u00e4rjestett\u00e4v\u00e4 jalkapallon Suomen cupin loppuottelu FC Interin ja HJK:n v\u00e4lill\u00e4 tuo mukanaan kannattajamarssin, joka hidastaa liikennett\u00e4 Tammelan&hellip;\n","protected":false},"author":2,"featured_media":341808,"comment_status":"","ping_status":"","sticky":false,"template":"","format":"standard","meta":{"footnotes":"","_share_on_mastodon":"0"},"categories":[5],"tags":[22,23,26,27,33,31,30,17,43,42,24,25,121,41,28,29,15,18,21,54,32,551,712,19,20,16],"class_list":["post-341807","post","type-post","status-publish","format-standard","has-post-thumbnail","category-otsikot","tag-breaking-news","tag-breakingnews","tag-featured-news","tag-featurednews","tag-fi","tag-finland","tag-finnish","tag-headlines","tag-jalkapallo","tag-jalkapalloon-perustuvat-lajit","tag-latest-news","tag-latestnews","tag-liikenne-ja-kuljetus","tag-liikunta-ja-urheilu","tag-main-news","tag-mainnews","tag-news","tag-otsikot","tag-paauutiset","tag-pelastuspalvelut","tag-suomi","tag-tampere","tag-tampereen-seutukunta","tag-top-stories","tag-topstories","tag-uutiset"],"share_on_mastodon":{"url":"https:\/\/pubeurope.com\/@fi\/117216239088694132","error":""},"_links":{"self":[{"href":"https:\/\/www.europesays.com\/fi\/wp-json\/wp\/v2\/posts\/341807","targetHints":{"allow":["GET"]}}],"collection":[{"href":"https:\/\/www.europesays.com\/fi\/wp-json\/wp\/v2\/posts"}],"about":[{"href":"https:\/\/www.europesays.com\/fi\/wp-json\/wp\/v2\/types\/post"}],"author":[{"embeddable":true,"href":"https:\/\/www.europesays.com\/fi\/wp-json\/wp\/v2\/users\/2"}],"replies":[{"embeddable":true,"href":"https:\/\/www.europesays.com\/fi\/wp-json\/wp\/v2\/comments?post=341807"}],"version-history":[{"count":0,"href":"https:\/\/www.europesays.com\/fi\/wp-json\/wp\/v2\/posts\/341807\/revisions"}],"wp:featuredmedia":[{"embeddable":true,"href":"https:\/\/www.europesays.com\/fi\/wp-json\/wp\/v2\/media\/341808"}],"wp:attachment":[{"href":"https:\/\/www.europesays.com\/fi\/wp-json\/wp\/v2\/media?parent=341807"}],"wp:term":[{"taxonomy":"category","embeddable":true,"href":"https:\/\/www.europesays.com\/fi\/wp-json\/wp\/v2\/categories?post=341807"},{"taxonomy":"post_tag","embeddable":true,"href":"https:\/\/www.europesays.com\/fi\/wp-json\/wp\/v2\/tags?post=341807"}],"curies":[{"name":"wp","href":"https:\/\/api.w.org\/{rel}","templated":true}]}}