{"id":341809,"date":"2026-09-05T03:10:15","date_gmt":"2026-09-05T03:10:15","guid":{"rendered":"https:\/\/www.europesays.com\/fi\/341809\/"},"modified":"2026-09-05T03:10:15","modified_gmt":"2026-09-05T03:10:15","slug":"tutkijat-luonto-ei-kesta-datakeskusten-aiheuttamaa-kasvavaa-energiankulutusta-kotimaa","status":"publish","type":"post","link":"https:\/\/www.europesays.com\/fi\/341809\/","title":{"rendered":"Tutkijat: Luonto ei kest\u00e4 datakeskusten aiheuttamaa kasvavaa energian\u00adkulutusta | Kotimaa"},"content":{"rendered":"<ul class=\"aw__sc-1yb43iq-0 gFXHv yle__article__list yle__article__list--ul\">\n<li class=\"aw__sc-1yb43iq-1 gVAzbt\">Datakeskusten kasvu vaarantaa vihre\u00e4n s\u00e4hk\u00f6n ymp\u00e4rist\u00f6hy\u00f6dyt, sanovat kolme tutkijaa. S\u00e4hk\u00f6nkulutus voi kasvaa 40 prosenttia viidess\u00e4 vuodessa.<\/li>\n<li class=\"aw__sc-1yb43iq-1 gVAzbt\">Asiantuntijoiden mukaan vihre\u00e4 s\u00e4hk\u00f6 pit\u00e4isi kohdentaa fossiilista energiaa k\u00e4ytt\u00e4v\u00e4n teollisuuden p\u00e4\u00e4st\u00f6jen v\u00e4hent\u00e4miseen.<\/li>\n<li class=\"aw__sc-1yb43iq-1 gVAzbt\">Vihre\u00e4 siirtym\u00e4 fossiilisten energianl\u00e4hteiden korvaamista uusiutuvilla.<\/li>\n<li class=\"aw__sc-1yb43iq-1 gVAzbt\">Asiantuntijoiden mukaan tuuli- ja aurinkovoiman lis\u00e4rakentaminen uuden kulutuksen vuoksi ei ole vihre\u00e4\u00e4 siirtym\u00e4\u00e4.<\/li>\n<li class=\"aw__sc-1yb43iq-1 gVAzbt\">Tuuli- ja aurinkovoimalat lis\u00e4\u00e4v\u00e4t luontokatoa ja pirstovat el\u00e4inten elinymp\u00e4rist\u00f6j\u00e4.<\/li>\n<\/ul>\n<p class=\"aw__sc-1qwuw0s-0 aw__sc-ngllmo-0 epAWpq fzYpjk yle__article__paragraph\">Datakeskusbuumi vaarantaa Suomen vihre\u00e4n s\u00e4hk\u00f6n tuotannon ymp\u00e4rist\u00f6hy\u00f6dyt. N\u00e4in arvioivat energiantuotannon kest\u00e4vyyteen perehtyneet tutkijat.<\/p>\n<p class=\"aw__sc-1qwuw0s-0 aw__sc-ngllmo-0 epAWpq fzYpjk yle__article__paragraph\"><a class=\"aw__sc-ngllmo-1 bTDnwX yle__article__link\" href=\"https:\/\/www.fingrid.fi\/ajankohtaista\/tiedotteet\/2026\/sahkonkulutus-on-kaantymassa-voimakkaaseen-kasvuun--rinnalle-tarvitaan-lisaa-saatovoimaa\/\" role=\"link\" rel=\"nofollow noopener\" target=\"_blank\">S\u00e4hk\u00f6kulutus kasvaa Suomessa jopa 40 prosenttia seuraavan viiden vuoden aikana<\/a>, arvioi Fingrid. Kulutuksen kasvun syyn\u00e4 ovat erityisesti datakeskukset ja s\u00e4hk\u00f6kattilahankkeet.<\/p>\n<p class=\"aw__sc-1qwuw0s-0 aw__sc-ngllmo-0 epAWpq fzYpjk yle__article__paragraph\">Datakeskuksia <a class=\"aw__sc-ngllmo-1 bTDnwX yle__article__link\" href=\"https:\/\/yle.fi\/a\/74-20242796\" role=\"link\" rel=\"nofollow noopener\" target=\"_blank\">luvittaneiden kuntien johtajat<\/a> ja energia-alan toimijat uskovat, ett\u00e4 energian kulutuksen kasvu on hyv\u00e4 asia, koska se lis\u00e4\u00e4 uusiutuvan energian tuotantoa ja vauhdittaa vihre\u00e4\u00e4 siirtym\u00e4\u00e4.<\/p>\n<p class=\"aw__sc-1qwuw0s-0 aw__sc-ngllmo-0 epAWpq fzYpjk yle__article__paragraph\">K\u00e4yt\u00e4nn\u00f6ss\u00e4 t\u00e4m\u00e4 tarkoittaa <a class=\"aw__sc-ngllmo-1 bTDnwX yle__article__link\" href=\"https:\/\/yle.fi\/a\/74-20220564\" role=\"link\" rel=\"nofollow noopener\" target=\"_blank\">uusien tuulivoimaloiden ja aurinkovoimaloiden rakentamista<\/a>.<\/p>\n<p><img decoding=\"async\" alt=\"Datakeskuksen ty\u00f6maan s\u00e4hk\u00f6nsiirtorakennuksia rakennetaan.\" src=\"https:\/\/www.europesays.com\/fi\/wp-content\/uploads\/2026\/09\/1787826813.jpeg\" class=\"aw__sc-dklauk-0 LPzKX\"\/><\/p>\n<p class=\"aw__sc-1qwuw0s-0 aw__sc-ngllmo-0 epAWpq fzYpjk yle__article__paragraph\">Yle haastatteli kolmea tutkijaa, jotka ovat perehtyneet energiantuotannon kest\u00e4vyyteen. <strong class=\"aw__sc-ngllmo-2 gdRrun yle__article__strong\">Heid\u00e4n mukaansa s\u00e4hk\u00f6nkulutusta ei voi lis\u00e4t\u00e4 loputtomiin, vaikka se tuotettaisiin uusiutuvilla energianl\u00e4hteill\u00e4:<\/strong><\/p>\n<p>Video: Dani Branhtin \/ Yle, Juha-Petri Koponen \/ YleLuonnonvarakeskuksen professori: Luonnon monimuotoisuus uhattuna<\/p>\n<p class=\"aw__sc-1qwuw0s-0 aw__sc-ngllmo-0 epAWpq fzYpjk yle__article__paragraph\">Luonnonvarakeskuksen mets\u00e4ekologian professori <strong class=\"aw__sc-ngllmo-2 gdRrun yle__article__strong\">Anne Tolvanen<\/strong> on perehtynyt energiantuotannon ymp\u00e4rist\u00f6vaikutuksiin maank\u00e4yt\u00f6n kannalta. H\u00e4n suhtautuu pense\u00e4sti ajatukseen siit\u00e4, ett\u00e4 energiankulutuksen kasvattaminen lis\u00e4isi vihre\u00e4n s\u00e4hk\u00f6n tuotantoa kest\u00e4v\u00e4sti.<\/p>\n<p class=\"aw__sc-1qwuw0s-0 aw__sc-ngllmo-0 epAWpq fzYpjk yle__article__paragraph\">H\u00e4n sanoo, ett\u00e4 tuuli- ja aurinkovoimaloiden sek\u00e4 s\u00e4hk\u00f6n siirtoon tarvittavien linjojen rakentaminen j\u00e4tt\u00e4v\u00e4t usein alleen rakentamatonta luontoa. Se v\u00e4hent\u00e4\u00e4 luonnon monimuotoisuutta.<\/p>\n<p class=\"aw__sc-1qwuw0s-0 aw__sc-ngllmo-0 epAWpq fzYpjk yle__article__paragraph\">Tuulivoiman rakentaminen lis\u00e4\u00e4 Tolvasen mukaan mets\u00e4katoa ja pirstoo el\u00e4inlajien elinymp\u00e4rist\u00f6j\u00e4. S\u00e4hk\u00f6linjat ja niiden huoltamiseen vaadittavat tiet vaativat jopa laajempia pinta-aloja kuin tuulivoimalat.<\/p>\n<p><img decoding=\"async\" alt=\"Anne Tolvanen henkil\u00f6kuvassa, taustalla laboratorioteknikko Linda Mutanen ja tutkimusassistentti Markus Pietarinen.\" src=\"https:\/\/www.europesays.com\/fi\/wp-content\/uploads\/2026\/09\/1786013831.jpeg\" loading=\"lazy\" class=\"aw__sc-dklauk-0 LPzKX\"\/><\/p>\n<p>Avaa kuvien katselu<\/p>\n<p>Luonnonvarakeskuksen mets\u00e4ekologian professori Anne Tolvanen sanoo, ett\u00e4 datakeskusten yleistyminen on niin uusi ilmi\u00f6, ett\u00e4 tutkimus niiden ymp\u00e4rist\u00f6vaikutuksista on j\u00e4\u00e4nyt takamatkalle.  Kuva: Timo Valtteri Sihvonen \/ Yle<\/p>\n<p class=\"aw__sc-1qwuw0s-0 aw__sc-ngllmo-0 epAWpq fzYpjk yle__article__paragraph\">Aurinkovoimalat vaativat tuulivoimaa enemm\u00e4n pinta-alaa. Tolvanen sanoo, ett\u00e4 on sin\u00e4ns\u00e4 hyv\u00e4, ett\u00e4 niit\u00e4 rakennetaan esimerkiksi entisille turvesoille. Mutta jos t\u00e4m\u00e4 edellytt\u00e4\u00e4 ojittamista, se voi heikent\u00e4\u00e4 puolestaan j\u00e4rvien tilaa, kun ravinne- ja humuspitoinen vesi rehev\u00f6itt\u00e4\u00e4 ja tummentaa j\u00e4rvien vesi\u00e4.<\/p>\n<p class=\"aw__sc-1qwuw0s-0 aw__sc-ngllmo-0 epAWpq fzYpjk yle__article__paragraph\">Tolvanen pit\u00e4\u00e4 hyv\u00e4n\u00e4, jos datakeskuksia tai voimaloita rakennetaan alueille, joissa luonto on jo taantunut ja joissa on ennest\u00e4\u00e4n rakentamista tai muuta maank\u00e4ytt\u00f6\u00e4.<\/p>\n<p class=\"aw__sc-1qwuw0s-0 aw__sc-ngllmo-0 epAWpq fzYpjk yle__article__paragraph\">Tolvanen sanoo, ett\u00e4 datakeskusten ja uusiutuvan s\u00e4hk\u00f6ntuotannon vaikutuksia ymp\u00e4rist\u00f6lle ei ole ehditty viel\u00e4 tutkia kovin tarkkaan. Yht\u00e4l\u00f6 vaikuttaa hankalalta.<\/p>\n<p class=\"aw__sc-1qwuw0s-0 aw__sc-ngllmo-0 epAWpq fzYpjk yle__article__paragraph\">\u2013 Her\u00e4tt\u00e4isin kysymyksen, onko mik\u00e4\u00e4n kehitys kest\u00e4v\u00e4\u00e4, jos se perustuu jatkuvaan tuotannon lis\u00e4\u00e4misen tai s\u00e4hk\u00f6nkulutuksen lis\u00e4\u00e4ntymisen varaan. Vaikka se s\u00e4hk\u00f6ntuotanto olisi vihre\u00e4t\u00e4 tuuli- ja aurinkovoiman avulla tuotettua, Tolvanen pohtii.<\/p>\n<p><img decoding=\"async\" alt=\"Mets\u00e4kone seisoo avohakatulla alueella, tien vieress\u00e4 kasvaa tihe\u00e4\u00e4 mets\u00e4\u00e4.\" src=\"https:\/\/www.europesays.com\/fi\/wp-content\/uploads\/2026\/09\/1787744226.jpeg\" loading=\"lazy\" class=\"aw__sc-dklauk-0 LPzKX\"\/><\/p>\n<p>Avaa kuvien katselu<\/p>\n<p>Forssassa raivataan mets\u00e4\u00e4 datakeskuksen tielt\u00e4. Kuva: Dani Branthin \/ YleIlmastopaneelin puheenjohtaja: vihre\u00e4 s\u00e4hk\u00f6 p\u00e4\u00e4st\u00f6j\u00e4 v\u00e4hent\u00e4ville ratkaisuille<\/p>\n<p class=\"aw__sc-1qwuw0s-0 aw__sc-ngllmo-0 epAWpq fzYpjk yle__article__paragraph\">Suomen Ilmastopaneelin puheenjohtaja <strong class=\"aw__sc-ngllmo-2 gdRrun yle__article__strong\">Jyri Sepp\u00e4l\u00e4<\/strong> sanoo, ett\u00e4 vihre\u00e4n s\u00e4hk\u00f6n varaaminen datakeskusten k\u00e4ytt\u00f6\u00f6n ei ole vihre\u00e4\u00e4 siirtym\u00e4\u00e4.<\/p>\n<p class=\"aw__sc-1qwuw0s-0 aw__sc-ngllmo-0 epAWpq fzYpjk yle__article__paragraph\">Sepp\u00e4l\u00e4n mielest\u00e4 uusiutuvan s\u00e4hk\u00f6n kapasiteettia tulisi ohjata sellaisen teollisuuden k\u00e4ytt\u00f6\u00f6n, jossa se v\u00e4hent\u00e4isi p\u00e4\u00e4st\u00f6j\u00e4 tehokkaimmin.<\/p>\n<p><img decoding=\"async\" alt=\"Silm\u00e4lasip\u00e4inen, harmaahiuksinen mies katsoo kameraan.\" src=\"https:\/\/www.europesays.com\/fi\/wp-content\/uploads\/2026\/09\/1775641761.jpeg\" loading=\"lazy\" class=\"aw__sc-dklauk-0 LPzKX\"\/><\/p>\n<p>Avaa kuvien katselu<\/p>\n<p>Ilmastopaneelin puheenjohtaja, Suomen ymp\u00e4rist\u00f6keskuksen professori Jyri Sepp\u00e4l\u00e4 sanoo, ett\u00e4 huomiota pit\u00e4isi keskitt\u00e4\u00e4 nykyist\u00e4 enemm\u00e4n energian s\u00e4\u00e4st\u00e4miseen, ei sen tuotannon lis\u00e4\u00e4miseen. Kuva: Anni Savolainen \/ Yle<\/p>\n<p class=\"aw__sc-1qwuw0s-0 aw__sc-ngllmo-0 epAWpq fzYpjk yle__article__paragraph\">H\u00e4n korostaa, ett\u00e4 vihre\u00e4 siirtym\u00e4 tarvitsee puhdasta, uusiutuvaa energiaa. Sit\u00e4 pit\u00e4isi k\u00e4ytt\u00e4\u00e4 niin, ett\u00e4 p\u00e4\u00e4st\u00f6v\u00e4hennykset ovat mahdollisimman suuret ja tuotannosta aiheutuvat haitat perusteltavissa.<\/p>\n<p class=\"aw__sc-1qwuw0s-0 aw__sc-ngllmo-0 epAWpq fzYpjk yle__article__paragraph\">\u2013 Suomessa huomio on koko ajan ollut liikaa energiatuotannossa. Meid\u00e4n pit\u00e4isi katsoa my\u00f6s energian k\u00e4yt\u00f6n tehokkuus- ja s\u00e4\u00e4st\u00f6n\u00e4k\u00f6kulmaa, ja saada sill\u00e4 t\u00e4m\u00e4 kokonaisuus toimimaan paremmin, Sepp\u00e4l\u00e4 sanoo.<\/p>\n<p><img decoding=\"async\" alt=\"S\u00e4hk\u00f6linjoja ja niiden ter\u00e4spylv\u00e4iss\u00e4 olevia s\u00e4hk\u00f6eristeit\u00e4 kuvattuna alhaalta yl\u00f6s.\" src=\"https:\/\/www.europesays.com\/fi\/wp-content\/uploads\/2026\/09\/1755156503.jpeg\" loading=\"lazy\" class=\"aw__sc-dklauk-0 LPzKX\"\/><\/p>\n<p>Avaa kuvien katselu<\/p>\n<p>Luonnonvarakeskuksen selvitysten mukaan s\u00e4hk\u00f6linjat ja niiden huoltamiseen vaadittavat tiet viev\u00e4t enemm\u00e4n pinta-alaa, kuin esimerkiksi tuulivoimalat. Kuva: Jari Kovalainen \/ YleKest\u00e4vyyspaneelin puheenjohtaja: uusiutuva energia loppuu kesken<\/p>\n<p class=\"aw__sc-1qwuw0s-0 aw__sc-ngllmo-0 epAWpq fzYpjk yle__article__paragraph\">Kest\u00e4vyyspaneelin puheenjohtaja, LUT-yliopiston professori <strong class=\"aw__sc-ngllmo-2 gdRrun yle__article__strong\">Lassi Linnanen<\/strong> pit\u00e4\u00e4 vihre\u00e4n s\u00e4hk\u00f6n k\u00e4ytt\u00e4mist\u00e4 datakeskuksiin typer\u00e4n\u00e4.<\/p>\n<p class=\"aw__sc-1qwuw0s-0 aw__sc-ngllmo-0 epAWpq fzYpjk yle__article__paragraph\">H\u00e4n sanoo, ett\u00e4 yhteiskunnan v\u00e4ltt\u00e4m\u00e4tt\u00f6m\u00e4n kulutuksen j\u00e4lkeen ylij\u00e4\u00e4v\u00e4 s\u00e4hk\u00f6 tulisi k\u00e4ytt\u00e4\u00e4 korvaamaan fossiilisia energial\u00e4hteit\u00e4 paikoissa, joissa suora korvattavuus s\u00e4hk\u00f6ll\u00e4 ei ole yksinkertaista.<\/p>\n<p class=\"aw__sc-1qwuw0s-0 aw__sc-ngllmo-0 epAWpq fzYpjk yle__article__paragraph\">Esimerkiksi h\u00e4n nostaa lannoitetuotannon, jossa ammoniakin tuotannossa k\u00e4ytett\u00e4v\u00e4n maakaasun voisi korvata vihre\u00e4ll\u00e4 vedyll\u00e4.<\/p>\n<p class=\"aw__sc-1qwuw0s-0 aw__sc-ngllmo-0 epAWpq fzYpjk yle__article__paragraph\">Linnanen sanoo, ett\u00e4 edes uusiutuva energia ei ole loputonta.<\/p>\n<p class=\"aw__sc-1qwuw0s-0 aw__sc-ngllmo-0 epAWpq fzYpjk yle__article__paragraph\">\u2013 Samanaikaisesti, kun teemme tuotannon muutoksen pois fossiilisista uusiutuvista, pit\u00e4\u00e4 mietti\u00e4 tarkkaan, mihin energia k\u00e4ytet\u00e4\u00e4n, mihin se energiam\u00e4\u00e4r\u00e4 k\u00e4ytet\u00e4\u00e4n. T\u00e4ll\u00e4 hetkell\u00e4 \u00e4lyllinen rehellisyys loistaa poissaolollaan siit\u00e4 pohdinnasta, ett\u00e4 energiakin on rajallista, Linnanen sanoo.<\/p>\n<p><img decoding=\"async\" alt=\"Professori Lassi Linnanen LUT-yliopistosta.\" src=\"https:\/\/www.europesays.com\/fi\/wp-content\/uploads\/2026\/09\/1578558816.jpeg\" loading=\"lazy\" class=\"aw__sc-dklauk-0 LPzKX\"\/><\/p>\n<p>Avaa kuvien katselu<\/p>\n<p>LUT-yliopiston professori Lassi Linnanen on Kest\u00e4vyyspaneelin puheenjohtaja.  Kuva: yle\/Anna D\u00f6nsberg<\/p>\n<p class=\"aw__sc-1qwuw0s-0 aw__sc-ngllmo-0 epAWpq fzYpjk yle__article__paragraph\">H\u00e4n arvostelee p\u00e4\u00e4tt\u00e4ji\u00e4 siit\u00e4, ett\u00e4 he v\u00e4lttelev\u00e4t vastuuta. Linnanen sanoo, ett\u00e4 liian usein p\u00e4\u00e4tt\u00e4j\u00e4t eiv\u00e4t ohjaa datakeskusp\u00e4\u00e4t\u00f6ksi\u00e4 suuntaan, joka olisi kest\u00e4vyyskriisin kannalta v\u00e4ltt\u00e4m\u00e4t\u00f6nt\u00e4.<\/p>\n<p class=\"aw__sc-1qwuw0s-0 aw__sc-ngllmo-0 epAWpq fzYpjk yle__article__paragraph\">\u2013 Se on silmiinpist\u00e4v\u00e4\u00e4. Usein vastaus on, ett\u00e4 markkinat hoitavat. Sekin on p\u00e4\u00e4t\u00f6s, ett\u00e4 ei ohjata asioita poliittisesti sellaiseen suuntaan, joka olisi monikriisien ratkaisun kannalta v\u00e4ltt\u00e4m\u00e4t\u00f6nt\u00e4.<\/p>\n<p class=\"aw__sc-1qwuw0s-0 aw__sc-ngllmo-0 epAWpq fzYpjk yle__article__paragraph\">P\u00e4\u00e4tt\u00e4m\u00e4tt\u00e4 j\u00e4tt\u00e4minen on my\u00f6s p\u00e4\u00e4t\u00f6s, Linnanen sanoo.<\/p>\n<p class=\"aw__sc-1qwuw0s-0 aw__sc-ngllmo-0 epAWpq fzYpjk yle__article__paragraph\">\u2013 Ja p\u00e4\u00e4t\u00f6sten j\u00e4tt\u00e4minen markkinoille on p\u00e4\u00e4t\u00f6s olla p\u00e4\u00e4tt\u00e4m\u00e4tt\u00e4.<\/p>\n","protected":false},"excerpt":{"rendered":"Datakeskusten kasvu vaarantaa vihre\u00e4n s\u00e4hk\u00f6n ymp\u00e4rist\u00f6hy\u00f6dyt, sanovat kolme tutkijaa. S\u00e4hk\u00f6nkulutus voi kasvaa 40 prosenttia viidess\u00e4 vuodessa. Asiantuntijoiden mukaan&hellip;\n","protected":false},"author":2,"featured_media":341810,"comment_status":"","ping_status":"","sticky":false,"template":"","format":"standard","meta":{"footnotes":"","_share_on_mastodon":"0"},"categories":[117],"tags":[2038,33,31,30,1776,71,72,1099,476,1268,1431,118,32,119,15367,8229,42131,15368,477],"class_list":["post-341809","post","type-post","status-publish","format-standard","has-post-thumbnail","category-luonto","tag-energia","tag-fi","tag-finland","tag-finnish","tag-ilmastonmuutos","tag-kotimaa","tag-luonto","tag-luontokato","tag-nature","tag-paijat-hame","tag-palvelinkeskukset","tag-science","tag-suomi","tag-tiede","tag-uusiutuvan-energian-teknologia","tag-uusiutuvat-energialahteet","tag-vihrea-sahko","tag-vihrea-siirtyma","tag-wildlife"],"share_on_mastodon":{"url":"https:\/\/pubeurope.com\/@fi\/117216243330668991","error":""},"_links":{"self":[{"href":"https:\/\/www.europesays.com\/fi\/wp-json\/wp\/v2\/posts\/341809","targetHints":{"allow":["GET"]}}],"collection":[{"href":"https:\/\/www.europesays.com\/fi\/wp-json\/wp\/v2\/posts"}],"about":[{"href":"https:\/\/www.europesays.com\/fi\/wp-json\/wp\/v2\/types\/post"}],"author":[{"embeddable":true,"href":"https:\/\/www.europesays.com\/fi\/wp-json\/wp\/v2\/users\/2"}],"replies":[{"embeddable":true,"href":"https:\/\/www.europesays.com\/fi\/wp-json\/wp\/v2\/comments?post=341809"}],"version-history":[{"count":0,"href":"https:\/\/www.europesays.com\/fi\/wp-json\/wp\/v2\/posts\/341809\/revisions"}],"wp:featuredmedia":[{"embeddable":true,"href":"https:\/\/www.europesays.com\/fi\/wp-json\/wp\/v2\/media\/341810"}],"wp:attachment":[{"href":"https:\/\/www.europesays.com\/fi\/wp-json\/wp\/v2\/media?parent=341809"}],"wp:term":[{"taxonomy":"category","embeddable":true,"href":"https:\/\/www.europesays.com\/fi\/wp-json\/wp\/v2\/categories?post=341809"},{"taxonomy":"post_tag","embeddable":true,"href":"https:\/\/www.europesays.com\/fi\/wp-json\/wp\/v2\/tags?post=341809"}],"curies":[{"name":"wp","href":"https:\/\/api.w.org\/{rel}","templated":true}]}}