{"id":341813,"date":"2026-09-05T03:28:12","date_gmt":"2026-09-05T03:28:12","guid":{"rendered":"https:\/\/www.europesays.com\/fi\/341813\/"},"modified":"2026-09-05T03:28:12","modified_gmt":"2026-09-05T03:28:12","slug":"tama-luku-kertoo-kaiken-jokerien-paluusta","status":"publish","type":"post","link":"https:\/\/www.europesays.com\/fi\/341813\/","title":{"rendered":"T\u00e4m\u00e4 luku kertoo kaiken Jokerien paluusta"},"content":{"rendered":"<p>Jokerit-ilmi\u00f6 kiinnostaa Suomessa, se n\u00e4htiin Vaasassa ja n\u00e4hd\u00e4\u00e4n Raumalla. L\u00e4tk\u00e4podissa kerrotaan, mit\u00e4 asioita SM-liigan puheenjohtajat syyskuun 1. ja 2. p\u00e4iv\u00e4n palaverissaan k\u00e4sitteliv\u00e4t.<\/p>\n<p class=\"paragraph\">Jokerien liigapaluu tapahtui viimein pitkien puheiden ja odotuksen j\u00e4lkeen tiistaina 1. syyskuuta Vaasassa.<\/p>\n<p class=\"paragraph\">Is\u00e4nt\u00e4ryhm\u00e4 Sport voitti historiallisen pelin voittolaukausten j\u00e4lkeen numeroin 5\u20134, mutta lopputulos ei ollut pelin t\u00e4rkein anti.<\/p>\n<p class=\"paragraph\">Numeroita t\u00e4rke\u00e4mp\u00e4\u00e4 oli se, ett\u00e4 Vaasan S\u00e4hk\u00f6 -areenassa oli 5\u202f200 katsojaa kauniina syyskuun ensimm\u00e4isen p\u00e4iv\u00e4n iltana.<\/p>\n<p class=\"paragraph\">Se on 799 katsojaa enemm\u00e4n kuin vuosi sitten Sportin kauden ensimm\u00e4isess\u00e4 kotipeliss\u00e4 ja per\u00e4ti 2\u202f721 silm\u00e4paria enemm\u00e4n kuin kauden 2022\u201323 avauspeliss\u00e4 Vaasassa.<\/p>\n<p class=\"paragraph\">\u2013 Tunnelma hallissa oli erinomainen. Jokerien omat fanit pitiv\u00e4t hyv\u00e4\u00e4 meteli\u00e4 yll\u00e4 ja Sportin fanip\u00e4\u00e4ty vastasi siihen hienosti. Peliss\u00e4 oli aidon ja oikean urheilutapahtuman meininki ja Jokerit kiinnostaa eri kaupungeissa \u2013 ainakin Vaasan pelin perusteella, sanoo ottelua paikan p\u00e4\u00e4ll\u00e4 Vaasassa seurannut L\u00e4tk\u00e4podin toinen juontaja <strong>Timo Kunnari<\/strong>.<\/p>\n<p class=\"paragraph\">Jokerit vet\u00e4\u00e4 my\u00f6s Rauman hallin t\u00e4yteen lauantaina 5. syyskuuta.<\/p>\n<p>Pomojen palaveri<img decoding=\"async\" class=\"image image-show image-preview\" src=\"https:\/\/www.europesays.com\/fi\/wp-content\/uploads\/2026\/09\/b30b75dabe54652e2f127dd759709af424c9ef0649d898b500c8561a59f6d273.jpg\" alt=\"\"\/><img decoding=\"async\" class=\"image image-show\" src=\"https:\/\/www.europesays.com\/fi\/wp-content\/uploads\/2026\/09\/1788578892_328_b30b75dabe54652e2f127dd759709af424c9ef0649d898b500c8561a59f6d273.jpg\" alt=\"\"\/><\/p>\n<p>Joni Ortio ja Vaasan Sport tuulettivat avauspelin voitto Jokereista. PASI SUOKKO \/ AOP<\/p>\n<p class=\"paragraph\">SM-liigan isot pomot eli puheenjohtajat pitiv\u00e4t palaveriaan Vierum\u00e4ell\u00e4 syyskuun kahtena ensimm\u00e4isen\u00e4 p\u00e4iv\u00e4n\u00e4.<\/p>\n<p class=\"paragraph\">Aiheina olivat muun muassa osakassopimus ja putoavien osakkaiden lunastamismallit \u2013 siihen Liigalta pit\u00e4\u00e4 todenn\u00e4k\u00f6isesti l\u00f6yty\u00e4 6,6 miljoonaa euroa.<\/p>\n<p class=\"paragraph\">\u2013 Kokous sujui asiallisissa merkeiss\u00e4, eik\u00e4 siell\u00e4 tehty viel\u00e4 p\u00e4\u00e4t\u00f6ksi\u00e4. Konkreettisten p\u00e4\u00e4t\u00f6sten aika on marraskuun kokouksessa. Saa n\u00e4hd\u00e4, onko siell\u00e4 tunnelma yht\u00e4 sopuisa, Kunnari miettii.<\/p>\n<p class=\"paragraph\">Toinen juontaja <strong>Mikko R\u00e4s\u00e4nen<\/strong> ottaa jaksossa kiinni muun muassa Tapparan <a href=\"https:\/\/www.iltalehti.fi\/henkilot\/Oliver Suvanto\" class=\"article-link-person-page\" rel=\"nofollow noopener\" target=\"_blank\">Oliver Suvantoon<\/a> ja <a href=\"https:\/\/www.iltalehti.fi\/henkilot\/Juho Piiparinen\" class=\"article-link-person-page\" rel=\"nofollow noopener\" target=\"_blank\">Juho Piipariseen<\/a>.<\/p>\n<p class=\"paragraph\">Voit kuunnella koko SM-liiga-aiheisen jakson <a href=\"https:\/\/open.spotify.com\/episode\/7IpAk6cZy7ZDli8SH9pT0p?si=7ccb491b6ca54797\" rel=\"noopener nofollow\" target=\"_blank\">t\u00e4\u00e4lt\u00e4<\/a>.<\/p>\n<p>Tapparan Oliver Suvanto on pelaamassa isoa l\u00e4pimurtokautta. AOP \/ TOMI NATRI<\/p>\n","protected":false},"excerpt":{"rendered":"Jokerit-ilmi\u00f6 kiinnostaa Suomessa, se n\u00e4htiin Vaasassa ja n\u00e4hd\u00e4\u00e4n Raumalla. L\u00e4tk\u00e4podissa kerrotaan, mit\u00e4 asioita SM-liigan puheenjohtajat syyskuun 1. ja&hellip;\n","protected":false},"author":2,"featured_media":341814,"comment_status":"","ping_status":"","sticky":false,"template":"","format":"standard","meta":{"footnotes":"","_share_on_mastodon":"0"},"categories":[158],"tags":[35,1144,1274,33,31,30,1143,41,159,32,1145,160],"class_list":["post-341813","post","type-post","status-publish","format-standard","has-post-thumbnail","category-urheilu","tag-24h","tag-ammattilaisjaakiekko","tag-ammattiurheilu","tag-fi","tag-finland","tag-finnish","tag-jaakiekko","tag-liikunta-ja-urheilu","tag-sports","tag-suomi","tag-talviurheilu","tag-urheilu"],"share_on_mastodon":{"url":"https:\/\/pubeurope.com\/@fi\/117216314106144781","error":""},"_links":{"self":[{"href":"https:\/\/www.europesays.com\/fi\/wp-json\/wp\/v2\/posts\/341813","targetHints":{"allow":["GET"]}}],"collection":[{"href":"https:\/\/www.europesays.com\/fi\/wp-json\/wp\/v2\/posts"}],"about":[{"href":"https:\/\/www.europesays.com\/fi\/wp-json\/wp\/v2\/types\/post"}],"author":[{"embeddable":true,"href":"https:\/\/www.europesays.com\/fi\/wp-json\/wp\/v2\/users\/2"}],"replies":[{"embeddable":true,"href":"https:\/\/www.europesays.com\/fi\/wp-json\/wp\/v2\/comments?post=341813"}],"version-history":[{"count":0,"href":"https:\/\/www.europesays.com\/fi\/wp-json\/wp\/v2\/posts\/341813\/revisions"}],"wp:featuredmedia":[{"embeddable":true,"href":"https:\/\/www.europesays.com\/fi\/wp-json\/wp\/v2\/media\/341814"}],"wp:attachment":[{"href":"https:\/\/www.europesays.com\/fi\/wp-json\/wp\/v2\/media?parent=341813"}],"wp:term":[{"taxonomy":"category","embeddable":true,"href":"https:\/\/www.europesays.com\/fi\/wp-json\/wp\/v2\/categories?post=341813"},{"taxonomy":"post_tag","embeddable":true,"href":"https:\/\/www.europesays.com\/fi\/wp-json\/wp\/v2\/tags?post=341813"}],"curies":[{"name":"wp","href":"https:\/\/api.w.org\/{rel}","templated":true}]}}