{"id":341819,"date":"2026-09-05T03:33:20","date_gmt":"2026-09-05T03:33:20","guid":{"rendered":"https:\/\/www.europesays.com\/fi\/341819\/"},"modified":"2026-09-05T03:33:20","modified_gmt":"2026-09-05T03:33:20","slug":"andrew-tate-virallisesti-syytteeseen-romaniassa","status":"publish","type":"post","link":"https:\/\/www.europesays.com\/fi\/341819\/","title":{"rendered":"Andrew Tate virallisesti syytteeseen Romaniassa"},"content":{"rendered":"<p><strong class=\"typography-bold\">Andrew Tatea ja h\u00e4nen velje\u00e4\u00e4n Tristania ep\u00e4ill\u00e4\u00e4n muun muassa alaik\u00e4isten ihmiskaupasta ja seksuaalisesta hyv\u00e4ksik\u00e4yt\u00f6st\u00e4. Veljekset kiist\u00e4v\u00e4t kaikki syyt\u00f6kset.<\/strong><\/p>\n<p>Romaniassa syytt\u00e4j\u00e4t ovat nostaneet virallisesti syytteet sosiaalisen median vaikuttaja <strong class=\"typography-bold\">Andrew Tatea<\/strong> vastaan, kertovat useat mediat, muun muassa Reuters ja <a class=\"underline\" data-testid=\"external-link\" href=\"https:\/\/www.independent.co.uk\/news\/world\/europe\/andrew-tate-jail-indicted-romania-trafficking-b3044668.html?utm_source=taboola&amp;utm_medium=editorial-push\" rel=\"noopener nofollow\" target=\"_blank\">The Independent<\/a>.<\/p>\n<p>Tatea syytet\u00e4\u00e4n muun muassa alaik\u00e4isten ihmiskaupasta, rahanpesusta, seksist\u00e4 alaik\u00e4isen kanssa ja todistajien painostamisesta. H\u00e4nen velje\u00e4\u00e4n <strong class=\"typography-bold\">Tristan Tatea<\/strong> syytet\u00e4\u00e4n avunannosta ep\u00e4iltyihin rikoksiin.<\/p>\n<p>Syytt\u00e4jien mukaan veljekset v\u00e4rv\u00e4siv\u00e4t uhrejaan houkuttelemalla heit\u00e4 valheellisilla lupauksilla parisuhteesta tai avioliitosta. Viranomaisten mukaan uhreja painostettiin tuottamaan pornografista sis\u00e4lt\u00f6\u00e4 verkkokamerapalveluun.<\/p>\n<p>Taten veljekset ovat kiist\u00e4neet kaikki syyt\u00f6kset. Heid\u00e4n asianajajansa mukaan puolustus aikoo k\u00e4yd\u00e4 syyteaineiston ja oikeudellisen menettelyn tarkasti l\u00e4pi sek\u00e4 riitauttaa mahdolliset puutteet.<\/p>\n<p><strong class=\"typography-bold\">T\u00e4st\u00e4 on kyse<\/strong><\/p>\n<p>Andrew ja Tristan Tate ovat olleet Romanian viranomaisten tutkittavina joulukuusta 2022 l\u00e4htien. Veljekset asuivat p\u00e4\u00e4osin Romaniassa vuodesta 2017 alkaen. Heit\u00e4 on tutkittu muun muassa j\u00e4rjest\u00e4ytyneen rikollisryhm\u00e4n muodostamisesta ja ihmiskaupasta.<\/p>\n<p>Aiemmassa tapauksessa Bukarestin muutoksenhakutuomioistuin palautti asian syytt\u00e4jille vuonna 2024. Tuomioistuin katsoi muun muassa, ett\u00e4 syyteasiakirjoissa ja menettelyss\u00e4 oli ongelmia, ja osa todisteista poistettiin aineistosta.<\/p>\n","protected":false},"excerpt":{"rendered":"Andrew Tatea ja h\u00e4nen velje\u00e4\u00e4n Tristania ep\u00e4ill\u00e4\u00e4n muun muassa alaik\u00e4isten ihmiskaupasta ja seksuaalisesta hyv\u00e4ksik\u00e4yt\u00f6st\u00e4. Veljekset kiist\u00e4v\u00e4t kaikki syyt\u00f6kset.&hellip;\n","protected":false},"author":2,"featured_media":341820,"comment_status":"","ping_status":"","sticky":false,"template":"","format":"standard","meta":{"footnotes":"","_share_on_mastodon":"0"},"categories":[14],"tags":[22,23,26,27,33,31,30,17,24,25,28,29,15,18,21,32,19,20,56,16,59,60,61],"class_list":["post-341819","post","type-post","status-publish","format-standard","has-post-thumbnail","category-ulkomaat","tag-breaking-news","tag-breakingnews","tag-featured-news","tag-featurednews","tag-fi","tag-finland","tag-finnish","tag-headlines","tag-latest-news","tag-latestnews","tag-main-news","tag-mainnews","tag-news","tag-otsikot","tag-paauutiset","tag-suomi","tag-top-stories","tag-topstories","tag-ulkomaat","tag-uutiset","tag-world","tag-world-news","tag-worldnews"],"share_on_mastodon":{"url":"https:\/\/pubeurope.com\/@fi\/117216333336895871","error":""},"_links":{"self":[{"href":"https:\/\/www.europesays.com\/fi\/wp-json\/wp\/v2\/posts\/341819","targetHints":{"allow":["GET"]}}],"collection":[{"href":"https:\/\/www.europesays.com\/fi\/wp-json\/wp\/v2\/posts"}],"about":[{"href":"https:\/\/www.europesays.com\/fi\/wp-json\/wp\/v2\/types\/post"}],"author":[{"embeddable":true,"href":"https:\/\/www.europesays.com\/fi\/wp-json\/wp\/v2\/users\/2"}],"replies":[{"embeddable":true,"href":"https:\/\/www.europesays.com\/fi\/wp-json\/wp\/v2\/comments?post=341819"}],"version-history":[{"count":0,"href":"https:\/\/www.europesays.com\/fi\/wp-json\/wp\/v2\/posts\/341819\/revisions"}],"wp:featuredmedia":[{"embeddable":true,"href":"https:\/\/www.europesays.com\/fi\/wp-json\/wp\/v2\/media\/341820"}],"wp:attachment":[{"href":"https:\/\/www.europesays.com\/fi\/wp-json\/wp\/v2\/media?parent=341819"}],"wp:term":[{"taxonomy":"category","embeddable":true,"href":"https:\/\/www.europesays.com\/fi\/wp-json\/wp\/v2\/categories?post=341819"},{"taxonomy":"post_tag","embeddable":true,"href":"https:\/\/www.europesays.com\/fi\/wp-json\/wp\/v2\/tags?post=341819"}],"curies":[{"name":"wp","href":"https:\/\/api.w.org\/{rel}","templated":true}]}}