{"id":341821,"date":"2026-09-05T03:34:18","date_gmt":"2026-09-05T03:34:18","guid":{"rendered":"https:\/\/www.europesays.com\/fi\/341821\/"},"modified":"2026-09-05T03:34:18","modified_gmt":"2026-09-05T03:34:18","slug":"yle-kelan-johtaja-lopettaisi-kotihoidontuen-kokonaan-%e2%88%92-tama-on-hyvin-pitkalti-naiskysymys-uutiset-kotimaasta-ja-maailmalta","status":"publish","type":"post","link":"https:\/\/www.europesays.com\/fi\/341821\/","title":{"rendered":"Yle: Kelan johtaja lopettaisi kotihoidontuen kokonaan \u2212 \u201dT\u00e4m\u00e4 on hyvin pitk\u00e4lti naiskysymys\u201d &#8211; Uutiset kotimaasta ja maailmalta"},"content":{"rendered":"<p>Kotihoidontukea voi saada alle kolmevuotiaasta lapsesta, joka ei ole kunnallisessa p\u00e4iv\u00e4hoidossa.<\/p>\n<p><a class=\"ArticleImage-module-scss-module__sLOAyq__imageContainer\" href=\"https:\/\/www.europesays.com\/fi\/wp-content\/uploads\/2026\/09\/Vhi-RS0WNXtJXWzYFouvafHXjtw.jpg\"><img decoding=\"async\" src=\"https:\/\/www.europesays.com\/fi\/wp-content\/uploads\/2026\/09\/Vhi-RS0WNXtJXWzYFouvafHXjtw.jpg\" alt=\"Kelan johtaja Kirsi Varhila pit\u00e4\u00e4 kotihoidontukea aikansa el\u00e4neen\u00e4.\" loading=\"lazy\"\/><\/a><\/p>\n<p>Kelan johtaja Kirsi Varhila pit\u00e4\u00e4 kotihoidontukea aikansa el\u00e4neen\u00e4.\u00a0Kuva: Jaana Kankaanp\u00e4\u00e4<\/p>\n<p class=\"RichTextParagraph-module-scss-module__EA2ZEa__richTextParagraph undefined\">Kelan uusi johtaja <strong id=\"strong-5efa6f466b9e6af1c612a4b71ee6f72a\">Kirsi Varhila<\/strong> ottaa Ylen haastattelussa tiukasti kantaa kotihoidontukeen. H\u00e4n nimitt\u00e4in <a href=\"https:\/\/yle.fi\/a\/74-20244159\" id=\"link-51acc467f404dcf8379932a1f71812ad\" rel=\"nofollow noopener\" target=\"_blank\">lakkauttaisi nykymuotoisen kotihoidontuen kokonaan<\/a> ja korvaisi sen muilla tukimuodoilla.<\/p>\n<p class=\"RichTextParagraph-module-scss-module__EA2ZEa__richTextParagraph undefined\">\u201dKotihoidon tuen k\u00e4ytt\u00f6 on selv\u00e4sti v\u00e4hentynyt. Kymmenen vuotta sitten oli 110 000 k\u00e4ytt\u00e4j\u00e4\u00e4 ja nyt noin 60 000\u201d, Varhila sanoo.<\/p>\n<p class=\"RichTextParagraph-module-scss-module__EA2ZEa__richTextParagraph undefined\">Varhilan mielest\u00e4 kotihoidontukea tulisi muuttaa osana lapsiperheiden etuisuuksien laajempaa tarkastelua.<\/p>\n<p class=\"RichTextParagraph-module-scss-module__EA2ZEa__richTextParagraph undefined\">Kotihoidontuki perustettiin 1980-luvulla vaihtoehdoksi kunnalliselle p\u00e4iv\u00e4hoidolle. Ylen uutisessa mainitaan, ett\u00e4 t\u00e4ss\u00e4 kohderyhm\u00e4\u00e4 olivat \u201dmaatilan em\u00e4nn\u00e4t.\u201d<\/p>\n<p class=\"RichTextParagraph-module-scss-module__EA2ZEa__richTextParagraph undefined\">Varhilan mukaan vuonna 2022 voimaan astunut perhevapaauudistus, jossa annettiin molemmille vanhemmille yht\u00e4l\u00e4inen kiinti\u00f6 vanhempainvapaata, on lis\u00e4nnyt valinnanvapautta. N\u00e4in ollen se korvaa kotihoidontuen alkuper\u00e4ist\u00e4 tarkoitusta.<\/p>\n<p class=\"RichTextParagraph-module-scss-module__EA2ZEa__richTextParagraph undefined\">\u201dKotihoidon tuki on siin\u00e4 mieless\u00e4 aikansa el\u00e4nyt. Jos viel\u00e4 ajatellaan, ett\u00e4 meill\u00e4 on samanaikaisesti tullut uudet varhaiskasvatuspalvelut, joiden maksuja on alennettu.\u201d<\/p>\n<p class=\"RichTextParagraph-module-scss-module__EA2ZEa__richTextParagraph undefined\">Kotihoidontukea voi saada alle kolmevuotiaasta lapsesta, joka ei ole kunnallisessa p\u00e4iv\u00e4hoidossa. Tuki on suuruudeltaan 377,68 euroa kuukaudessa ja jokaisesta muusta alle kolmevuotiaasta saa 113,07 euroa. Summista perit\u00e4\u00e4n v\u00e4hint\u00e4\u00e4n 25 prosentin vero.<\/p>\n<p class=\"Blockquote-module-scss-module__P4be6G__text\">\u201dT\u00e4m\u00e4 on hyvin pitk\u00e4lti my\u00f6s naiskysymys, koska tuki liittyy suoraan naisten ty\u00f6llistymiseen, heid\u00e4n asemaansa ty\u00f6markkinoilla, palkkatasoon ja sit\u00e4 kautta my\u00f6s el\u00e4kkeisiin.\u201d<\/p>\n<p>Kirsi Varhila<\/p>\n<p class=\"RichTextParagraph-module-scss-module__EA2ZEa__richTextParagraph undefined\">Kotihoidontukea on kritisoitu naisten k\u00f6yhyysloukuksi. Varhilan mukaan t\u00e4m\u00e4 saa tukea tilastoista esimerkiksi siin\u00e4 suhteessa, ett\u00e4 korkeasti koulutetut ja hyv\u00e4ss\u00e4 ty\u00f6markkina-asemassa olevat k\u00e4ytt\u00e4v\u00e4t tukea huomattavasti lyhyempi\u00e4 aikoja kuin pienituloiset.<\/p>\n<p class=\"RichTextParagraph-module-scss-module__EA2ZEa__richTextParagraph undefined\">\u201dT\u00e4m\u00e4 on hyvin pitk\u00e4lti my\u00f6s naiskysymys, koska tuki liittyy suoraan naisten ty\u00f6llistymiseen, heid\u00e4n asemaansa ty\u00f6markkinoilla, palkkatasoon ja sit\u00e4 kautta my\u00f6s el\u00e4kkeisiin\u201d, Varhila sanoo.<\/p>\n<p class=\"RichTextParagraph-module-scss-module__EA2ZEa__richTextParagraph undefined\">Kotihoidontuen kannattajat taas ovat perustelleet kantaansa alhaisella syntyvyydell\u00e4. Varhilan mukaan perustelulle ei ole tukea.<\/p>\n<p class=\"RichTextParagraph-module-scss-module__EA2ZEa__richTextParagraph undefined\">\u201dKotihoidontuella ei ole merkityst\u00e4 syntyvyyteen. Syntyvyys on alhainen ja se on alenemaan p\u00e4in, mutta tuki ei muuta sit\u00e4.\u201d<\/p>\n<p class=\"RichTextParagraph-module-scss-module__EA2ZEa__richTextParagraph undefined\">Varhila aloitti Kelan johtajana elokuussa. H\u00e4n on aikaisemmin ty\u00f6skennellyt STM:n kansliap\u00e4\u00e4llikk\u00f6n\u00e4 ja Satakunnan hyvinvointialueen johtajana.<\/p>\n<p class=\"RichTextParagraph-module-scss-module__EA2ZEa__richTextParagraph undefined\"><a href=\"https:\/\/yle.fi\/a\/74-20244159\" id=\"link-b8dfe0f7fd87c50f259f37ba14bfa193\" rel=\"nofollow noopener\" target=\"_blank\">Yle: Kelan uusi johtaja lopettaisi kotihoidontuen \u2013 \u201dAikansa el\u00e4nyt\u201d<\/a><\/p>\n","protected":false},"excerpt":{"rendered":"Kotihoidontukea voi saada alle kolmevuotiaasta lapsesta, joka ei ole kunnallisessa p\u00e4iv\u00e4hoidossa. Kelan johtaja Kirsi Varhila pit\u00e4\u00e4 kotihoidontukea aikansa&hellip;\n","protected":false},"author":2,"featured_media":341822,"comment_status":"","ping_status":"","sticky":false,"template":"","format":"standard","meta":{"footnotes":"","_share_on_mastodon":"0"},"categories":[12],"tags":[22,23,26,27,33,31,30,17,24,25,28,29,15,18,21,32,19,20,16],"class_list":["post-341821","post","type-post","status-publish","format-standard","has-post-thumbnail","category-suomi","tag-breaking-news","tag-breakingnews","tag-featured-news","tag-featurednews","tag-fi","tag-finland","tag-finnish","tag-headlines","tag-latest-news","tag-latestnews","tag-main-news","tag-mainnews","tag-news","tag-otsikot","tag-paauutiset","tag-suomi","tag-top-stories","tag-topstories","tag-uutiset"],"share_on_mastodon":{"url":"https:\/\/pubeurope.com\/@fi\/117216337797830359","error":""},"_links":{"self":[{"href":"https:\/\/www.europesays.com\/fi\/wp-json\/wp\/v2\/posts\/341821","targetHints":{"allow":["GET"]}}],"collection":[{"href":"https:\/\/www.europesays.com\/fi\/wp-json\/wp\/v2\/posts"}],"about":[{"href":"https:\/\/www.europesays.com\/fi\/wp-json\/wp\/v2\/types\/post"}],"author":[{"embeddable":true,"href":"https:\/\/www.europesays.com\/fi\/wp-json\/wp\/v2\/users\/2"}],"replies":[{"embeddable":true,"href":"https:\/\/www.europesays.com\/fi\/wp-json\/wp\/v2\/comments?post=341821"}],"version-history":[{"count":0,"href":"https:\/\/www.europesays.com\/fi\/wp-json\/wp\/v2\/posts\/341821\/revisions"}],"wp:featuredmedia":[{"embeddable":true,"href":"https:\/\/www.europesays.com\/fi\/wp-json\/wp\/v2\/media\/341822"}],"wp:attachment":[{"href":"https:\/\/www.europesays.com\/fi\/wp-json\/wp\/v2\/media?parent=341821"}],"wp:term":[{"taxonomy":"category","embeddable":true,"href":"https:\/\/www.europesays.com\/fi\/wp-json\/wp\/v2\/categories?post=341821"},{"taxonomy":"post_tag","embeddable":true,"href":"https:\/\/www.europesays.com\/fi\/wp-json\/wp\/v2\/tags?post=341821"}],"curies":[{"name":"wp","href":"https:\/\/api.w.org\/{rel}","templated":true}]}}