{"id":341823,"date":"2026-09-05T03:35:16","date_gmt":"2026-09-05T03:35:16","guid":{"rendered":"https:\/\/www.europesays.com\/fi\/341823\/"},"modified":"2026-09-05T03:35:16","modified_gmt":"2026-09-05T03:35:16","slug":"armand-duplantis-vetaytyi-brysselin-timanttiliigan-finaalista","status":"publish","type":"post","link":"https:\/\/www.europesays.com\/fi\/341823\/","title":{"rendered":"Armand Duplantis vet\u00e4ytyi Brysselin Timanttiliigan finaalista"},"content":{"rendered":"<p><strong class=\"typography-bold\">Ruotsin seiv\u00e4st\u00e4hti Armand Duplantis ei hypp\u00e4\u00e4 yleisurheilun Timanttiliigan odotetussa finaalissa Brysseliss\u00e4.<\/strong><\/p>\n<p>Duplantis vet\u00e4ytyi kisasta viime hetkell\u00e4. T\u00e4htihypp\u00e4\u00e4j\u00e4 kertoi SVT:lle tunteneensa l\u00e4mmittelyss\u00e4 samanlaista kipua kuin hein\u00e4kuussa kesken j\u00e4\u00e4neess\u00e4 Lontoon kisassa.<\/p>\n<p>\u2013 On kamalaa, etten pysty kilpailemaan, Duplantis totesi.<\/p>\n<p>\u2013 Tunsin vamman Z\u00fcrichiss\u00e4 ja halusin keskeytt\u00e4\u00e4 kisan, mutta se oli liian hyv\u00e4 (kisa), mutta tunne ei ollut mukava, h\u00e4n kertoi viime viikolla hurjaksi yltyneest\u00e4 Timanttiliigan kisasta.<\/p>\n<p>Brysselin finaalista odotettiin j\u00e4lleen Duplantisin ja Kreikan Emmanouil Karalisin n\u00e4yt\u00f6st\u00e4. Z\u00fcrichiss\u00e4 ruotsalainen voitti tuloksella 625. Karalis hypp\u00e4si 620.<\/p>\n","protected":false},"excerpt":{"rendered":"Ruotsin seiv\u00e4st\u00e4hti Armand Duplantis ei hypp\u00e4\u00e4 yleisurheilun Timanttiliigan odotetussa finaalissa Brysseliss\u00e4. Duplantis vet\u00e4ytyi kisasta viime hetkell\u00e4. T\u00e4htihypp\u00e4\u00e4j\u00e4 kertoi&hellip;\n","protected":false},"author":2,"featured_media":341824,"comment_status":"","ping_status":"","sticky":false,"template":"","format":"standard","meta":{"footnotes":"","_share_on_mastodon":"0"},"categories":[5],"tags":[22,23,26,27,33,31,30,17,24,25,28,29,15,18,21,32,19,20,16],"class_list":["post-341823","post","type-post","status-publish","format-standard","has-post-thumbnail","category-otsikot","tag-breaking-news","tag-breakingnews","tag-featured-news","tag-featurednews","tag-fi","tag-finland","tag-finnish","tag-headlines","tag-latest-news","tag-latestnews","tag-main-news","tag-mainnews","tag-news","tag-otsikot","tag-paauutiset","tag-suomi","tag-top-stories","tag-topstories","tag-uutiset"],"share_on_mastodon":{"url":"https:\/\/pubeurope.com\/@fi\/117216341286946841","error":""},"_links":{"self":[{"href":"https:\/\/www.europesays.com\/fi\/wp-json\/wp\/v2\/posts\/341823","targetHints":{"allow":["GET"]}}],"collection":[{"href":"https:\/\/www.europesays.com\/fi\/wp-json\/wp\/v2\/posts"}],"about":[{"href":"https:\/\/www.europesays.com\/fi\/wp-json\/wp\/v2\/types\/post"}],"author":[{"embeddable":true,"href":"https:\/\/www.europesays.com\/fi\/wp-json\/wp\/v2\/users\/2"}],"replies":[{"embeddable":true,"href":"https:\/\/www.europesays.com\/fi\/wp-json\/wp\/v2\/comments?post=341823"}],"version-history":[{"count":0,"href":"https:\/\/www.europesays.com\/fi\/wp-json\/wp\/v2\/posts\/341823\/revisions"}],"wp:featuredmedia":[{"embeddable":true,"href":"https:\/\/www.europesays.com\/fi\/wp-json\/wp\/v2\/media\/341824"}],"wp:attachment":[{"href":"https:\/\/www.europesays.com\/fi\/wp-json\/wp\/v2\/media?parent=341823"}],"wp:term":[{"taxonomy":"category","embeddable":true,"href":"https:\/\/www.europesays.com\/fi\/wp-json\/wp\/v2\/categories?post=341823"},{"taxonomy":"post_tag","embeddable":true,"href":"https:\/\/www.europesays.com\/fi\/wp-json\/wp\/v2\/tags?post=341823"}],"curies":[{"name":"wp","href":"https:\/\/api.w.org\/{rel}","templated":true}]}}