{"id":341825,"date":"2026-09-05T03:37:02","date_gmt":"2026-09-05T03:37:02","guid":{"rendered":"https:\/\/www.europesays.com\/fi\/341825\/"},"modified":"2026-09-05T03:37:02","modified_gmt":"2026-09-05T03:37:02","slug":"itameren-tila-valtava-kalatie-ja-kesasaat-2026-saa-ja-luonto","status":"publish","type":"post","link":"https:\/\/www.europesays.com\/fi\/341825\/","title":{"rendered":"It\u00e4meren tila, valtava kalatie ja kes\u00e4s\u00e4\u00e4t 2026 | S\u00e4\u00e4 ja luonto"},"content":{"rendered":"<p>19 min \u00b7 aktualitetsprogram \u00b7 diskussionsprogram <\/p>\n<p class=\"GenericHeader_description__xIOLt GenericHeader_descriptionMinimized__fxa1L\" dir=\"auto\">It\u00e4meri-p\u00e4iv\u00e4n kunniaksi S\u00e4\u00e4 ja luonto -osiossa paneudutaan t\u00e4n\u00e4\u00e4n It\u00e4meren ja Suomen vesist\u00f6jen tilaan. Lis\u00e4ksi k\u00e4yd\u00e4\u00e4n t\u00e4n\u00e4\u00e4n avattavalla Tengeli\u00f6njoen kalatiell\u00e4 ja summataan kes\u00e4s\u00e4\u00e4t 2026. Keskustelemassa ovat meteorologi Aleksi Lohtander ja Kerttu Kotakorpi, Ylitorniolta raportoi toimittajamme Laura Valta.<\/p>\n<p>publicerad<br \/>\ntors 27.8.2026 starter<br \/>\n486 <\/p>\n<p>Dela programmetL\u00e4gg till i Min lista<\/p>\n","protected":false},"excerpt":{"rendered":"19 min \u00b7 aktualitetsprogram \u00b7 diskussionsprogram It\u00e4meri-p\u00e4iv\u00e4n kunniaksi S\u00e4\u00e4 ja luonto -osiossa paneudutaan t\u00e4n\u00e4\u00e4n It\u00e4meren ja Suomen vesist\u00f6jen&hellip;\n","protected":false},"author":2,"featured_media":341826,"comment_status":"","ping_status":"","sticky":false,"template":"","format":"standard","meta":{"footnotes":"","_share_on_mastodon":"0"},"categories":[117],"tags":[33,31,30,72,476,118,32,119,477],"class_list":["post-341825","post","type-post","status-publish","format-standard","has-post-thumbnail","category-luonto","tag-fi","tag-finland","tag-finnish","tag-luonto","tag-nature","tag-science","tag-suomi","tag-tiede","tag-wildlife"],"share_on_mastodon":{"url":"","error":""},"_links":{"self":[{"href":"https:\/\/www.europesays.com\/fi\/wp-json\/wp\/v2\/posts\/341825","targetHints":{"allow":["GET"]}}],"collection":[{"href":"https:\/\/www.europesays.com\/fi\/wp-json\/wp\/v2\/posts"}],"about":[{"href":"https:\/\/www.europesays.com\/fi\/wp-json\/wp\/v2\/types\/post"}],"author":[{"embeddable":true,"href":"https:\/\/www.europesays.com\/fi\/wp-json\/wp\/v2\/users\/2"}],"replies":[{"embeddable":true,"href":"https:\/\/www.europesays.com\/fi\/wp-json\/wp\/v2\/comments?post=341825"}],"version-history":[{"count":0,"href":"https:\/\/www.europesays.com\/fi\/wp-json\/wp\/v2\/posts\/341825\/revisions"}],"wp:featuredmedia":[{"embeddable":true,"href":"https:\/\/www.europesays.com\/fi\/wp-json\/wp\/v2\/media\/341826"}],"wp:attachment":[{"href":"https:\/\/www.europesays.com\/fi\/wp-json\/wp\/v2\/media?parent=341825"}],"wp:term":[{"taxonomy":"category","embeddable":true,"href":"https:\/\/www.europesays.com\/fi\/wp-json\/wp\/v2\/categories?post=341825"},{"taxonomy":"post_tag","embeddable":true,"href":"https:\/\/www.europesays.com\/fi\/wp-json\/wp\/v2\/tags?post=341825"}],"curies":[{"name":"wp","href":"https:\/\/api.w.org\/{rel}","templated":true}]}}