{"id":341829,"date":"2026-09-05T03:55:17","date_gmt":"2026-09-05T03:55:17","guid":{"rendered":"https:\/\/www.europesays.com\/fi\/341829\/"},"modified":"2026-09-05T03:55:17","modified_gmt":"2026-09-05T03:55:17","slug":"ilves-lupaus-otto-tiitinen-siirtyy-brittikentille","status":"publish","type":"post","link":"https:\/\/www.europesays.com\/fi\/341829\/","title":{"rendered":"Ilves-lupaus Otto Tiitinen siirtyy brittikentille"},"content":{"rendered":"<p>Charlton Athletic lainaa 18-vuotiaan nuorukaisen vuodeksi. Sopimukseen sis\u00e4ltyy osto-optio.<\/p>\n<p>4.9. 22:23<\/p>\n<p class=\"article-body mb-(--paragraph-margin-b) px-nof-16\">Ilveksen keskikentt\u00e4lupaus <a class=\"font-bold underline-offset-[0.12em] [text-decoration:var(--person-link-text-decoration)] [text-decoration-color:var(--person-link-text-decoration-color)]!\" href=\"https:\/\/www.is.fi\/haku\/?query=Otto%20Tiitinen\" rel=\"nofollow noopener\" target=\"_blank\">Otto Tiitinen<\/a> siirtyy perinteikk\u00e4\u00e4seen brittiseuraan Charlton Athleticiin vuoden mittaisella lainasopimuksella. Tiitisen, 18, lainasopimuksessa on Charltonin osto-optio.<\/p>\n<p class=\"article-body mb-(--paragraph-margin-b) px-nof-16\">Tiitisen viime talvena jatkettu sopimus Ilveksen kanssa ulottuu vuoteen 2028. Ilves-kasvatti aloittaa Lontoossa seuran U21-joukkueessa.<\/p>\n<p class=\"article-body mb-(--paragraph-margin-b) px-nof-16\">\u2013\u2009Yhdess\u00e4 Oton ja h\u00e4nen edustajiensa kanssa n\u00e4imme, ett\u00e4 t\u00e4m\u00e4 lainasopimus on pelaajan kehityksen kannalta paras vaihtoehto. Uskomme, ett\u00e4 Charltonin tarjoama kilpailullinen ymp\u00e4rist\u00f6 ja kokemus englantilaisesta jalkapallosta auttavat Ottoa saavuttamaan j\u00e4lleen seuraavan tason pelaajana, Ilveksen urheilutoimenjohtaja <a class=\"font-bold underline-offset-[0.12em] [text-decoration:var(--person-link-text-decoration)] [text-decoration-color:var(--person-link-text-decoration-color)]!\" href=\"https:\/\/www.is.fi\/haku\/?query=Iikka%20Miettinen\" rel=\"nofollow noopener\" target=\"_blank\">Iikka Miettinen<\/a> lausui seuran tiedotteessa.<\/p>\n<p><img decoding=\"async\" src=\"https:\/\/www.europesays.com\/fi\/wp-content\/uploads\/2026\/09\/1788580517_377_468.jpg\" alt=\"Otto Tiitinen (oik.) vauhdissa TPS:\u00e4\u00e4 vastaan kes\u00e4kuussa.\" class=\"_Img_1rerz_1\" style=\"aspect-ratio:1920\/1279\" loading=\"eager\"\/><\/p>\n<p class=\"font-(family-name:--picture-caption-font-family) text-(length:--picture-caption-font-size) leading-(--picture-caption-leading) font-(--picture-caption-font-weight) text-(color:--picture-caption-color) picture-with-caption__caption picture-with-caption__caption--default-full\">Otto Tiitinen (oik.) vauhdissa TPS:\u00e4\u00e4 vastaan kes\u00e4kuussa. Kuva:\u00a0Mika Kylm\u00e4niemi<\/p>\n<p class=\"article-body mb-(--paragraph-margin-b) px-nof-16\">Charlton Athleticin edustusjoukkue pelaa Englannin kakkostasolla Championshipiss\u00e4, johon se nousi viime kaudeksi. Seuran historia on mittava yli 120 vuoden ajalta. Charlton sijoittui p\u00e4\u00e4sarjassa toiseksi vuonna 1937 ja voitti FA Cupin 1947.<\/p>\n<p class=\"article-body mb-(--paragraph-margin-b) px-nof-16\">Valioliigassa Charlton Athletic on n\u00e4hty viimeksi vuosina 2000\u201307.<\/p>\n<p class=\"article-body mb-(--paragraph-margin-b) px-nof-16\">Tiitinen on edustanut Ilvest\u00e4 kuluvalla kaudella 14 liigaottelussa, joissa h\u00e4n on onnistunut kerran maalinteossa.<\/p>\n","protected":false},"excerpt":{"rendered":"Charlton Athletic lainaa 18-vuotiaan nuorukaisen vuodeksi. Sopimukseen sis\u00e4ltyy osto-optio. 4.9. 22:23 Ilveksen keskikentt\u00e4lupaus Otto Tiitinen siirtyy perinteikk\u00e4\u00e4seen brittiseuraan&hellip;\n","protected":false},"author":2,"featured_media":341830,"comment_status":"","ping_status":"","sticky":false,"template":"","format":"standard","meta":{"footnotes":"","_share_on_mastodon":"0"},"categories":[158],"tags":[33,31,30,34,159,32,160],"class_list":["post-341829","post","type-post","status-publish","format-standard","has-post-thumbnail","category-urheilu","tag-fi","tag-finland","tag-finnish","tag-ilta-sanomat","tag-sports","tag-suomi","tag-urheilu"],"share_on_mastodon":{"url":"https:\/\/pubeurope.com\/@fi\/117216420345312263","error":""},"_links":{"self":[{"href":"https:\/\/www.europesays.com\/fi\/wp-json\/wp\/v2\/posts\/341829","targetHints":{"allow":["GET"]}}],"collection":[{"href":"https:\/\/www.europesays.com\/fi\/wp-json\/wp\/v2\/posts"}],"about":[{"href":"https:\/\/www.europesays.com\/fi\/wp-json\/wp\/v2\/types\/post"}],"author":[{"embeddable":true,"href":"https:\/\/www.europesays.com\/fi\/wp-json\/wp\/v2\/users\/2"}],"replies":[{"embeddable":true,"href":"https:\/\/www.europesays.com\/fi\/wp-json\/wp\/v2\/comments?post=341829"}],"version-history":[{"count":0,"href":"https:\/\/www.europesays.com\/fi\/wp-json\/wp\/v2\/posts\/341829\/revisions"}],"wp:featuredmedia":[{"embeddable":true,"href":"https:\/\/www.europesays.com\/fi\/wp-json\/wp\/v2\/media\/341830"}],"wp:attachment":[{"href":"https:\/\/www.europesays.com\/fi\/wp-json\/wp\/v2\/media?parent=341829"}],"wp:term":[{"taxonomy":"category","embeddable":true,"href":"https:\/\/www.europesays.com\/fi\/wp-json\/wp\/v2\/categories?post=341829"},{"taxonomy":"post_tag","embeddable":true,"href":"https:\/\/www.europesays.com\/fi\/wp-json\/wp\/v2\/tags?post=341829"}],"curies":[{"name":"wp","href":"https:\/\/api.w.org\/{rel}","templated":true}]}}