{"id":341831,"date":"2026-09-05T03:56:10","date_gmt":"2026-09-05T03:56:10","guid":{"rendered":"https:\/\/www.europesays.com\/fi\/341831\/"},"modified":"2026-09-05T03:56:10","modified_gmt":"2026-09-05T03:56:10","slug":"yle-jarjestaa-tanaan-juhlat-suorassa-lahetyksessa-he-kaikki-ovat-mukana","status":"publish","type":"post","link":"https:\/\/www.europesays.com\/fi\/341831\/","title":{"rendered":"Yle j\u00e4rjest\u00e4\u00e4 t\u00e4n\u00e4\u00e4n juhlat suorassa l\u00e4hetyksess\u00e4: He kaikki ovat mukana"},"content":{"rendered":"<p>Ylen varsinainen satavuotisp\u00e4iv\u00e4 on 9. syyskuuta.<\/p>\n<p><img decoding=\"async\" class=\"image image-show image-preview\" src=\"https:\/\/www.europesays.com\/fi\/wp-content\/uploads\/2026\/09\/2eb3a968a295a33870cca40e204f2193227802baa94d83e0fd9195d1dc0a61c5.jpg\" alt=\"\"\/><img decoding=\"async\" class=\"image image-show\" src=\"https:\/\/www.europesays.com\/fi\/wp-content\/uploads\/2026\/09\/1788580570_13_2eb3a968a295a33870cca40e204f2193227802baa94d83e0fd9195d1dc0a61c5.jpg\" alt=\"\"\/><\/p>\n<p>P\u00e4iv\u00e4n p\u00e4\u00e4juhla alkaa TV1:ll\u00e4 ja Areenassa kello 19.00. Yle<\/p>\n<p class=\"paragraph\">Yle t\u00e4ytt\u00e4\u00e4 ensi keskiviikkona sata vuotta. Syntym\u00e4p\u00e4iv\u00e4juhlat j\u00e4rjestet\u00e4\u00e4n etuk\u00e4teen jo t\u00e4n\u00e4\u00e4n.<\/p>\n<p class=\"paragraph\">Juhlapaikkana toimii Helsingiss\u00e4 sijaitseva Veikkaus-areena, joka on tunnettu my\u00f6s Hartwall-areenana ja Helsinki-hallina. Siell\u00e4 toteutetaan nelj\u00e4 ohjelmaa suorana l\u00e4hetyksen\u00e4 el\u00e4v\u00e4n yleis\u00f6n edess\u00e4 ja kanssa. Kolme niist\u00e4 n\u00e4hd\u00e4\u00e4n my\u00f6s perinteisen tv:n puolella, yksi ainoastaan Areenassa.<\/p>\n<p class=\"paragraph\">P\u00e4iv\u00e4n aloittaa Pikku Kakkosen &amp; BUU-klubbenin: 100-vuotissyntt\u00e4rit \u2013 100 \u00e5rskalas kello 11.00 TV2:lla. Lastenohjelmien rakastetut hahmot ja juontajat, kuten Nalle, Leikki-Heikki, BUU-Klumpen, <strong>Susanna<\/strong>, <strong>Iina<\/strong> ja <strong>Jaakko<\/strong>, nousevat lavalle Pikku Kakkosen Leikkiorkesterin ly\u00f6dess\u00e4 tahtia.<\/p>\n<p class=\"paragraph\">Kello 17.15 toimittajat <strong>Pyry Vaismaa<\/strong> ja <strong>Jaakko Oleander<\/strong> esittelev\u00e4t katsojille juhlapaikkaa ainoastaan Areenassa. Ohjelman nimi on Jaakon ja Pyryn seikkailulive Yle 100 -areenalla. Tutuksi tulee Yle-katu, mink\u00e4 lis\u00e4ksi vastataan katsojien kysymyksiin.<\/p>\n<p>Sonja Kailassaari, Jenni Poikelus ja Mikko Kek\u00e4l\u00e4inen juontavat Yle 100 -show&#8217;n. Anne H\u00e4m\u00e4l\u00e4inen, Yle<\/p>\n<p class=\"paragraph\">P\u00e4\u00e4juhla Yle 100 -show alkaa Ykk\u00f6sell\u00e4 kello 19.00. Yle 100 show&#8217;n artistit ovat <strong>Diandra<\/strong>, <strong>Mirella<\/strong>, <strong>Erika Vikman<\/strong>, <strong>K\u00e4\u00e4rij\u00e4<\/strong>, <strong>Jenni Vartiainen<\/strong>, <strong>Anna Puu<\/strong>, JVG, <strong>Lauri Mikkola<\/strong>, <strong>Maria Ylip\u00e4\u00e4<\/strong> ja <strong>Hector<\/strong>. Show&#8217;ssa on mukana my\u00f6s v\u00e4l\u00e4hdyksi\u00e4 tutuista ohjelmista, kun lava muuttuu Puoli seitsem\u00e4n ja El\u00e4m\u00e4ni biisin studioiksi, Yle Urheilun kulissiksi Viki\u00e4 ja K\u00f6pi\u00e4 unohtamatta. Juontajina n\u00e4hd\u00e4\u00e4n <strong>Jenni Poikelus<\/strong>, <strong>Sonja Kailassaari<\/strong> ja <strong>Mikko Kek\u00e4l\u00e4inen<\/strong>.<\/p>\n<p>Illan RSO metalliklassikot -konsertissa kuullaan suomalaista heavymusiikkia Radion sinfoniaorkesterille sovitettuna. Yle<\/p>\n<p class=\"paragraph\">Juhlap\u00e4iv\u00e4n p\u00e4\u00e4tt\u00e4\u00e4 RSO metalliklassikot -konsertti kello 21.00 TV1:ll\u00e4. Suomi-metallin klassikoita Radion sinfoniaorkesterille sovitettuina esitt\u00e4v\u00e4t Battle Beastin j\u00e4tt\u00e4nyt <strong>Noora Louhimo<\/strong>, <strong>Marko Hietala<\/strong> (Tarot), <strong>Antti Hyyrynen<\/strong> (Stamina), <strong>Timo Kotipelto<\/strong> (Stratovarius), <strong>Tomi Joutsen<\/strong> (Amorphis), <strong>Tony Kakko<\/strong> (Sonata Arctica) ja <strong>Samy Elbanna<\/strong> (Lost Society). Kapellimestarina toimii <strong>Eero Lehtim\u00e4ki<\/strong>.<\/p>\n<p class=\"paragraph\">Pikku Kakkosen &amp; BUU-klubbenin: 100-vuotissyntt\u00e4rit \u2013 100 \u00e5rskalas kello 11.00 TV2:lla &amp; Areenassa.<\/p>\n<p class=\"paragraph\">Jaakon ja Pyryn seikkailulive Yle 100 -areenalla kello 17.15 Areenassa.<\/p>\n<p class=\"paragraph\">Yle 100 -show kello 19.00 TV1:ll\u00e4 &amp; Areenassa.<\/p>\n<p class=\"paragraph\">RSO metalliklassikot kello 21.00 TV1:ll\u00e4 &amp; Areenassa.<\/p>\n<p class=\"paragraph\"><a href=\"https:\/\/www.iltalehti.fi\/telkku\/\" rel=\"nofollow noopener\" target=\"_blank\">Katso kaikki\u00a0TV-ohjelmat ja l\u00e4hetysajat Telkun TV-oppaasta<\/a>.<\/p>\n","protected":false},"excerpt":{"rendered":"Ylen varsinainen satavuotisp\u00e4iv\u00e4 on 9. syyskuuta. P\u00e4iv\u00e4n p\u00e4\u00e4juhla alkaa TV1:ll\u00e4 ja Areenassa kello 19.00. Yle Yle t\u00e4ytt\u00e4\u00e4 ensi&hellip;\n","protected":false},"author":2,"featured_media":341832,"comment_status":"","ping_status":"","sticky":false,"template":"","format":"standard","meta":{"footnotes":"","_share_on_mastodon":"0"},"categories":[130],"tags":[35,138,137,33,31,30,47,141,32,484,140,109],"class_list":["post-341831","post","type-post","status-publish","format-standard","has-post-thumbnail","category-viihde","tag-24h","tag-audio","tag-entertainment","tag-fi","tag-finland","tag-finnish","tag-musiikki","tag-muusikot-bandit","tag-suomi","tag-taiteellinen-ilmaisu-ja-mediat","tag-tv-ja-elokuvat","tag-viihde"],"share_on_mastodon":{"url":"https:\/\/pubeurope.com\/@fi\/117216424353689490","error":""},"_links":{"self":[{"href":"https:\/\/www.europesays.com\/fi\/wp-json\/wp\/v2\/posts\/341831","targetHints":{"allow":["GET"]}}],"collection":[{"href":"https:\/\/www.europesays.com\/fi\/wp-json\/wp\/v2\/posts"}],"about":[{"href":"https:\/\/www.europesays.com\/fi\/wp-json\/wp\/v2\/types\/post"}],"author":[{"embeddable":true,"href":"https:\/\/www.europesays.com\/fi\/wp-json\/wp\/v2\/users\/2"}],"replies":[{"embeddable":true,"href":"https:\/\/www.europesays.com\/fi\/wp-json\/wp\/v2\/comments?post=341831"}],"version-history":[{"count":0,"href":"https:\/\/www.europesays.com\/fi\/wp-json\/wp\/v2\/posts\/341831\/revisions"}],"wp:featuredmedia":[{"embeddable":true,"href":"https:\/\/www.europesays.com\/fi\/wp-json\/wp\/v2\/media\/341832"}],"wp:attachment":[{"href":"https:\/\/www.europesays.com\/fi\/wp-json\/wp\/v2\/media?parent=341831"}],"wp:term":[{"taxonomy":"category","embeddable":true,"href":"https:\/\/www.europesays.com\/fi\/wp-json\/wp\/v2\/categories?post=341831"},{"taxonomy":"post_tag","embeddable":true,"href":"https:\/\/www.europesays.com\/fi\/wp-json\/wp\/v2\/tags?post=341831"}],"curies":[{"name":"wp","href":"https:\/\/api.w.org\/{rel}","templated":true}]}}