{"id":341833,"date":"2026-09-05T03:59:30","date_gmt":"2026-09-05T03:59:30","guid":{"rendered":"https:\/\/www.europesays.com\/fi\/341833\/"},"modified":"2026-09-05T03:59:30","modified_gmt":"2026-09-05T03:59:30","slug":"rattijuoppo-kaatokannissa-kempeleessa-mtv-uutiset","status":"publish","type":"post","link":"https:\/\/www.europesays.com\/fi\/341833\/","title":{"rendered":"Rattijuoppo kaatok\u00e4nniss\u00e4 Kempeleess\u00e4 | MTV Uutiset"},"content":{"rendered":"<p><strong class=\"typography-bold\">Kempeleess\u00e4 poliisi on ottanut kiinni ep\u00e4illyn rattijuopon.<\/strong><\/p>\n<p>Kempeleess\u00e4 poliisipartio kertoo kohdanneensa paikallisen liikekeskuksen parkkipaikalla henkil\u00f6auton kuljettajan, joka oli nauttinut alkoholia hyvin paljon.\u00a0<\/p>\n<p>Kuljettaja oli voinut pahoin ja h\u00e4n oli siirtynyt nukkumaan auton takapenkille.\u00a0<\/p>\n<p>\u2013 Henkil\u00f6lle suoritettu puhalluskoe poliisin alkometriin ylitti laitteen kapasiteetin ja mittausta ei saatu suoritettua, poliisi kertoo.<\/p>\n<p>Poliisin mukaan auton kuljettaja oli &#8221;talutettavassa kunnossa&#8221;.\u00a0<\/p>\n<p>Kuljettaja otettiin kiinni ep\u00e4iltyn\u00e4 t\u00f6rke\u00e4st\u00e4 rattijuopumuksesta.\u00a0<\/p>\n","protected":false},"excerpt":{"rendered":"Kempeleess\u00e4 poliisi on ottanut kiinni ep\u00e4illyn rattijuopon. Kempeleess\u00e4 poliisipartio kertoo kohdanneensa paikallisen liikekeskuksen parkkipaikalla henkil\u00f6auton kuljettajan, joka oli&hellip;\n","protected":false},"author":2,"featured_media":341834,"comment_status":"","ping_status":"","sticky":false,"template":"","format":"standard","meta":{"footnotes":"","_share_on_mastodon":"0"},"categories":[76],"tags":[79,77,33,31,30,32,78],"class_list":["post-341833","post","type-post","status-publish","format-standard","has-post-thumbnail","category-talous","tag-business","tag-economy","tag-fi","tag-finland","tag-finnish","tag-suomi","tag-talous"],"share_on_mastodon":{"url":"https:\/\/pubeurope.com\/@fi\/117216435673789284","error":""},"_links":{"self":[{"href":"https:\/\/www.europesays.com\/fi\/wp-json\/wp\/v2\/posts\/341833","targetHints":{"allow":["GET"]}}],"collection":[{"href":"https:\/\/www.europesays.com\/fi\/wp-json\/wp\/v2\/posts"}],"about":[{"href":"https:\/\/www.europesays.com\/fi\/wp-json\/wp\/v2\/types\/post"}],"author":[{"embeddable":true,"href":"https:\/\/www.europesays.com\/fi\/wp-json\/wp\/v2\/users\/2"}],"replies":[{"embeddable":true,"href":"https:\/\/www.europesays.com\/fi\/wp-json\/wp\/v2\/comments?post=341833"}],"version-history":[{"count":0,"href":"https:\/\/www.europesays.com\/fi\/wp-json\/wp\/v2\/posts\/341833\/revisions"}],"wp:featuredmedia":[{"embeddable":true,"href":"https:\/\/www.europesays.com\/fi\/wp-json\/wp\/v2\/media\/341834"}],"wp:attachment":[{"href":"https:\/\/www.europesays.com\/fi\/wp-json\/wp\/v2\/media?parent=341833"}],"wp:term":[{"taxonomy":"category","embeddable":true,"href":"https:\/\/www.europesays.com\/fi\/wp-json\/wp\/v2\/categories?post=341833"},{"taxonomy":"post_tag","embeddable":true,"href":"https:\/\/www.europesays.com\/fi\/wp-json\/wp\/v2\/tags?post=341833"}],"curies":[{"name":"wp","href":"https:\/\/api.w.org\/{rel}","templated":true}]}}