{"id":341835,"date":"2026-09-05T04:00:14","date_gmt":"2026-09-05T04:00:14","guid":{"rendered":"https:\/\/www.europesays.com\/fi\/341835\/"},"modified":"2026-09-05T04:00:14","modified_gmt":"2026-09-05T04:00:14","slug":"voimakas-rajahdys-sotilastukikohdassa-boliviassa-uutisia-lyhyesti","status":"publish","type":"post","link":"https:\/\/www.europesays.com\/fi\/341835\/","title":{"rendered":"Voimakas r\u00e4j\u00e4hdys sotilastukikohdassa Boliviassa | Uutisia lyhyesti"},"content":{"rendered":"<p class=\"aw__sc-1qwuw0s-0 aw__sc-1vg2sqm-0 epAWpq ecELkD yle__article__paragraph\">Kuolleita ainakin kymmennen ja loukkaantuneita melkein kuusikymment\u00e4. R\u00e4j\u00e4hdyksen syyt\u00e4 ei viel\u00e4 tiedet\u00e4.<\/p>\n<p class=\"aw__sc-1qwuw0s-0 aw__sc-ngllmo-0 epAWpq fzYpjk yle__article__paragraph\">\u200bBoliviassa on useita kuollut sotilaskasarmilla sattuneessa r\u00e4j\u00e4hdyksess\u00e4.<\/p>\n<p class=\"aw__sc-1qwuw0s-0 aw__sc-ngllmo-0 epAWpq fzYpjk yle__article__paragraph\">Kuolleiden m\u00e4\u00e4r\u00e4 vaihtelee<\/p>\n<p class=\"aw__sc-1qwuw0s-0 aw__sc-ngllmo-0 epAWpq fzYpjk yle__article__paragraph\">Uutistoimisto Reuters kertoo, ett\u00e4 paikallisen terveysviranomaisen mukaan kuolleita on v\u00e4hint\u00e4\u00e4n kymmenen tai jopa viisitoista. Paikallinen terveysp\u00e4\u00e4llikk\u00f6 \u200bRita \u200bNebraska kertoi kuolonuhrien m\u00e4\u00e4r\u00e4st\u00e4 televisiohaastattelussa.<\/p>\n<p class=\"aw__sc-1qwuw0s-0 aw__sc-ngllmo-0 epAWpq fzYpjk yle__article__paragraph\">Uutistoimisto AFP kertoo kahdesta kuolleesta.<\/p>\n<p class=\"aw__sc-1qwuw0s-0 aw__sc-ngllmo-0 epAWpq fzYpjk yle__article__paragraph\">R\u00e4j\u00e4hdys sattui perjantaina paikallista aikaa Viachan kaupungissa.<\/p>\n<p class=\"aw__sc-1qwuw0s-0 aw__sc-ngllmo-0 epAWpq fzYpjk yle__article__paragraph\">Poliisi kertoi aiemmin, ett\u00e4 loukkaantuneita on l\u00e4hes kuusikymment\u00e4.<\/p>\n<p class=\"aw__sc-1qwuw0s-0 aw__sc-ngllmo-0 epAWpq fzYpjk yle__article__paragraph\">R\u00e4j\u00e4hdyksen syyt\u00e4 ei viel\u00e4 tiedet\u00e4.<\/p>\n<p class=\"aw__sc-1qwuw0s-0 aw__sc-ngllmo-0 epAWpq fzYpjk yle__article__paragraph\">L\u00e4hde: Reuters, AFP<\/p>\n","protected":false},"excerpt":{"rendered":"Kuolleita ainakin kymmennen ja loukkaantuneita melkein kuusikymment\u00e4. R\u00e4j\u00e4hdyksen syyt\u00e4 ei viel\u00e4 tiedet\u00e4. \u200bBoliviassa on useita kuollut sotilaskasarmilla sattuneessa&hellip;\n","protected":false},"author":2,"featured_media":341836,"comment_status":"","ping_status":"","sticky":false,"template":"","format":"standard","meta":{"footnotes":"","_share_on_mastodon":"0"},"categories":[14],"tags":[15182,22,23,26,27,33,31,30,17,24,25,28,29,15,837,18,21,13294,32,19,20,56,16,59,60,61],"class_list":["post-341835","post","type-post","status-publish","format-standard","has-post-thumbnail","category-ulkomaat","tag-bolivia","tag-breaking-news","tag-breakingnews","tag-featured-news","tag-featurednews","tag-fi","tag-finland","tag-finnish","tag-headlines","tag-latest-news","tag-latestnews","tag-main-news","tag-mainnews","tag-news","tag-onnettomuudet","tag-otsikot","tag-paauutiset","tag-rajahdys","tag-suomi","tag-top-stories","tag-topstories","tag-ulkomaat","tag-uutiset","tag-world","tag-world-news","tag-worldnews"],"share_on_mastodon":{"url":"https:\/\/pubeurope.com\/@fi\/117216439720449004","error":""},"_links":{"self":[{"href":"https:\/\/www.europesays.com\/fi\/wp-json\/wp\/v2\/posts\/341835","targetHints":{"allow":["GET"]}}],"collection":[{"href":"https:\/\/www.europesays.com\/fi\/wp-json\/wp\/v2\/posts"}],"about":[{"href":"https:\/\/www.europesays.com\/fi\/wp-json\/wp\/v2\/types\/post"}],"author":[{"embeddable":true,"href":"https:\/\/www.europesays.com\/fi\/wp-json\/wp\/v2\/users\/2"}],"replies":[{"embeddable":true,"href":"https:\/\/www.europesays.com\/fi\/wp-json\/wp\/v2\/comments?post=341835"}],"version-history":[{"count":0,"href":"https:\/\/www.europesays.com\/fi\/wp-json\/wp\/v2\/posts\/341835\/revisions"}],"wp:featuredmedia":[{"embeddable":true,"href":"https:\/\/www.europesays.com\/fi\/wp-json\/wp\/v2\/media\/341836"}],"wp:attachment":[{"href":"https:\/\/www.europesays.com\/fi\/wp-json\/wp\/v2\/media?parent=341835"}],"wp:term":[{"taxonomy":"category","embeddable":true,"href":"https:\/\/www.europesays.com\/fi\/wp-json\/wp\/v2\/categories?post=341835"},{"taxonomy":"post_tag","embeddable":true,"href":"https:\/\/www.europesays.com\/fi\/wp-json\/wp\/v2\/tags?post=341835"}],"curies":[{"name":"wp","href":"https:\/\/api.w.org\/{rel}","templated":true}]}}