{"id":341837,"date":"2026-09-05T04:01:21","date_gmt":"2026-09-05T04:01:21","guid":{"rendered":"https:\/\/www.europesays.com\/fi\/341837\/"},"modified":"2026-09-05T04:01:21","modified_gmt":"2026-09-05T04:01:21","slug":"tanaan-tvssa-pieni-vauva-ja-aiti-kuolivat-karmealla-tavalla-kauniaisissa-isa-tunnusti-teon","status":"publish","type":"post","link":"https:\/\/www.europesays.com\/fi\/341837\/","title":{"rendered":"T\u00e4n\u00e4\u00e4n tv:ss\u00e4: Pieni vauva ja \u00e4iti kuolivat karmealla tavalla Kauniaisissa \u2013 Is\u00e4 tunnusti teon"},"content":{"rendered":"<p>Perjantai-dokkarissa k\u00e4yd\u00e4\u00e4n l\u00e4pi osin kylm\u00e4ksi j\u00e4\u00e4nytt\u00e4 tapausta 1970-luvulta.<\/p>\n<p><img decoding=\"async\" class=\"image image-show image-preview\" src=\"https:\/\/www.europesays.com\/fi\/wp-content\/uploads\/2026\/09\/727c846425c7c66453481ee4e18a7940e6d29417932cc27a6faf6e77e1b8bf06.jpg\" alt=\"\"\/><img decoding=\"async\" class=\"image image-show\" src=\"https:\/\/www.europesays.com\/fi\/wp-content\/uploads\/2026\/09\/1788580881_854_727c846425c7c66453481ee4e18a7940e6d29417932cc27a6faf6e77e1b8bf06.jpg\" alt=\"\"\/><\/p>\n<p>Anne J\u00e4rvinen ja Jenni Sundell tutkivat kylmi\u00e4 eli vanhoja ja selvitt\u00e4m\u00e4tt\u00f6mi\u00e4 rikoksia. He ovat selvitelleet muun muassa Raisa R\u00e4is\u00e4sen katoamista. Lis\u00e4ksi he osallistuvat Vapaaehtoisen pelastuspalvelun etsint\u00f6ihin. Yle, Jenni Sundell<\/p>\n<p class=\"paragraph\">Helmikuussa 1974 muutaman viikon ik\u00e4inen vauva ja h\u00e4nen 28-vuotias \u00e4itins\u00e4 kuolivat Kauniaisissa. Tapahtuma-aikaan perjantai-iltana humalassa ollut is\u00e4 kertoi my\u00f6hemmin poliisikuulusteluissa, mit\u00e4 h\u00e4nen mukaansa oli tapahtunut.<\/p>\n<p class=\"paragraph\">Is\u00e4 ei pit\u00e4nyt poikavauvaa omanaan, eik\u00e4 h\u00e4n liioin ollut halunnut lasta. Vaimoaan kiusatakseen h\u00e4n oli nostanut pienokaisen korkealle ilmaan. Vaimo oli potkaissut miest\u00e4 haarov\u00e4liin, mink\u00e4 seurauksena mies oli kaatunut lattialle vauva mukanaan. Imev\u00e4inen oli kuollut todenn\u00e4k\u00f6isesti niskanikaman murtumiseen. \u00c4iti oli nostanut hysteerisen\u00e4 kuolleen vauvan syliins\u00e4 ja ilmoittanut k\u00e4\u00e4ntyv\u00e4ns\u00e4 poliisin puoleen. Mies ei ollut sallinut sit\u00e4. H\u00e4n oli tarttunut kellarissa valmistamaansa ja keitti\u00f6\u00f6n tuomaansa omatekoiseen, ladattuun aseeseen, t\u00e4hd\u00e4nnyt vaimoaan ja ampunut t\u00e4t\u00e4 kuolettavasti kasvoihin.<\/p>\n<p class=\"paragraph\">N\u00e4in vanhasta rikosjutusta kerrotaan <strong>Juha Portaankorvan<\/strong> ohjaamassa lyhytdokumentissa. Perjantai-dokkarissa mukana olleessa 1970-lukulaisessa lehtileikkeess\u00e4 mainitaan, ett\u00e4 surmat olisivat tapahtuneet nyrkein.<\/p>\n<p>\u2013\u2009Ase on jo kammottava itsess\u00e4\u00e4n, Anne J\u00e4rvinen sanoo dokumentissa, jossa k\u00e4sitell\u00e4\u00e4n koko j\u00e4rkytt\u00e4v\u00e4\u00e4 tapahtumaketjua, joka on vaatinut suunnitelmallisuutta.  Maarit Pohjanpalo<\/p>\n<p class=\"paragraph\">Mit\u00e4\u00e4n ei ole p\u00e4\u00e4sty todentamaan, sill\u00e4 vauvan eik\u00e4 \u00e4idin ruumiita ole l\u00f6ydetty koskaan. Perhesurmaan syyllistynyt mies kertoi laittaneensa kuolleen vauvan kangaskassiin ja heitt\u00e4neens\u00e4 sen Helsingin Hernesaaressa mereen. Vaimonsa h\u00e4n oli pannut paines\u00e4ili\u00f6\u00f6n, jonka h\u00e4n oli sanomansa mukaan upottanut mereen \u00d6byn kyl\u00e4ss\u00e4 l\u00e4hell\u00e4 Hankoa.<\/p>\n<p class=\"paragraph\">Sinne ajavat Miss\u00e4 on ruumis? -dokumentissa ruumiinetsij\u00e4t <strong>Jenni Sundell<\/strong> ja <strong>Anne J\u00e4rvinen<\/strong>, jolla on n\u00e4kemys tapahtuneesta.<\/p>\n<p class=\"paragraph\">\u2013\u2009Min\u00e4 olen henkil\u00f6kohtaisesti sit\u00e4 mielt\u00e4, ett\u00e4 se oli kylm\u00e4sti laskelmoitu kaksoismurha.<\/p>\n<p class=\"paragraph\">J\u00e4rvinen ja Sundell tutkivat kylm\u00e4ksi j\u00e4\u00e4neit\u00e4 rikoksia. T\u00e4ss\u00e4 tapauksessa syyllinen tiedet\u00e4\u00e4n, mutta ruumiita ei ole l\u00f6ydetty.<\/p>\n<p class=\"paragraph\">\u2013\u2009On ehdottomasti meid\u00e4n moraalinen vastuumme menn\u00e4 etsim\u00e4\u00e4n h\u00e4net, J\u00e4rvinen viittaa vaimoon.<\/p>\n<p class=\"paragraph\">\u2013\u2009Syd\u00e4meni ei anna periksi.<\/p>\n<p class=\"paragraph\">Miss\u00e4 on ruumis? julkaistaan ensin Areenassa. TV1:ll\u00e4 se esitet\u00e4\u00e4n kello 22.01.<\/p>\n<p class=\"paragraph\">Perjantai-dokkari t\u00e4n\u00e4\u00e4n kello 17.00 Areenassa kello 17.00 &amp; kello 22.01 TV1:ll\u00e4. <a href=\"https:\/\/www.iltalehti.fi\/telkku\/\" rel=\"nofollow noopener\" target=\"_blank\">Katso kaikki\u00a0TV-ohjelmat ja l\u00e4hetysajat Telkun TV-oppaasta<\/a>.<\/p>\n","protected":false},"excerpt":{"rendered":"Perjantai-dokkarissa k\u00e4yd\u00e4\u00e4n l\u00e4pi osin kylm\u00e4ksi j\u00e4\u00e4nytt\u00e4 tapausta 1970-luvulta. Anne J\u00e4rvinen ja Jenni Sundell tutkivat kylmi\u00e4 eli vanhoja ja&hellip;\n","protected":false},"author":2,"featured_media":341838,"comment_status":"","ping_status":"","sticky":false,"template":"","format":"standard","meta":{"footnotes":"","_share_on_mastodon":"0"},"categories":[12],"tags":[35,22,23,26,27,33,31,30,17,101,99,100,24,25,28,29,15,18,21,98,32,19,20,16,102],"class_list":["post-341837","post","type-post","status-publish","format-standard","has-post-thumbnail","category-suomi","tag-24h","tag-breaking-news","tag-breakingnews","tag-featured-news","tag-featurednews","tag-fi","tag-finland","tag-finnish","tag-headlines","tag-ihmissuhteet","tag-lapset","tag-lapset-ja-nuoret","tag-latest-news","tag-latestnews","tag-main-news","tag-mainnews","tag-news","tag-otsikot","tag-paauutiset","tag-perhe","tag-suomi","tag-top-stories","tag-topstories","tag-uutiset","tag-vanhemmat"],"share_on_mastodon":{"url":"https:\/\/pubeurope.com\/@fi\/117216443798322498","error":""},"_links":{"self":[{"href":"https:\/\/www.europesays.com\/fi\/wp-json\/wp\/v2\/posts\/341837","targetHints":{"allow":["GET"]}}],"collection":[{"href":"https:\/\/www.europesays.com\/fi\/wp-json\/wp\/v2\/posts"}],"about":[{"href":"https:\/\/www.europesays.com\/fi\/wp-json\/wp\/v2\/types\/post"}],"author":[{"embeddable":true,"href":"https:\/\/www.europesays.com\/fi\/wp-json\/wp\/v2\/users\/2"}],"replies":[{"embeddable":true,"href":"https:\/\/www.europesays.com\/fi\/wp-json\/wp\/v2\/comments?post=341837"}],"version-history":[{"count":0,"href":"https:\/\/www.europesays.com\/fi\/wp-json\/wp\/v2\/posts\/341837\/revisions"}],"wp:featuredmedia":[{"embeddable":true,"href":"https:\/\/www.europesays.com\/fi\/wp-json\/wp\/v2\/media\/341838"}],"wp:attachment":[{"href":"https:\/\/www.europesays.com\/fi\/wp-json\/wp\/v2\/media?parent=341837"}],"wp:term":[{"taxonomy":"category","embeddable":true,"href":"https:\/\/www.europesays.com\/fi\/wp-json\/wp\/v2\/categories?post=341837"},{"taxonomy":"post_tag","embeddable":true,"href":"https:\/\/www.europesays.com\/fi\/wp-json\/wp\/v2\/tags?post=341837"}],"curies":[{"name":"wp","href":"https:\/\/api.w.org\/{rel}","templated":true}]}}