{"id":341839,"date":"2026-09-05T04:02:15","date_gmt":"2026-09-05T04:02:15","guid":{"rendered":"https:\/\/www.europesays.com\/fi\/341839\/"},"modified":"2026-09-05T04:02:15","modified_gmt":"2026-09-05T04:02:15","slug":"useita-kuollut-rajahdyksessa-sotilastukikohdassa-hs-fi","status":"publish","type":"post","link":"https:\/\/www.europesays.com\/fi\/341839\/","title":{"rendered":"Useita kuollut r\u00e4j\u00e4hdyksess\u00e4 sotilastukikohdassa | HS.fi"},"content":{"rendered":"<p class=\"article-body mb-(--paragraph-margin-b) px-nof-16\">Useita ihmisi\u00e4 on kuollut sotilastukikohdassa tapahtuneessa r\u00e4j\u00e4hdyksess\u00e4 Boliviassa Etel\u00e4-Amerikassa, kertovat uutistoimistot Reuters ja AFP. R\u00e4j\u00e4hdys tapahtui perjantaina paikallista aikaa.<\/p>\n<p class=\"article-body mb-(--paragraph-margin-b) px-nof-16\">Kuolleiden lukum\u00e4\u00e4r\u00e4st\u00e4 on ristiriitaista tietoa. Paikallinen viranomainen kertoi Reutersin mukaan, ett\u00e4 kuolleita on ainakin kymmenen. AFP puolestaan kertoo, ett\u00e4 r\u00e4j\u00e4hdyksess\u00e4 kuoli kaksi ihmist\u00e4.<\/p>\n<p class=\"article-body mb-(--paragraph-margin-b) px-nof-16\">R\u00e4j\u00e4hdyksess\u00e4 loukkaantui paikallisviranomaisten mukaan noin 60 ihmist\u00e4.<\/p>\n<p class=\"article-body mb-(--paragraph-margin-b) px-nof-16\">R\u00e4j\u00e4hdys tapahtui Viachan kaupungissa Bolivian l\u00e4nsipuolella.<\/p>\n","protected":false},"excerpt":{"rendered":"Useita ihmisi\u00e4 on kuollut sotilastukikohdassa tapahtuneessa r\u00e4j\u00e4hdyksess\u00e4 Boliviassa Etel\u00e4-Amerikassa, kertovat uutistoimistot Reuters ja AFP. R\u00e4j\u00e4hdys tapahtui perjantaina paikallista&hellip;\n","protected":false},"author":2,"featured_media":341840,"comment_status":"","ping_status":"","sticky":false,"template":"","format":"standard","meta":{"footnotes":"","_share_on_mastodon":"0"},"categories":[5],"tags":[22,23,26,27,33,31,30,17,46,24,25,28,29,15,18,21,32,19,20,16],"class_list":["post-341839","post","type-post","status-publish","format-standard","has-post-thumbnail","category-otsikot","tag-breaking-news","tag-breakingnews","tag-featured-news","tag-featurednews","tag-fi","tag-finland","tag-finnish","tag-headlines","tag-helsingin-sanomat","tag-latest-news","tag-latestnews","tag-main-news","tag-mainnews","tag-news","tag-otsikot","tag-paauutiset","tag-suomi","tag-top-stories","tag-topstories","tag-uutiset"],"share_on_mastodon":{"url":"https:\/\/pubeurope.com\/@fi\/117216447342698787","error":""},"_links":{"self":[{"href":"https:\/\/www.europesays.com\/fi\/wp-json\/wp\/v2\/posts\/341839","targetHints":{"allow":["GET"]}}],"collection":[{"href":"https:\/\/www.europesays.com\/fi\/wp-json\/wp\/v2\/posts"}],"about":[{"href":"https:\/\/www.europesays.com\/fi\/wp-json\/wp\/v2\/types\/post"}],"author":[{"embeddable":true,"href":"https:\/\/www.europesays.com\/fi\/wp-json\/wp\/v2\/users\/2"}],"replies":[{"embeddable":true,"href":"https:\/\/www.europesays.com\/fi\/wp-json\/wp\/v2\/comments?post=341839"}],"version-history":[{"count":0,"href":"https:\/\/www.europesays.com\/fi\/wp-json\/wp\/v2\/posts\/341839\/revisions"}],"wp:featuredmedia":[{"embeddable":true,"href":"https:\/\/www.europesays.com\/fi\/wp-json\/wp\/v2\/media\/341840"}],"wp:attachment":[{"href":"https:\/\/www.europesays.com\/fi\/wp-json\/wp\/v2\/media?parent=341839"}],"wp:term":[{"taxonomy":"category","embeddable":true,"href":"https:\/\/www.europesays.com\/fi\/wp-json\/wp\/v2\/categories?post=341839"},{"taxonomy":"post_tag","embeddable":true,"href":"https:\/\/www.europesays.com\/fi\/wp-json\/wp\/v2\/tags?post=341839"}],"curies":[{"name":"wp","href":"https:\/\/api.w.org\/{rel}","templated":true}]}}