{"id":341841,"date":"2026-09-05T04:03:43","date_gmt":"2026-09-05T04:03:43","guid":{"rendered":"https:\/\/www.europesays.com\/fi\/341841\/"},"modified":"2026-09-05T04:03:43","modified_gmt":"2026-09-05T04:03:43","slug":"luontopolut-luontokohteet-ja-retkeily","status":"publish","type":"post","link":"https:\/\/www.europesays.com\/fi\/341841\/","title":{"rendered":"Luontopolut | Luontokohteet ja retkeily"},"content":{"rendered":"<p>Retkeilyrakenteiden hoito<\/p>\n<p>Oulun kaupungin hallinnoimien luonto- ja retkeilykohteiden hoitoa ja k\u00e4ytt\u00f6\u00e4 varten on olemassa Hoito- ja k\u00e4ytt\u00f6suunnitelma (HKS) vuosiksi 2019-2029. Suunnitelma on p\u00e4ivitetty vuonna 2022, koska Sanginjoen retkeilyrakenteet siirtyiv\u00e4t Mets\u00e4hallitukselle vuonna 2021. Suunnitelmassa kuvataan\u00a0luontopolut\/virkistysalueet\u00a0 ja niiden retkeilyrakenteet\u00a0kohteittain ja esitet\u00e4\u00e4n toimenpiteit\u00e4 rakenteiden\u00a0uusimiseen, korjauksiin tai purkuun.<\/p>\n","protected":false},"excerpt":{"rendered":"Retkeilyrakenteiden hoito Oulun kaupungin hallinnoimien luonto- ja retkeilykohteiden hoitoa ja k\u00e4ytt\u00f6\u00e4 varten on olemassa Hoito- ja k\u00e4ytt\u00f6suunnitelma (HKS)&hellip;\n","protected":false},"author":2,"featured_media":341842,"comment_status":"","ping_status":"","sticky":false,"template":"","format":"standard","meta":{"footnotes":"","_share_on_mastodon":"0"},"categories":[117],"tags":[33,31,30,72,476,118,32,119,477],"class_list":["post-341841","post","type-post","status-publish","format-standard","has-post-thumbnail","category-luonto","tag-fi","tag-finland","tag-finnish","tag-luonto","tag-nature","tag-science","tag-suomi","tag-tiede","tag-wildlife"],"share_on_mastodon":{"url":"https:\/\/pubeurope.com\/@fi\/117216451360553813","error":""},"_links":{"self":[{"href":"https:\/\/www.europesays.com\/fi\/wp-json\/wp\/v2\/posts\/341841","targetHints":{"allow":["GET"]}}],"collection":[{"href":"https:\/\/www.europesays.com\/fi\/wp-json\/wp\/v2\/posts"}],"about":[{"href":"https:\/\/www.europesays.com\/fi\/wp-json\/wp\/v2\/types\/post"}],"author":[{"embeddable":true,"href":"https:\/\/www.europesays.com\/fi\/wp-json\/wp\/v2\/users\/2"}],"replies":[{"embeddable":true,"href":"https:\/\/www.europesays.com\/fi\/wp-json\/wp\/v2\/comments?post=341841"}],"version-history":[{"count":0,"href":"https:\/\/www.europesays.com\/fi\/wp-json\/wp\/v2\/posts\/341841\/revisions"}],"wp:featuredmedia":[{"embeddable":true,"href":"https:\/\/www.europesays.com\/fi\/wp-json\/wp\/v2\/media\/341842"}],"wp:attachment":[{"href":"https:\/\/www.europesays.com\/fi\/wp-json\/wp\/v2\/media?parent=341841"}],"wp:term":[{"taxonomy":"category","embeddable":true,"href":"https:\/\/www.europesays.com\/fi\/wp-json\/wp\/v2\/categories?post=341841"},{"taxonomy":"post_tag","embeddable":true,"href":"https:\/\/www.europesays.com\/fi\/wp-json\/wp\/v2\/tags?post=341841"}],"curies":[{"name":"wp","href":"https:\/\/api.w.org\/{rel}","templated":true}]}}