{"id":341843,"date":"2026-09-05T04:07:11","date_gmt":"2026-09-05T04:07:11","guid":{"rendered":"https:\/\/www.europesays.com\/fi\/341843\/"},"modified":"2026-09-05T04:07:11","modified_gmt":"2026-09-05T04:07:11","slug":"venalaisnainen-yritti-salakuljettaa-kymmenia-merileguaaneja-pois-maasta","status":"publish","type":"post","link":"https:\/\/www.europesays.com\/fi\/341843\/","title":{"rendered":"Ven\u00e4l\u00e4isnainen yritti salakuljettaa kymmeni\u00e4 merileguaaneja pois maasta"},"content":{"rendered":"<p class=\"article-body mb-(--paragraph-margin-b) px-nof-16\">Ecuadorissa Etel\u00e4-Amerikassa viranomaiset pid\u00e4ttiv\u00e4t ven\u00e4l\u00e4isnaisen ep\u00e4iltyn\u00e4 villiel\u00e4inten salakuljetuksesta, kertoo <a class=\"underline underline-offset-[0.12em] [text-decoration-thickness:var(--generic-link-underline-thickness)] [text-decoration-color:var(--generic-link-underline-color)] [text-decoration-skip-ink:var(--generic-link-underline-skip-ink)] break-words\" href=\"https:\/\/apnews.com\/article\/ecuador-smuggled-iguanas-russia-galapagos-4c865976bd2bc7ee93ed52b050982617\" rel=\"nofollow noopener\" target=\"_blank\">uutistoimisto AP<\/a>. Naista ep\u00e4ill\u00e4\u00e4n siit\u00e4, ett\u00e4 h\u00e4n yritti salakuljettaa ainakin 32 merileguaania pois Ecuadoriin kuuluvilta Gal\u00e1pagossaarilta.<\/p>\n<p class=\"article-body mb-(--paragraph-margin-b) px-nof-16\">Merileguaanit oli piilotettu kahdeksaan muoviseen s\u00e4ili\u00f6\u00f6n yhdess\u00e4 matkalaukussa. Salakuljetuksesta ep\u00e4ilty nainen otettiin kiinni Quiton lentokent\u00e4ll\u00e4 Ecuadorissa. Nainen oli ollut matkalla Islantiin.<\/p>\n<p class=\"article-body mb-(--paragraph-margin-b) px-nof-16\">Merileguaanit olivat l\u00f6yt\u00f6hetkell\u00e4 heikkokuntoisia ja kuivuneita, kertoo Ecuadorin ymp\u00e4rist\u00f6ministeri\u00f6. El\u00e4imet siirrettiin suojelukeskukseen, jossa ne pysyv\u00e4t, kunnes niiden terveydentila paranee.<\/p>\n<p class=\"article-body mb-(--paragraph-margin-b) px-nof-16\">Merileguaani on Gal\u00e1pagossaarille ominainen uhanalainen laji.<\/p>\n","protected":false},"excerpt":{"rendered":"Ecuadorissa Etel\u00e4-Amerikassa viranomaiset pid\u00e4ttiv\u00e4t ven\u00e4l\u00e4isnaisen ep\u00e4iltyn\u00e4 villiel\u00e4inten salakuljetuksesta, kertoo uutistoimisto AP. Naista ep\u00e4ill\u00e4\u00e4n siit\u00e4, ett\u00e4 h\u00e4n yritti salakuljettaa&hellip;\n","protected":false},"author":2,"featured_media":341844,"comment_status":"","ping_status":"","sticky":false,"template":"","format":"standard","meta":{"footnotes":"","_share_on_mastodon":"0"},"categories":[113],"tags":[446,33,31,30,46,118,32,119,447],"class_list":["post-341843","post","type-post","status-publish","format-standard","has-post-thumbnail","category-ymparisto","tag-environment","tag-fi","tag-finland","tag-finnish","tag-helsingin-sanomat","tag-science","tag-suomi","tag-tiede","tag-ymparisto"],"share_on_mastodon":{"url":"https:\/\/pubeurope.com\/@fi\/117216467104239734","error":""},"_links":{"self":[{"href":"https:\/\/www.europesays.com\/fi\/wp-json\/wp\/v2\/posts\/341843","targetHints":{"allow":["GET"]}}],"collection":[{"href":"https:\/\/www.europesays.com\/fi\/wp-json\/wp\/v2\/posts"}],"about":[{"href":"https:\/\/www.europesays.com\/fi\/wp-json\/wp\/v2\/types\/post"}],"author":[{"embeddable":true,"href":"https:\/\/www.europesays.com\/fi\/wp-json\/wp\/v2\/users\/2"}],"replies":[{"embeddable":true,"href":"https:\/\/www.europesays.com\/fi\/wp-json\/wp\/v2\/comments?post=341843"}],"version-history":[{"count":0,"href":"https:\/\/www.europesays.com\/fi\/wp-json\/wp\/v2\/posts\/341843\/revisions"}],"wp:featuredmedia":[{"embeddable":true,"href":"https:\/\/www.europesays.com\/fi\/wp-json\/wp\/v2\/media\/341844"}],"wp:attachment":[{"href":"https:\/\/www.europesays.com\/fi\/wp-json\/wp\/v2\/media?parent=341843"}],"wp:term":[{"taxonomy":"category","embeddable":true,"href":"https:\/\/www.europesays.com\/fi\/wp-json\/wp\/v2\/categories?post=341843"},{"taxonomy":"post_tag","embeddable":true,"href":"https:\/\/www.europesays.com\/fi\/wp-json\/wp\/v2\/tags?post=341843"}],"curies":[{"name":"wp","href":"https:\/\/api.w.org\/{rel}","templated":true}]}}