{"id":341845,"date":"2026-09-05T04:14:12","date_gmt":"2026-09-05T04:14:12","guid":{"rendered":"https:\/\/www.europesays.com\/fi\/341845\/"},"modified":"2026-09-05T04:14:12","modified_gmt":"2026-09-05T04:14:12","slug":"podcast-joanna-kuvaja-paatyi-italiassa-missikisoihin","status":"publish","type":"post","link":"https:\/\/www.europesays.com\/fi\/341845\/","title":{"rendered":"Podcast: Joanna Kuvaja p\u00e4\u00e4tyi Italiassa missikisoihin"},"content":{"rendered":"<p>Juontaja paljastaa uusia tietoja taustastaan kauneuskilpailuissa.<\/p>\n<p class=\"article-body mb-(--paragraph-margin-b) px-nof-16\">Juontaja <a class=\"font-bold underline-offset-[0.12em] [text-decoration:var(--person-link-text-decoration)] [text-decoration-color:var(--person-link-text-decoration-color)]!\" href=\"https:\/\/www.is.fi\/haku\/?query=Joanna%20Kuvaja\" rel=\"nofollow noopener\" target=\"_blank\">Joanna Kuvaja<\/a> kertoo <a class=\"underline underline-offset-[0.12em] [text-decoration-thickness:var(--generic-link-underline-thickness)] [text-decoration-color:var(--generic-link-underline-color)] [text-decoration-skip-ink:var(--generic-link-underline-skip-ink)] break-words\" href=\"https:\/\/podimo.com\/fi\/shows\/aki-linnanahde-talk-show\" rel=\"nofollow noopener\" target=\"_blank\">Aki Linnanahde Talk Show\u2019ssa<\/a> p\u00e4\u00e4tyneens\u00e4 ennen vuoden 2007 Miss Suomi -kilpailua missikisoihin Italiassa. Kuvaja ty\u00f6skenteli tuolloin maassa ravihevosten hoitajana.<\/p>\n<p class=\"article-body mb-(--paragraph-margin-b) px-nof-16\">\u2013 Italiassa k\u00e4vin yhdet missikisat my\u00f6s, mist\u00e4 kukaan ei varmaan tied\u00e4, Kuvaja naurahtaa haastattelussa.<\/p>\n<p class=\"article-body mb-(--paragraph-margin-b) px-nof-16\">H\u00e4n p\u00e4\u00e4tyi kilpailuun kollegansa ilmoittamana.<\/p>\n<p class=\"article-body mb-(--paragraph-margin-b) px-nof-16\">Kilpailu ei ollut Miss Italia, vaan pienempi paikallinen kauneuskilpailu, joka j\u00e4rjestettiin Riminin l\u00e4hell\u00e4 sijaitsevassa Cesenan kaupungissa.<\/p>\n<p class=\"article-body mb-(--paragraph-margin-b) px-nof-16\">\u2013 Se oli nimelt\u00e4\u00e4n Lady Trotto, ja trotto on italiaksi ravi. Ne j\u00e4rjestettiin paikallisen raviradan yhteydess\u00e4.<\/p>\n<p class=\"article-body mb-(--paragraph-margin-b) px-nof-16\">Raviradan vieress\u00e4 oli kasino, jossa kilpailut j\u00e4rjestettiin. Muilla osallistujilla ei Kuvajan mukaan ollut tekemist\u00e4 hevosten tai raviurheilun kanssa.<\/p>\n<p class=\"article-body mb-(--paragraph-margin-b) px-nof-16\">Kuvaja kertoo tilanteen olleen j\u00e4nnitt\u00e4v\u00e4 ja eksoottinen, sill\u00e4 h\u00e4n oli tummien italialaisten seassa ainut vaalea mikkelil\u00e4inen.<\/p>\n<p class=\"article-body mb-(--paragraph-margin-b) px-nof-16\">Kuvaja voitti oman karsintansa ja p\u00e4\u00e4si finaaliin.<\/p>\n<p class=\"article-body mb-(--paragraph-margin-b) px-nof-16\">\u2013 Olin toinen niiss\u00e4. Se yll\u00e4tti tosi paljon.<\/p>\n<p class=\"article-body mb-(--paragraph-margin-b) px-nof-16\">\u2013 Kyll\u00e4h\u00e4n se on fakta, ett\u00e4 kun olet niin blondi ja vihre\u00e4t silm\u00e4t ja Italiassa, niin ei siin\u00e4 ihan hirve\u00e4sti tarvitse taikatemppuja enemp\u00e4\u00e4 tehd\u00e4.<\/p>\n<p class=\"article-body mb-(--paragraph-margin-b) px-nof-16\">Kilpailun takia Kuvaja p\u00e4\u00e4tyi tv-haastatteluun.<\/p>\n<p class=\"article-body mb-(--paragraph-margin-b) px-nof-16\">\u2013 Olen my\u00f6s ollut ihan paikallisen tv-kanavan livehaastattelussa. Tietenkin italiaksi, h\u00e4n kertoo.<\/p>\n<p class=\"article-body mb-(--paragraph-margin-b) px-nof-16\">Palkinnoksi kilpailusta Kuvaja sai ison hopeisen lautasen, jossa lukee Lady Trotto ja 2. sija.<\/p>\n","protected":false},"excerpt":{"rendered":"Juontaja paljastaa uusia tietoja taustastaan kauneuskilpailuissa. Juontaja Joanna Kuvaja kertoo Aki Linnanahde Talk Show\u2019ssa p\u00e4\u00e4tyneens\u00e4 ennen vuoden 2007&hellip;\n","protected":false},"author":2,"featured_media":341846,"comment_status":"","ping_status":"","sticky":false,"template":"","format":"standard","meta":{"footnotes":"","_share_on_mastodon":"0"},"categories":[136],"tags":[407,137,33,31,30,34,408,32,109],"class_list":["post-341845","post","type-post","status-publish","format-standard","has-post-thumbnail","category-julkkikset","tag-celebrities","tag-entertainment","tag-fi","tag-finland","tag-finnish","tag-ilta-sanomat","tag-julkkikset","tag-suomi","tag-viihde"],"share_on_mastodon":{"url":"https:\/\/pubeurope.com\/@fi\/117216494383776986","error":""},"_links":{"self":[{"href":"https:\/\/www.europesays.com\/fi\/wp-json\/wp\/v2\/posts\/341845","targetHints":{"allow":["GET"]}}],"collection":[{"href":"https:\/\/www.europesays.com\/fi\/wp-json\/wp\/v2\/posts"}],"about":[{"href":"https:\/\/www.europesays.com\/fi\/wp-json\/wp\/v2\/types\/post"}],"author":[{"embeddable":true,"href":"https:\/\/www.europesays.com\/fi\/wp-json\/wp\/v2\/users\/2"}],"replies":[{"embeddable":true,"href":"https:\/\/www.europesays.com\/fi\/wp-json\/wp\/v2\/comments?post=341845"}],"version-history":[{"count":0,"href":"https:\/\/www.europesays.com\/fi\/wp-json\/wp\/v2\/posts\/341845\/revisions"}],"wp:featuredmedia":[{"embeddable":true,"href":"https:\/\/www.europesays.com\/fi\/wp-json\/wp\/v2\/media\/341846"}],"wp:attachment":[{"href":"https:\/\/www.europesays.com\/fi\/wp-json\/wp\/v2\/media?parent=341845"}],"wp:term":[{"taxonomy":"category","embeddable":true,"href":"https:\/\/www.europesays.com\/fi\/wp-json\/wp\/v2\/categories?post=341845"},{"taxonomy":"post_tag","embeddable":true,"href":"https:\/\/www.europesays.com\/fi\/wp-json\/wp\/v2\/tags?post=341845"}],"curies":[{"name":"wp","href":"https:\/\/api.w.org\/{rel}","templated":true}]}}