{"id":341853,"date":"2026-09-05T04:26:11","date_gmt":"2026-09-05T04:26:11","guid":{"rendered":"https:\/\/www.europesays.com\/fi\/341853\/"},"modified":"2026-09-05T04:26:11","modified_gmt":"2026-09-05T04:26:11","slug":"il-paljastaa-jos-venaja-yrittaa-tata-tekoa-saksa-aloittaa-sotilaalliset-toimet","status":"publish","type":"post","link":"https:\/\/www.europesays.com\/fi\/341853\/","title":{"rendered":"IL paljastaa: Jos Ven\u00e4j\u00e4 yritt\u00e4\u00e4 t\u00e4t\u00e4 tekoa, Saksa aloittaa sotilaalliset toimet"},"content":{"rendered":"<p>Kansainv\u00e4liset l\u00e4hteet kertovat Iltalehdelle, ett\u00e4 Nato-maat varautuvat Ven\u00e4j\u00e4n liikekannallepanoon. It\u00e4isen sivustan Nato-prikaatit ollaan valmiudessa kasvattamaan t\u00e4yteen vahvuuteen. Ukrainan aseapua pit\u00e4isi niin ik\u00e4\u00e4n kasvattaa nopeasti.<\/p>\n<p class=\"paragraph\">Puolustusliitto Nato ja sen it\u00e4isen sivustan j\u00e4senmaat varautuvat siihen, ett\u00e4 Ven\u00e4j\u00e4 toteuttaa syksyll\u00e4 liikekannallepanon.<\/p>\n<p class=\"paragraph\">\u2013 Aiemmin <strong>Vladimir Putin<\/strong> ajatteli, ett\u00e4 aika on h\u00e4nen puolellansa ja l\u00e4nsimaat v\u00e4syv\u00e4t Ukrainan tukemiseen. Nyt Putin saattaa ajatella, ett\u00e4 h\u00e4nell\u00e4 on kiire ja h\u00e4nen on pakko eskaloida sotaa liikekannallepanolla, ennen kuin tavallisten ven\u00e4l\u00e4isten tuki sotimiselle romahtaa, kansainv\u00e4linen ulko- ja turvallisuuspolitiikan l\u00e4hde sanoo Iltalehdelle.<\/p>\n<p class=\"paragraph\">T\u00e4m\u00e4n artikkelin tiedot perustuvat kansainv\u00e4listen korkean tason l\u00e4hteiden kanssa k\u00e4ytyihin keskusteluihin. L\u00e4hteiden henkil\u00f6ys on salattu heid\u00e4n pyynn\u00f6st\u00e4\u00e4n ja heid\u00e4n asemansa takia.<\/p>\n<p class=\"paragraph\">He kertovat, ett\u00e4 Natossa ja puolustusliiton j\u00e4senmaissa on laadittu suunnitelmia sen varalle, ett\u00e4 Putin m\u00e4\u00e4r\u00e4\u00e4 liikekannallepanon \u2013 osittaisen tai kaikkia asevelvollisia koskevan.<\/p>\n<p class=\"paragraph\">\u2013 Jos Ven\u00e4j\u00e4ll\u00e4 tehd\u00e4\u00e4n p\u00e4\u00e4t\u00f6s suuresta liikekannallepanosta, meid\u00e4n on reagoitava oikein ja nopeasti, Nato-l\u00e4hde painottaa.<\/p>\n<p class=\"paragraph\">Oikein reagoimisella Nato-l\u00e4hde tarkoittaa sit\u00e4, ettei Putinille saa synty\u00e4 harhakuvitelmaa, jossa ven\u00e4l\u00e4iset pystyisiv\u00e4t testaamaan menestyksellisesti Naton 5. artiklaa miss\u00e4\u00e4n puolustusliiton kolkassa.<\/p>\n<p class=\"paragraph\">\u2013 Tietoisuus liikekannallepanon mahdollisuudesta on t\u00e4ll\u00e4 hetkell\u00e4 korkea. Kaikki seuraavat tilannetta tarkasti. Luotan siihen, ett\u00e4 olemme valmiudessa varmistamaan, ettei mink\u00e4\u00e4nlaiselle 5. artiklan testaamiselle ole tilaa, Nato-l\u00e4hde sanoo.<\/p>\n<p>Nato-prikaatit t\u00e4yteen vahvuuteen<\/p>\n<p class=\"paragraph\">L\u00e4hteiden mukaan Nato on valmistautunut siihen, ett\u00e4 it\u00e4isen sivustan monikansallisten Nato-prikaatien kohdemaassa paikan p\u00e4\u00e4ll\u00e4 oleva henkil\u00f6st\u00f6 nostetaan t\u00e4yteen vahvuuteen.<\/p>\n<p class=\"paragraph\">Kolmen eri korkean tason l\u00e4hteen mukaan sit\u00e4 on jo suunniteltu, miten Nato-maat reagoisivat liikekannallepanoon. Suunnitelmia p\u00e4ivitet\u00e4\u00e4n koko ajan.<\/p>\n<p class=\"paragraph\">\u2013 Olemme joka tapauksessa valmiita ja valmistaudumme. Reagoimme silloin v\u00e4litt\u00f6m\u00e4sti, ja niin tekee my\u00f6s Nato kollektiivisesti, er\u00e4\u00e4n it\u00e4isen sivustan Nato-maan hallitusl\u00e4hde kertoo.<\/p>\n<p class=\"paragraph\">Esimerkiksi Virossa olisi kokonaisuudessaan l\u00e4sn\u00e4 5\u202f000 sotilaan brittijohtoinen Nato-prikaati. Siihen kuuluisi esimerkiksi moderniin droonisodank\u00e4yntiin koulutettu brittipataljoona ja ranskalaisia droonipuolustuksen erikoisjoukkoja.<\/p>\n<p class=\"paragraph\">Latviassa Nato-prikaatin vahvuus nostettaisiin niin ik\u00e4\u00e4n 5\u202f000 sotilaaseen, samoin Liettuassa. Ensin mainitussa johtovaltiona on Kanada, j\u00e4lkimm\u00e4isess\u00e4 Liettua.<\/p>\n<p class=\"paragraph\">Suomen Nato-prikaatin p\u00e4\u00e4osan muodostavat ruotsalaiset jalkav\u00e4en sotilaat. Rauhanoloissa heid\u00e4t on sijoitettu Bodeniin. L\u00e4hteiden mukaan Nato on valmistautunut siihen, ett\u00e4 ruotsalaissotilaat siirtyisiv\u00e4t Suomeen. Heid\u00e4n lis\u00e4kseen Lappiin saapuisi FLF-prikaatin ranskalainen taisteluyksikk\u00f6.<\/p>\n<p>Ruotsin puolustusvoimat on nimitt\u00e4nyt Suomeen perustetun Nato-prikaatin komentajaksi eversti Daniel Rydbergin. David Luttu Carr <\/p>\n<p>Italia Suomen FLF:\u00e4\u00e4n<\/p>\n<p class=\"paragraph\">Iltalehden tietojen mukaan Suomen puolustusministeri\u00f6 on neuvotellut siit\u00e4, ett\u00e4 Italia tulisi virallisesti osaksi Suomen Nato-prikaatia.<\/p>\n<p class=\"paragraph\">Naton uutta pohjoisen puolustussuunnitelmaa harjoiteltiin viime kev\u00e4\u00e4n\u00e4 Cold Response -harjoituksessa.<\/p>\n<p class=\"paragraph\">Siihen sis\u00e4ltyy ruotsalaisten, ranskalaisten ja italialaisten vuoristosotilaiden tuominen vahvistuksiksi Suomen Lappiin.<\/p>\n<p class=\"paragraph\">Lappiin kuljetettiin Suomen liittolaismaista l\u00e4hes 4\u202f000 sotilasta. Ruotsista saapui divisioonan esikunta, joka johti noin 3\u202f000 ruotsalaissotilaan vahvuista prikaatia.<\/p>\n<p class=\"paragraph\">Nato-l\u00e4hteet kertovat, ett\u00e4 n\u00e4m\u00e4 joukot voidaan m\u00e4\u00e4r\u00e4t\u00e4 nopeasti ylim\u00e4\u00e4r\u00e4isiin harjoituksiin Suomeen, jos Ven\u00e4j\u00e4 toteuttaa liikekannallepanon.<\/p>\n<p class=\"paragraph\">Iltalehti seurasi Cold Responsea paikan p\u00e4\u00e4ll\u00e4 ja haastatteli harjoitusta Suomessa johtanutta prikaatikenraali <strong>Manu Tuomista<\/strong>.<\/p>\n<p class=\"paragraph\">\u2013 Harjoituksen keskeinen teema on ollut Nato-joukkojen saapuminen yhteisen operaatioalueen it\u00e4osiin eli k\u00e4yt\u00e4nn\u00f6ss\u00e4 Suomen Lappiin, Tuominen korosti.<\/p>\n<p>Norjalainen erikoisjoukkojen sotilas esitteli taitojaan viime kev\u00e4\u00e4n\u00e4 Cold Response \u2013harjoituksessa. Cpl. Garrett Gillespie<\/p>\n<p class=\"paragraph\">Ranskalais-italialaisen pataljoonan vahvuus oli harjoituksessa noin 800 sotilasta.<\/p>\n<p class=\"paragraph\">\u2013 He ovat kyvykk\u00e4it\u00e4 kavereita ja tottuneet talveen. Ranskalais-italialainen yksikk\u00f6 on ollut positiivinen yll\u00e4tys, Tuominen kiitteli Alpeilla koulutettujen vuoristosotilaiden taistelukyky\u00e4.<\/p>\n<p>Lis\u00e4\u00e4 saksalaisia Liettuaan<\/p>\n<p class=\"paragraph\">Mik\u00e4li Ven\u00e4j\u00e4 toteuttaisi liikekannallepanon my\u00f6s Kaliningradissa, yksi uhkaskenaarioista kohdistuisi Suwalkin k\u00e4yt\u00e4v\u00e4\u00e4n.<\/p>\n<p class=\"paragraph\">Nato on valmistautunut est\u00e4m\u00e4\u00e4n Ven\u00e4j\u00e4n yrityksen muodostaa sotilaallinen maayhteys Kaliningradin ja Valko-Ven\u00e4j\u00e4n v\u00e4lille. Jos Ven\u00e4j\u00e4 haluaisi maayhteyden, sen pit\u00e4isi miehitt\u00e4\u00e4 Liettuan ja Puolan v\u00e4linen rajaseutu.<\/p>\n<p class=\"paragraph\">\u2013 Saksalainen Nato-prikaati on valmiudessa est\u00e4m\u00e4\u00e4n sen. Saksan Bundeswehr pystyy siirt\u00e4m\u00e4\u00e4n Liettuaan my\u00f6s vahvistuksia Liettuan armeijan tueksi, ulko- ja turvallisuuspolitiikan l\u00e4hde kertoo.<\/p>\n<p>Saksalaiset Nato-sotilaat ovat valmiudessa est\u00e4m\u00e4\u00e4n mink\u00e4 tahansa Ven\u00e4j\u00e4n sotilaallisen operaation Suwalkin k\u00e4yt\u00e4v\u00e4ss\u00e4. Kuvassa on Bundeswehrin maajoukkoja. EPA \/ AOP<\/p>\n<p>Tiedusteluraporttien kuva<\/p>\n<p class=\"paragraph\">L\u00e4hteet kertovat, ett\u00e4 tiedusteluraportit ovat vahvistaneet Ven\u00e4j\u00e4n hallinnon tehneen valmisteluita liikekannallepanon toteuttamiseksi.<\/p>\n<p class=\"paragraph\">Raporteista selvi\u00e4\u00e4 sekin, ett\u00e4 Ven\u00e4j\u00e4n talous on viel\u00e4 huonommassa jamassa kuin julkisuuteen on v\u00e4ltt\u00e4m\u00e4tt\u00e4 kerrottu. Rahoituslaitokset on pakotettu lainaamaan suuria summia aseita valmistaville yrityksille, vaikka yrityksilt\u00e4 puuttuisi luottokelpoisuus.<\/p>\n<p class=\"paragraph\">K\u00e4yt\u00e4nn\u00f6ss\u00e4 Ven\u00e4j\u00e4ll\u00e4 kytee pankki- ja rahoituskriisi, koska suuri osa my\u00f6nnett\u00e4vist\u00e4 lainoista luokiteltaisiin normaalioloissa roskalainoiksi.<\/p>\n<p class=\"paragraph\">Tiedot Moskovasta kertovat niin ik\u00e4\u00e4n, ett\u00e4 varakkaat yritt\u00e4j\u00e4t maksavat hallinnolle aiempaa enemm\u00e4n lahjuksia, jotka k\u00e4yt\u00e4nn\u00f6ss\u00e4 ovat suojelurahoja.<\/p>\n<p class=\"paragraph\">Yritt\u00e4j\u00e4t tekev\u00e4t n\u00e4in my\u00f6s oma-aloitteisesti, koska he pelk\u00e4\u00e4v\u00e4t hallinnon anastavan liiketoimintansa tekaistuilla perusteilla.<\/p>\n<p class=\"paragraph\">Paradoksi syntyy siit\u00e4, ett\u00e4 juuri talouden heikkeneminen ja ihmisten tyytym\u00e4tt\u00f6myyden kasvu saattavat toimia polttoaineena liikekannallepanolle.<\/p>\n<p>Putinin mielenliikkeet<\/p>\n<p class=\"paragraph\">Nato-mailla on hyv\u00e4t tiedot Ven\u00e4j\u00e4n k\u00e4yt\u00e4nn\u00f6n toimista.<\/p>\n<p class=\"paragraph\">Sen arvioiminen on kuitenkin vaikeata, mit\u00e4 Putinin mieless\u00e4 liikkuu.<\/p>\n<p class=\"paragraph\">\u2013 Liikekannallepanon m\u00e4\u00e4r\u00e4\u00e4minen on Ven\u00e4j\u00e4ll\u00e4 kiinni yhdest\u00e4 ihmisest\u00e4, Putinista, ei kenest\u00e4k\u00e4\u00e4n muusta, Nato-maan hallitusl\u00e4hde sanoo.<\/p>\n<p class=\"paragraph\">Kansainv\u00e4linen ulko- ja turvallisuuspolitiikan l\u00e4hde korostaa, ett\u00e4 vaikka Putin m\u00e4\u00e4r\u00e4isi liikekannallepanon, perusasetelma ei muutu.<\/p>\n<p class=\"paragraph\">\u2013 Liikekannallepano ei muuta mit\u00e4\u00e4n. Me osoitamme nyt ja silloinkin Putinille, ett\u00e4 h\u00e4n ei pysty voittamaan aloittamaansa sotaa. Meid\u00e4n pit\u00e4\u00e4 kasvattaa aseapuamme ja saada viimeist\u00e4\u00e4n silloin kaikki Euroopan maat aseistamaan Ukrainaa tosissaan, l\u00e4hde arvioi seurauksia.<\/p>\n<p>Ukrainalaiset sotilaat tarvitsisivat nopeasti lis\u00e4\u00e4 aseapua, jos Ven\u00e4j\u00e4 toteuttaisi liikekannallepanon. AOP<\/p>\n<p>Vakava tilanne Ukrainalle<\/p>\n<p class=\"paragraph\">L\u00e4hteet arvioivat, ett\u00e4 tilanne olisi kaikesta varautumisesta huolimatta eritt\u00e4in vakava.<\/p>\n<p class=\"paragraph\">Nato-l\u00e4hde painottaa, ett\u00e4 Ven\u00e4j\u00e4\u00e4 ei saisi p\u00e4\u00e4st\u00e4\u00e4 etenem\u00e4\u00e4n Ukrainassa. Hy\u00f6kk\u00e4yksen menestyminen laskisi Ven\u00e4j\u00e4n rimaa k\u00e4ytt\u00e4\u00e4 my\u00f6hemmin aseellista voimaa jotakin Nato-maata vastaan.<\/p>\n<p class=\"paragraph\">T\u00e4ll\u00e4 hetkell\u00e4 Ven\u00e4j\u00e4n armeija rekrytoi valtaosan sotilaistaan vapaaehtoispohjalta.<\/p>\n<p class=\"paragraph\">\u2013 Liikekannallepanoa k\u00e4ytett\u00e4isiin varmuudella Ven\u00e4j\u00e4n Ukrainaa vastaan k\u00e4ym\u00e4n hy\u00f6kk\u00e4yssodan tukemiseen. Mink\u00e4 tahansa tyyppinen liikekannallepano on eritt\u00e4in vakava sotilaallinen uhka ja huolenaihe Ukrainalle. Ja koska se on sotilaallinen huolenaihe Ukrainalle, se on huolenaihe my\u00f6s Euroopalle, Nato-l\u00e4hde arvioi.<\/p>\n<p>Aseapua pakko kasvattaa<\/p>\n<p class=\"paragraph\">Syksyll\u00e4 tai talvella Euroopan maat saattavat olla tilanteessa, jossa niiden olisi pakko aseistaa Ukrainaa nopeasti huomattavasti nykyist\u00e4 enemm\u00e4n.<\/p>\n<p class=\"paragraph\">\u2013 Ratkaisevaa on, mit\u00e4 teemme yksitt\u00e4isin\u00e4 maina mutta my\u00f6s Natona ja Euroopan unionina varmistaaksemme, ett\u00e4 Ukraina pystyy puolustautumaan liikekannallepanoa vastaan, Nato-l\u00e4hde kuvailee mahdollisesti edess\u00e4 olevaa totuuden hetke\u00e4.<\/p>\n<p class=\"paragraph\">L\u00e4hde arvioi, ett\u00e4 Ven\u00e4j\u00e4 yritt\u00e4isi hy\u00f6k\u00e4t\u00e4 asekuljetuksia vastaan ja kiihdytt\u00e4isi sabotaasi-iskujaan Nato-maissa.<\/p>\n<p class=\"paragraph\">Toinen korkean tason l\u00e4hde sanoo suoraan sen, ettei n\u00e4pertely en\u00e4\u00e4 riit\u00e4 mihink\u00e4\u00e4n, koska Putin yritt\u00e4\u00e4 hakea sotilaallista ratkaisua.<\/p>\n<p class=\"paragraph\">\u2013 Ven\u00e4j\u00e4n j\u00e4\u00e4dytetyt varat pit\u00e4\u00e4 antaa Ukrainalle. EU:n pit\u00e4\u00e4 kirist\u00e4\u00e4 pakotteita merkitt\u00e4v\u00e4sti, h\u00e4n kiteytt\u00e4\u00e4 asioita, jotka mittaavat, onko eurooppalaisista tosipaikassa mihink\u00e4\u00e4n.<\/p>\n<p>Ukrainan sodanjohto on toistuvasti huomauttanut muille l\u00e4nsimaille, ett\u00e4 Ven\u00e4j\u00e4n sotilaalliset tavoitteet ulottuvat paljon Ukrainaa laajemmalle. ZumaWire \/ MVPHOTOS<\/p>\n<p>Sodasta voittamaton Putinille<\/p>\n<p class=\"paragraph\">V\u00e4lit\u00f6n Ven\u00e4j\u00e4n hy\u00f6kk\u00e4ys Natoa vastaan olisi l\u00e4hteiden arvion mukaan ep\u00e4todenn\u00e4k\u00f6inen, vaikka Putin m\u00e4\u00e4r\u00e4isi t\u00e4yden liikekannallepanon.<\/p>\n<p class=\"paragraph\">\u2013 Naton pelote ja yhteisen puolustuksen rakenteet ovat jo t\u00e4n\u00e4 p\u00e4iv\u00e4n\u00e4 uskottavat ja vahvat. Tied\u00e4mme, ett\u00e4 Putin suhtautuu hyvin vakavasti Naton 5. artiklaan ja yhteiseen puolustukseen. H\u00e4n kunnioittaa niit\u00e4, hallitusl\u00e4hde arvioi.<\/p>\n<p class=\"paragraph\">Suomessa tunnelma on odottava, mutta rauhallinen.<\/p>\n<p class=\"paragraph\">\u2013 Putin voi m\u00e4\u00e4r\u00e4t\u00e4 liikekannallepanon, mutta siin\u00e4 on my\u00f6s h\u00e4nelle sis\u00e4poliittisia riskej\u00e4. Se osoittaisi kaikille, ettei h\u00e4n ole tosissaan neuvottelemassa rauhaa. Sik\u00e4li kuin kukaan siit\u00e4 nyt tarvitsisi vahvistusta, er\u00e4s turvallisuuspolitiikan l\u00e4hde pohtii.<\/p>\n<p class=\"paragraph\">Liikekannallepano olisi silti vakava uhka my\u00f6s Nato-maille. L\u00e4hteet sanovat, ett\u00e4 Putinin todelliset tavoitteet ovat paljon Ukrainan valtaamista laajemmat.<\/p>\n<p class=\"paragraph\">\u2013 Sodasta t\u00e4ytyy tehd\u00e4 h\u00e4nelle voittamaton, yksi l\u00e4hteist\u00e4 kiteytt\u00e4\u00e4.<\/p>\n","protected":false},"excerpt":{"rendered":"Kansainv\u00e4liset l\u00e4hteet kertovat Iltalehdelle, ett\u00e4 Nato-maat varautuvat Ven\u00e4j\u00e4n liikekannallepanoon. It\u00e4isen sivustan Nato-prikaatit ollaan valmiudessa kasvattamaan t\u00e4yteen vahvuuteen. Ukrainan&hellip;\n","protected":false},"author":2,"featured_media":341854,"comment_status":"","ping_status":"","sticky":false,"template":"","format":"standard","meta":{"footnotes":"","_share_on_mastodon":"0"},"categories":[14],"tags":[35,802,22,23,26,27,33,31,30,17,24,25,803,28,29,15,18,21,637,2535,32,19,20,56,16,1262,59,60,61],"class_list":["post-341853","post","type-post","status-publish","format-standard","has-post-thumbnail","category-ulkomaat","tag-24h","tag-armeijat-ja-aseelliset-joukot","tag-breaking-news","tag-breakingnews","tag-featured-news","tag-featurednews","tag-fi","tag-finland","tag-finnish","tag-headlines","tag-latest-news","tag-latestnews","tag-levottomuudet-ja-sodat","tag-main-news","tag-mainnews","tag-news","tag-otsikot","tag-paauutiset","tag-politiikka","tag-puolustuspolitiikka","tag-suomi","tag-top-stories","tag-topstories","tag-ulkomaat","tag-uutiset","tag-venajan-politiikka","tag-world","tag-world-news","tag-worldnews"],"share_on_mastodon":{"url":"https:\/\/pubeurope.com\/@fi\/117216541658658582","error":""},"_links":{"self":[{"href":"https:\/\/www.europesays.com\/fi\/wp-json\/wp\/v2\/posts\/341853","targetHints":{"allow":["GET"]}}],"collection":[{"href":"https:\/\/www.europesays.com\/fi\/wp-json\/wp\/v2\/posts"}],"about":[{"href":"https:\/\/www.europesays.com\/fi\/wp-json\/wp\/v2\/types\/post"}],"author":[{"embeddable":true,"href":"https:\/\/www.europesays.com\/fi\/wp-json\/wp\/v2\/users\/2"}],"replies":[{"embeddable":true,"href":"https:\/\/www.europesays.com\/fi\/wp-json\/wp\/v2\/comments?post=341853"}],"version-history":[{"count":0,"href":"https:\/\/www.europesays.com\/fi\/wp-json\/wp\/v2\/posts\/341853\/revisions"}],"wp:featuredmedia":[{"embeddable":true,"href":"https:\/\/www.europesays.com\/fi\/wp-json\/wp\/v2\/media\/341854"}],"wp:attachment":[{"href":"https:\/\/www.europesays.com\/fi\/wp-json\/wp\/v2\/media?parent=341853"}],"wp:term":[{"taxonomy":"category","embeddable":true,"href":"https:\/\/www.europesays.com\/fi\/wp-json\/wp\/v2\/categories?post=341853"},{"taxonomy":"post_tag","embeddable":true,"href":"https:\/\/www.europesays.com\/fi\/wp-json\/wp\/v2\/tags?post=341853"}],"curies":[{"name":"wp","href":"https:\/\/api.w.org\/{rel}","templated":true}]}}