{"id":341855,"date":"2026-09-05T04:27:11","date_gmt":"2026-09-05T04:27:11","guid":{"rendered":"https:\/\/www.europesays.com\/fi\/341855\/"},"modified":"2026-09-05T04:27:11","modified_gmt":"2026-09-05T04:27:11","slug":"lapsensa-surmanneen-naisen-oikeudenkaynti-paattyi-umpikujaan-yhdysvalloissa-uutisia-lyhyesti","status":"publish","type":"post","link":"https:\/\/www.europesays.com\/fi\/341855\/","title":{"rendered":"Lapsensa surmanneen naisen oikeudenk\u00e4ynti p\u00e4\u00e4ttyi umpikujaan Yhdysvalloissa | Uutisia lyhyesti"},"content":{"rendered":"<p class=\"aw__sc-1qwuw0s-0 aw__sc-1vg2sqm-0 epAWpq ecELkD yle__article__paragraph\">Lindsay Clansyn murhasyyte on silti edelleen voimassa.<\/p>\n<p><img decoding=\"async\" alt=\"Ihmisi\u00e4 puhumassa mikrofoneihin median edustajille ison rakennuksen edess\u00e4.\" src=\"https:\/\/www.europesays.com\/fi\/wp-content\/uploads\/2026\/09\/1788571897.jpeg\" class=\"aw__sc-dklauk-0 LPzKX\"\/><\/p>\n<p>Avaa kuvien katselu<\/p>\n<p>Syytt\u00e4j\u00e4 Timothy Cruz kertoi oikeudenk\u00e4ynnin j\u00e4lkeen, ettei p\u00e4\u00e4t\u00f6st\u00e4 syytteen uudelleen nostamisesta ole viel\u00e4 tehty. Kuva: Joseph Prezioso \/ AFP<\/p>\n<p class=\"aw__sc-1qwuw0s-0 aw__sc-ngllmo-0 epAWpq fzYpjk yle__article__paragraph\">Kolmen pienen lapsensa tappamisesta syytetty Lindsay Clancyn murhaoikeudenk\u00e4ynti julistettiin mit\u00e4tt\u00f6m\u00e4ksi perjantaina.<\/p>\n<p class=\"aw__sc-1qwuw0s-0 aw__sc-ngllmo-0 epAWpq fzYpjk yle__article__paragraph\">Tuomari julisti oikeudenk\u00e4ynnin mit\u00e4tt\u00f6m\u00e4ksi sen j\u00e4lkeen, kun valamiehist\u00f6 ei viikon neuvottelun j\u00e4lkeen kyennyt yksimielisesti p\u00e4\u00e4tt\u00e4m\u00e4\u00e4n, onko Clancy rikosoikeudellisesti vastuullinen teostaan.<\/p>\n<p class=\"aw__sc-1qwuw0s-0 aw__sc-ngllmo-0 epAWpq fzYpjk yle__article__paragraph\">My\u00f6hemmin t\u00e4ss\u00e4 kuussa pidett\u00e4v\u00e4 kuuleminen mahdollisesti m\u00e4\u00e4ritt\u00e4\u00e4, mit\u00e4 tapahtuu seuraavaksi.<\/p>\n<p class=\"aw__sc-1qwuw0s-0 aw__sc-ngllmo-0 epAWpq fzYpjk yle__article__paragraph\">Clancyn puolustus vetosi oikeudenk\u00e4ynniss\u00e4 siihen, ett\u00e4 nainen on syyntakeeton mielenterveysongelmien vuoksi. Oikeudenk\u00e4ynti p\u00e4\u00e4ttyi umpikujaan, mutta Clancya syytet\u00e4\u00e4n edelleen murhasta ja h\u00e4n voi p\u00e4\u00e4ty\u00e4 oikeuteen uudestaan.<\/p>\n<p class=\"aw__sc-1qwuw0s-0 aw__sc-ngllmo-0 epAWpq fzYpjk yle__article__paragraph\">Clancy on ollut suljettu osavaltion psykiatriseen sairaalaan oikeudenk\u00e4ynnin aikana.<\/p>\n<p class=\"aw__sc-1qwuw0s-0 aw__sc-ngllmo-0 epAWpq fzYpjk yle__article__paragraph\">Oikeudenk\u00e4ynnin mit\u00e4t\u00f6innin j\u00e4lkeen Plymouth Countyn syytt\u00e4j\u00e4 <strong class=\"aw__sc-ngllmo-2 gdRrun yle__article__strong\">Tim Cruz<\/strong> kertoi toimittajille, ettei p\u00e4\u00e4t\u00f6st\u00e4 syytteen uudelleen nostamisesta ole viel\u00e4 tehty.<\/p>\n<p class=\"aw__sc-1qwuw0s-0 aw__sc-ngllmo-0 epAWpq fzYpjk yle__article__paragraph\">L\u00e4hde: Reuters<\/p>\n","protected":false},"excerpt":{"rendered":"Lindsay Clansyn murhasyyte on silti edelleen voimassa. Avaa kuvien katselu Syytt\u00e4j\u00e4 Timothy Cruz kertoi oikeudenk\u00e4ynnin j\u00e4lkeen, ettei p\u00e4\u00e4t\u00f6st\u00e4&hellip;\n","protected":false},"author":2,"featured_media":341856,"comment_status":"","ping_status":"","sticky":false,"template":"","format":"standard","meta":{"footnotes":"","_share_on_mastodon":"0"},"categories":[12],"tags":[22,23,26,27,33,31,30,17,24,25,28,29,15,18,21,32,19,20,16],"class_list":["post-341855","post","type-post","status-publish","format-standard","has-post-thumbnail","category-suomi","tag-breaking-news","tag-breakingnews","tag-featured-news","tag-featurednews","tag-fi","tag-finland","tag-finnish","tag-headlines","tag-latest-news","tag-latestnews","tag-main-news","tag-mainnews","tag-news","tag-otsikot","tag-paauutiset","tag-suomi","tag-top-stories","tag-topstories","tag-uutiset"],"share_on_mastodon":{"url":"https:\/\/pubeurope.com\/@fi\/117216546061930689","error":""},"_links":{"self":[{"href":"https:\/\/www.europesays.com\/fi\/wp-json\/wp\/v2\/posts\/341855","targetHints":{"allow":["GET"]}}],"collection":[{"href":"https:\/\/www.europesays.com\/fi\/wp-json\/wp\/v2\/posts"}],"about":[{"href":"https:\/\/www.europesays.com\/fi\/wp-json\/wp\/v2\/types\/post"}],"author":[{"embeddable":true,"href":"https:\/\/www.europesays.com\/fi\/wp-json\/wp\/v2\/users\/2"}],"replies":[{"embeddable":true,"href":"https:\/\/www.europesays.com\/fi\/wp-json\/wp\/v2\/comments?post=341855"}],"version-history":[{"count":0,"href":"https:\/\/www.europesays.com\/fi\/wp-json\/wp\/v2\/posts\/341855\/revisions"}],"wp:featuredmedia":[{"embeddable":true,"href":"https:\/\/www.europesays.com\/fi\/wp-json\/wp\/v2\/media\/341856"}],"wp:attachment":[{"href":"https:\/\/www.europesays.com\/fi\/wp-json\/wp\/v2\/media?parent=341855"}],"wp:term":[{"taxonomy":"category","embeddable":true,"href":"https:\/\/www.europesays.com\/fi\/wp-json\/wp\/v2\/categories?post=341855"},{"taxonomy":"post_tag","embeddable":true,"href":"https:\/\/www.europesays.com\/fi\/wp-json\/wp\/v2\/tags?post=341855"}],"curies":[{"name":"wp","href":"https:\/\/api.w.org\/{rel}","templated":true}]}}