{"id":341857,"date":"2026-09-05T04:28:19","date_gmt":"2026-09-05T04:28:19","guid":{"rendered":"https:\/\/www.europesays.com\/fi\/341857\/"},"modified":"2026-09-05T04:28:19","modified_gmt":"2026-09-05T04:28:19","slug":"venalainen-biologi-pavel-glazkov-syyttaa-suomea-sikaruton-leviamisesta","status":"publish","type":"post","link":"https:\/\/www.europesays.com\/fi\/341857\/","title":{"rendered":"Ven\u00e4l\u00e4inen biologi Pavel Glazkov syytt\u00e4\u00e4 Suomea sikaruton levi\u00e4misest\u00e4"},"content":{"rendered":"<p>Pavel Glazkovin mukaan suomalaiset toimivat v\u00e4\u00e4rin pyrkiess\u00e4\u00e4n torjumaan afrikkalaisen sikaruton levi\u00e4mist\u00e4.<\/p>\n<p class=\"font-(family-name:--picture-caption-font-family) text-(length:--picture-caption-font-size) leading-(--picture-caption-leading) font-(--picture-caption-font-weight) text-(color:--picture-caption-color)\">N\u00e4in sikaruton aiheuttamista rajoituksista kerrottiin elokuun alussa. Video:\u00a0Lassi Rinne \/ IS<\/p>\n<p>4.9. 22:12<\/p>\n<p class=\"article-body mb-(--paragraph-margin-b) px-nof-16\">Ven\u00e4l\u00e4inen biologi ja mediapersoona <a class=\"font-bold underline-offset-[0.12em] [text-decoration:var(--person-link-text-decoration)] [text-decoration-color:var(--person-link-text-decoration-color)]!\" href=\"https:\/\/www.is.fi\/haku\/?query=Pavel%20Glazkov\" rel=\"nofollow noopener\" target=\"_blank\">Pavel Glazkov<\/a> syytti torstaina Suomea afrikkalaisen sikaruton levi\u00e4misest\u00e4 Ven\u00e4j\u00e4n valtion uutistoimiston <a class=\"underline underline-offset-[0.12em] [text-decoration-thickness:var(--generic-link-underline-thickness)] [text-decoration-color:var(--generic-link-underline-color)] [text-decoration-skip-ink:var(--generic-link-underline-skip-ink)] break-words\" href=\"https:\/\/tass.ru\/nauka\/28076947\" rel=\"nofollow noopener\" target=\"_blank\">Tassin<\/a> haastattelussa.<\/p>\n<p class=\"article-body mb-(--paragraph-margin-b) px-nof-16\">Glazkovin mukaan sikaruton levi\u00e4minen syvemm\u00e4lle Suomeen on maan omien viranomaisten virheiden tulosta. Elokuun alussa Suomen rajavartiolaitos <a class=\"underline underline-offset-[0.12em] [text-decoration-thickness:var(--generic-link-underline-thickness)] [text-decoration-color:var(--generic-link-underline-color)] [text-decoration-skip-ink:var(--generic-link-underline-skip-ink)] break-words\" href=\"https:\/\/www.is.fi\/kotimaa\/art-2000012190692.html\" rel=\"nofollow noopener\" target=\"_blank\">sulki<\/a> it\u00e4rajan esteaidassa olevat riistaportit osana taudin torjuntaa.<\/p>\n<p class=\"article-body mb-(--paragraph-margin-b) px-nof-16\">\u2013 Suomalaiset tukkivat kulkureitin, ja virus levisi syvemm\u00e4lle Suomeen. Heid\u00e4n olisi pit\u00e4nyt sopeutua t\u00e4h\u00e4n luonnolliseen muuttoliikkeeseen, perustaa ruokintapaikkoja ja aloittaa villisikojen fyysinen karsinta. Sen sijaan he pystyttiv\u00e4t aidan ja laukaisivat levi\u00e4misen, Glazkov selitti Tassille.<\/p>\n<p class=\"article-body mb-(--paragraph-margin-b) px-nof-16\">Glazkovin mukaan villisiat ovat kulkeneet tavallisesti Ven\u00e4j\u00e4lt\u00e4 Suomen puolelle ravintoa etsim\u00e4\u00e4n ja palanneet sitten takaisin Ven\u00e4j\u00e4lle. Nyt rajan ylitt\u00e4nyt lauma on h\u00e4nen mukaansa k\u00e4yt\u00e4nn\u00f6ss\u00e4 ansassa Suomessa.<\/p>\n<p class=\"article-body mb-(--paragraph-margin-b) px-nof-16\">Sikaruttoa havaittiin Kaakkois-Suomessa Virolahdella ensimm\u00e4isen kerran hein\u00e4kuun lopulla. Tuolloin Ruokavirasto perusti seudulle tartuntavy\u00f6hykkeen, jolla mets\u00e4stys on kielletty.<\/p>\n<p class=\"article-body mb-(--paragraph-margin-b) px-nof-16\">Vy\u00f6hykett\u00e4 on sittemmin laajennettu uusien tartuntojen l\u00f6ytymisen my\u00f6t\u00e4. Aiemmin t\u00e4ll\u00e4 viikolla Ruokavirasto ilmoitti perustavansa tartuntavy\u00f6hykkeen ymp\u00e4rille noin 5\u201310 kilometri\u00e4 leve\u00e4n lis\u00e4rajoitusvy\u00f6hykkeen.<\/p>\n<p class=\"article-body mb-(--paragraph-margin-b) px-nof-16\">Siell\u00e4 mets\u00e4stys ei ole yleisesti kielletty, mutta kaikista mets\u00e4stetyist\u00e4 villisioista pit\u00e4\u00e4 toimittaa viranomaisille sikarutton\u00e4ytteet. N\u00e4ytteist\u00e4 maksettavaa palkkiota on korotettu 500 euroon.<\/p>\n<p class=\"article-body mb-(--paragraph-margin-b) px-nof-16\">Ruokavirasto kertoi tiistaina j\u00e4rjestetyss\u00e4 tiedotus\u00adtilaisuudessa selvitt\u00e4v\u00e4ns\u00e4 tartuntavy\u00f6hykkeen mahdollista aitaamista. Harkinnassa on my\u00f6s uuden ydinalueen perustaminen alueen l\u00e4nsiosaan.<\/p>\n<p class=\"article-body mb-(--paragraph-margin-b) px-nof-16\">Taustalla on Pyht\u00e4\u00e4lt\u00e4 viikko sitten l\u00f6ydetty tautitapaus. Suomessa oli keskiviikkoon menness\u00e4 vahvistettu 36 afrikkalaisen sikaruton tartuntatapausta.<\/p>\n","protected":false},"excerpt":{"rendered":"Pavel Glazkovin mukaan suomalaiset toimivat v\u00e4\u00e4rin pyrkiess\u00e4\u00e4n torjumaan afrikkalaisen sikaruton levi\u00e4mist\u00e4. N\u00e4in sikaruton aiheuttamista rajoituksista kerrottiin elokuun alussa.&hellip;\n","protected":false},"author":2,"featured_media":341858,"comment_status":"","ping_status":"","sticky":false,"template":"","format":"standard","meta":{"footnotes":"","_share_on_mastodon":"0"},"categories":[5],"tags":[22,23,26,27,33,31,30,17,34,24,25,28,29,15,18,21,32,19,20,16],"class_list":["post-341857","post","type-post","status-publish","format-standard","has-post-thumbnail","category-otsikot","tag-breaking-news","tag-breakingnews","tag-featured-news","tag-featurednews","tag-fi","tag-finland","tag-finnish","tag-headlines","tag-ilta-sanomat","tag-latest-news","tag-latestnews","tag-main-news","tag-mainnews","tag-news","tag-otsikot","tag-paauutiset","tag-suomi","tag-top-stories","tag-topstories","tag-uutiset"],"share_on_mastodon":{"url":"https:\/\/pubeurope.com\/@fi\/117216549482837959","error":""},"_links":{"self":[{"href":"https:\/\/www.europesays.com\/fi\/wp-json\/wp\/v2\/posts\/341857","targetHints":{"allow":["GET"]}}],"collection":[{"href":"https:\/\/www.europesays.com\/fi\/wp-json\/wp\/v2\/posts"}],"about":[{"href":"https:\/\/www.europesays.com\/fi\/wp-json\/wp\/v2\/types\/post"}],"author":[{"embeddable":true,"href":"https:\/\/www.europesays.com\/fi\/wp-json\/wp\/v2\/users\/2"}],"replies":[{"embeddable":true,"href":"https:\/\/www.europesays.com\/fi\/wp-json\/wp\/v2\/comments?post=341857"}],"version-history":[{"count":0,"href":"https:\/\/www.europesays.com\/fi\/wp-json\/wp\/v2\/posts\/341857\/revisions"}],"wp:featuredmedia":[{"embeddable":true,"href":"https:\/\/www.europesays.com\/fi\/wp-json\/wp\/v2\/media\/341858"}],"wp:attachment":[{"href":"https:\/\/www.europesays.com\/fi\/wp-json\/wp\/v2\/media?parent=341857"}],"wp:term":[{"taxonomy":"category","embeddable":true,"href":"https:\/\/www.europesays.com\/fi\/wp-json\/wp\/v2\/categories?post=341857"},{"taxonomy":"post_tag","embeddable":true,"href":"https:\/\/www.europesays.com\/fi\/wp-json\/wp\/v2\/tags?post=341857"}],"curies":[{"name":"wp","href":"https:\/\/api.w.org\/{rel}","templated":true}]}}