{"id":341859,"date":"2026-09-05T04:41:14","date_gmt":"2026-09-05T04:41:14","guid":{"rendered":"https:\/\/www.europesays.com\/fi\/341859\/"},"modified":"2026-09-05T04:41:14","modified_gmt":"2026-09-05T04:41:14","slug":"mikko-kekalainen-saa-kuulla-katsojilta-aina-saman-kommentin-ulkonaostaan","status":"publish","type":"post","link":"https:\/\/www.europesays.com\/fi\/341859\/","title":{"rendered":"Mikko Kek\u00e4l\u00e4inen saa kuulla katsojilta aina saman kommentin ulkon\u00e4\u00f6st\u00e4\u00e4n"},"content":{"rendered":"<p>Yle 100 Show\u2019ta yhdess\u00e4 Jenni Poikeluksen ja Sonja Kailassaaren kanssa juontava Mikko Kek\u00e4l\u00e4inen kuulee aina saman kommentin ulkon\u00e4\u00f6st\u00e4\u00e4n.<\/p>\n<p><img decoding=\"async\" src=\"https:\/\/www.europesays.com\/fi\/wp-content\/uploads\/2026\/09\/1788583274_271_468.jpg\" alt=\"Mikko Kek\u00e4l\u00e4inen saa kuulla katsojilta kommentteja h\u00e4nen pituudestaan. Mies n\u00e4ytt\u00e4\u00e4 heid\u00e4n mielest\u00e4\u00e4n tv:ss\u00e4 pidemm\u00e4lt\u00e4.\" class=\"_Img_1rerz_1\" style=\"aspect-ratio:1920\/1280\" loading=\"eager\"\/><\/p>\n<p class=\"font-(family-name:--picture-caption-font-family) text-(length:--picture-caption-font-size) leading-(--picture-caption-leading) font-(--picture-caption-font-weight) text-(color:--picture-caption-color)\">Mikko Kek\u00e4l\u00e4inen saa kuulla katsojilta kommentteja h\u00e4nen pituudestaan. Mies n\u00e4ytt\u00e4\u00e4 heid\u00e4n mielest\u00e4\u00e4n tv:ss\u00e4 pidemm\u00e4lt\u00e4. Kuva:\u00a0Eeva Valtokari \/ IS<\/p>\n<p class=\"article-body mb-(--paragraph-margin-b) px-nof-16\">Puoli seitsem\u00e4n -ohjelman suora l\u00e4hetys h\u00e4\u00e4m\u00f6tti edess\u00e4. Juontaja <a class=\"font-bold underline-offset-[0.12em] [text-decoration:var(--person-link-text-decoration)] [text-decoration-color:var(--person-link-text-decoration-color)]!\" href=\"https:\/\/www.is.fi\/haku\/?query=Mikko%20Kek%C3%A4l%C3%A4inen\" rel=\"nofollow noopener\" target=\"_blank\">Mikko Kek\u00e4l\u00e4inen<\/a>, 49, ei muista, mit\u00e4 varten h\u00e4n oli mennyt Ylen maanalaiseen k\u00e4yt\u00e4v\u00e4\u00e4n. Aiemmin h\u00e4n oli k\u00e4ynyt siell\u00e4 skeittaamassa, mutta t\u00e4ll\u00e4 kertaa h\u00e4n ei ollut sill\u00e4 asialla.<\/p>\n<p class=\"article-body mb-(--paragraph-margin-b) px-nof-16\">\u2013 Olin siell\u00e4 luolastossa ja p\u00e4\u00e4sin kulkukortillani suuren rautaoven taakse, mutten p\u00e4\u00e4ssyt en\u00e4\u00e4 takaisin sis\u00e4\u00e4n, h\u00e4n muistelee h\u00e4tk\u00e4hdytt\u00e4v\u00e4\u00e4 hetke\u00e4.<\/p>\n<p class=\"article-body mb-(--paragraph-margin-b) px-nof-16\">H\u00e4n ei pystynyt soittamaan apua, sill\u00e4 k\u00e4nnyk\u00e4n tolpat eiv\u00e4t riitt\u00e4neet siihen.<\/p>\n<p class=\"article-body mb-(--paragraph-margin-b) px-nof-16\">\u2013 Olin v\u00e4h\u00e4n liemess\u00e4, ett\u00e4 miten hitossa m\u00e4 p\u00e4\u00e4sen t\u00e4\u00e4lt\u00e4 pois. Eih\u00e4n t\u00e4nne v\u00e4ltt\u00e4m\u00e4tt\u00e4 ole tulossa ket\u00e4\u00e4n, ja olin niin syv\u00e4ll\u00e4 siell\u00e4.<\/p>\n<p class=\"article-body mb-(--paragraph-margin-b) px-nof-16\">Kek\u00e4l\u00e4inen koetti hakata ovea \u2013 turhaan. L\u00e4hetys oli alkamassa pian. H\u00e4n mietti, miten muut tuotannossa ja katsojat suhtautuisivat siihen, ettei Kek\u00e4l\u00e4ist\u00e4 n\u00e4yk\u00e4\u00e4n paikalla.<\/p>\n<p class=\"article-body mb-(--paragraph-margin-b) px-nof-16\">Tekstiviesti koitui pelastukseksi.<\/p>\n<p class=\"article-body mb-(--paragraph-margin-b) px-nof-16\">\u2013 Sain l\u00e4hetetty\u00e4 vaimolleni <a class=\"font-bold underline-offset-[0.12em] [text-decoration:var(--person-link-text-decoration)] [text-decoration-color:var(--person-link-text-decoration-color)]!\" href=\"https:\/\/www.is.fi\/haku\/?query=Kristiinalle\" rel=\"nofollow noopener\" target=\"_blank\">Kristiinalle<\/a> (Ylen urheilutapahtumien toimitusp\u00e4\u00e4llikk\u00f6 <a class=\"font-bold underline-offset-[0.12em] [text-decoration:var(--person-link-text-decoration)] [text-decoration-color:var(--person-link-text-decoration-color)]!\" href=\"https:\/\/www.is.fi\/haku\/?query=Kristiina%20Kek%C3%A4l%C3%A4inen\" rel=\"nofollow noopener\" target=\"_blank\">Kristiina Kek\u00e4l\u00e4inen<\/a>) tekstiviestin. Sen verran riitti kentt\u00e4\u00e4, ett\u00e4 tekstiviesti l\u00e4hti liikkeelle.<\/p>\n<p class=\"article-body mb-(--paragraph-margin-b) px-nof-16\">Kek\u00e4l\u00e4inen pyysi vaimoaan laittamaan Ylen Mediatalon vahtimestarille viesti\u00e4 ja tulemaan pelastamaan h\u00e4net kiipelist\u00e4.<\/p>\n<p class=\"article-body mb-(--paragraph-margin-b) px-nof-16\">\u2013 Olisin m\u00e4 siell\u00e4 hengiss\u00e4 selvinnyt todenn\u00e4k\u00f6isesti, mutta en v\u00e4ltt\u00e4m\u00e4tt\u00e4 sen p\u00e4iv\u00e4n l\u00e4hetykseen, Kek\u00e4l\u00e4inen pohtii.<\/p>\n<p><img decoding=\"async\" src=\"https:\/\/www.europesays.com\/fi\/wp-content\/uploads\/2026\/09\/1788583274_337_468.jpg\" alt=\"Kek\u00e4l\u00e4isell\u00e4 on pitk\u00e4 radiomenneisyys. Ja toivottavasti my\u00f6s radiotulevaisuus, h\u00e4n pohtii.\" class=\"_Img_1rerz_1\" style=\"aspect-ratio:1920\/1279\" loading=\"eager\"\/><\/p>\n<p class=\"font-(family-name:--picture-caption-font-family) text-(length:--picture-caption-font-size) leading-(--picture-caption-leading) font-(--picture-caption-font-weight) text-(color:--picture-caption-color) picture-with-caption__caption picture-with-caption__caption--default-full\">Kek\u00e4l\u00e4isell\u00e4 on pitk\u00e4 radiomenneisyys. Ja toivottavasti my\u00f6s radiotulevaisuus, h\u00e4n pohtii. Kuva:\u00a0Eeva Valtokari \/ IS<\/p>\n<p class=\"article-body mb-(--paragraph-margin-b) px-nof-16\">Yle 100 -tapahtumaa yhdess\u00e4 <a class=\"font-bold underline-offset-[0.12em] [text-decoration:var(--person-link-text-decoration)] [text-decoration-color:var(--person-link-text-decoration-color)]!\" href=\"https:\/\/www.is.fi\/haku\/?query=Sonja%20Kailassaaren\" rel=\"nofollow noopener\" target=\"_blank\">Sonja Kailassaaren<\/a> ja <a class=\"font-bold underline-offset-[0.12em] [text-decoration:var(--person-link-text-decoration)] [text-decoration-color:var(--person-link-text-decoration-color)]!\" href=\"https:\/\/www.is.fi\/haku\/?query=Jenni%20Poikeluksen\" rel=\"nofollow noopener\" target=\"_blank\">Jenni Poikeluksen<\/a> kanssa juontava Kek\u00e4l\u00e4inen on kulkenut pitk\u00e4n tien Ylell\u00e4.<\/p>\n<p class=\"article-body mb-(--paragraph-margin-b) px-nof-16\">H\u00e4n on tullut katsojille hyvin tutuksi. Aina kun Kek\u00e4l\u00e4inen l\u00e4htee Yle 100 -bussin mukana kiert\u00e4m\u00e4\u00e4n Suomea, h\u00e4n saa kuulla saman h\u00e4mm\u00e4stelyn.<\/p>\n<p class=\"article-body mb-(--paragraph-margin-b) px-nof-16\">\u2013 Ihmiset tulevat kommentoimaan mulle, \u201dett\u00e4 ai, s\u00e4 oletkin noin pieni\u201d. Telkkarinkin perusteella ihmiset n\u00e4k\u00f6j\u00e4\u00e4n luovat mielikuvia. Telkkari suurentaa, ja sanotaan, ett\u00e4 lihottaa seitsem\u00e4n kiloa.<\/p>\n<p class=\"article-body mb-(--paragraph-margin-b) px-nof-16\">Uteliaille tiedoksi: Kek\u00e4l\u00e4inen on 174 sentti\u00e4 pitk\u00e4.<\/p>\n<p class=\"article-body mb-(--paragraph-margin-b) px-nof-16\">\u2013 M\u00e4 en ole lyhyt enk\u00e4 pitk\u00e4. Olen harvinaisen keskivertoinen t\u00e4ss\u00e4kin asiassa. Ehk\u00e4 nyt v\u00e4h\u00e4n lyhyempi kuin mit\u00e4 vastaan tulee, mutta ei nyt mik\u00e4\u00e4n semmoinen, ett\u00e4 ihan kaikkia tarvitsisi alhaalta p\u00e4in katsoa.<\/p>\n<p class=\"article-body mb-(--paragraph-margin-b) px-nof-16\">Harva muistaa, mutta Kek\u00e4l\u00e4inen tuli tunnetuksi radiosta. H\u00e4n aloitti Radio Keski-Suomessa vuonna 1998. Kek\u00e4l\u00e4inen opiskeli tuohon aikaan puheviestint\u00e4\u00e4 Jyv\u00e4skyl\u00e4ss\u00e4, ja Ylen aluetoimitus sijaitsi samassa talossa kuin viestint\u00e4tieteiden laitos.<\/p>\n<p class=\"article-body mb-(--paragraph-margin-b) px-nof-16\">\u2013 L\u00f6ysin sen v\u00e4lioven, josta p\u00e4\u00e4see sinne Radio Keski-Suomen puolelle. Ja yh\u00e4 v\u00e4hemm\u00e4n aloin kulkea takaisin sinne viestint\u00e4tieteiden laitokselle.<\/p>\n<p class=\"article-body mb-(--paragraph-margin-b) px-nof-16\">Gradu on yh\u00e4 vaiheessa.<\/p>\n<p class=\"article-body mb-(--paragraph-margin-b) px-nof-16\">Kek\u00e4l\u00e4isell\u00e4 on pitk\u00e4 radiomenneisyys.<\/p>\n<p class=\"article-body mb-(--paragraph-margin-b) px-nof-16\">\u2013 Toivottavasti my\u00f6s radiotulevaisuus. Koen itseni ennen kaikkea radioty\u00f6ntekij\u00e4n\u00e4, vaikka olen 17 vuotta telkkaria tehnyt.<\/p>\n<p class=\"article-body mb-(--paragraph-margin-b) px-nof-16\">Kek\u00e4l\u00e4inen kuvailee olevansa suupaltti, joka tykk\u00e4\u00e4 omasta \u00e4\u00e4nest\u00e4\u00e4n.<\/p>\n<p class=\"article-body mb-(--paragraph-margin-b) px-nof-16\">\u2013 Siin\u00e4 mieless\u00e4 radio on kauhean hyv\u00e4, kun saa puhua niin paljon ja h\u00e4mm\u00e4stell\u00e4, ett\u00e4 tulinpa taas sanoneeksi jotakin tosi nerokasta. Telkkarissa ei ole aikaa jaaritella.<\/p>\n<p class=\"article-body mb-(--paragraph-margin-b) px-nof-16\">Juontaja nostaa esille yhden seikan, jota ei v\u00e4ltt\u00e4m\u00e4tt\u00e4 tule ajatelleeksi.<\/p>\n<p class=\"article-body mb-(--paragraph-margin-b) px-nof-16\">\u2013 Sanotaan, ett\u00e4 radiossa on paras kuva. Sen takia, ett\u00e4 se kuva on jokaisen itsens\u00e4 luoma.<\/p>\n<p class=\"article-body mb-(--paragraph-margin-b) px-nof-16\">Kek\u00e4l\u00e4inen oli lukioik\u00e4isen\u00e4 kova Radiomafia-fani. Radiomafia edelsi YleX:\u00e4\u00e4 vuosina 1990\u20132003.<\/p>\n<p class=\"article-body mb-(--paragraph-margin-b) px-nof-16\">\u2013 Kuuntelin Salovaaraa ja muita, ja mulla oli selke\u00e4 kuva siit\u00e4, milt\u00e4 <a class=\"font-bold underline-offset-[0.12em] [text-decoration:var(--person-link-text-decoration)] [text-decoration-color:var(--person-link-text-decoration-color)]!\" href=\"https:\/\/www.is.fi\/haku\/?query=Pertti%20Salovaara\" rel=\"nofollow noopener\" target=\"_blank\">Pertti Salovaara <\/a>n\u00e4ytt\u00e4\u00e4. Sitten kun n\u00e4in ensimm\u00e4isen kerran, milt\u00e4 Salovaara oikeasti n\u00e4ytti, se oli tavallaan shokki. Enk\u00e4 tarkoita, ett\u00e4 se johtui siit\u00e4, milt\u00e4 Pertti n\u00e4ytt\u00e4\u00e4, vaan luomani kuva oli niin erilainen.<\/p>\n<blockquote class=\"citation p-(--citation-padding) border-y-(length:--citation-border-width) border-y-(color:--citation-border-color)\">\n<p>Kuuntelin Salovaaraa ja muita, ja mulla oli selke\u00e4 kuva siit\u00e4, milt\u00e4 Pertti Salovaara n\u00e4ytt\u00e4\u00e4. Sitten kun n\u00e4in ensimm\u00e4isen kerran, milt\u00e4 Salovaara oikeasti n\u00e4ytti, se oli tavallaan shokki. Enk\u00e4 tarkoita, ett\u00e4 se johtui siit\u00e4, milt\u00e4 Pertti n\u00e4ytt\u00e4\u00e4, vaan luomani kuva oli niin erilainen.<\/p>\n<\/blockquote>\n","protected":false},"excerpt":{"rendered":"Yle 100 Show\u2019ta yhdess\u00e4 Jenni Poikeluksen ja Sonja Kailassaaren kanssa juontava Mikko Kek\u00e4l\u00e4inen kuulee aina saman kommentin ulkon\u00e4\u00f6st\u00e4\u00e4n.&hellip;\n","protected":false},"author":2,"featured_media":341860,"comment_status":"","ping_status":"","sticky":false,"template":"","format":"standard","meta":{"footnotes":"","_share_on_mastodon":"0"},"categories":[136],"tags":[407,137,33,31,30,34,408,32,109],"class_list":["post-341859","post","type-post","status-publish","format-standard","has-post-thumbnail","category-julkkikset","tag-celebrities","tag-entertainment","tag-fi","tag-finland","tag-finnish","tag-ilta-sanomat","tag-julkkikset","tag-suomi","tag-viihde"],"share_on_mastodon":{"url":"https:\/\/pubeurope.com\/@fi\/117216601194545894","error":""},"_links":{"self":[{"href":"https:\/\/www.europesays.com\/fi\/wp-json\/wp\/v2\/posts\/341859","targetHints":{"allow":["GET"]}}],"collection":[{"href":"https:\/\/www.europesays.com\/fi\/wp-json\/wp\/v2\/posts"}],"about":[{"href":"https:\/\/www.europesays.com\/fi\/wp-json\/wp\/v2\/types\/post"}],"author":[{"embeddable":true,"href":"https:\/\/www.europesays.com\/fi\/wp-json\/wp\/v2\/users\/2"}],"replies":[{"embeddable":true,"href":"https:\/\/www.europesays.com\/fi\/wp-json\/wp\/v2\/comments?post=341859"}],"version-history":[{"count":0,"href":"https:\/\/www.europesays.com\/fi\/wp-json\/wp\/v2\/posts\/341859\/revisions"}],"wp:featuredmedia":[{"embeddable":true,"href":"https:\/\/www.europesays.com\/fi\/wp-json\/wp\/v2\/media\/341860"}],"wp:attachment":[{"href":"https:\/\/www.europesays.com\/fi\/wp-json\/wp\/v2\/media?parent=341859"}],"wp:term":[{"taxonomy":"category","embeddable":true,"href":"https:\/\/www.europesays.com\/fi\/wp-json\/wp\/v2\/categories?post=341859"},{"taxonomy":"post_tag","embeddable":true,"href":"https:\/\/www.europesays.com\/fi\/wp-json\/wp\/v2\/tags?post=341859"}],"curies":[{"name":"wp","href":"https:\/\/api.w.org\/{rel}","templated":true}]}}