{"id":341861,"date":"2026-09-05T04:44:13","date_gmt":"2026-09-05T04:44:13","guid":{"rendered":"https:\/\/www.europesays.com\/fi\/341861\/"},"modified":"2026-09-05T04:44:13","modified_gmt":"2026-09-05T04:44:13","slug":"tanaan-tvssa-klassikkokomedia-vuodelta-1977-mel-brooks-sai-alfred-hitchcockilta-yllattavan-kiitoksen","status":"publish","type":"post","link":"https:\/\/www.europesays.com\/fi\/341861\/","title":{"rendered":"T\u00e4n\u00e4\u00e4n tv:ss\u00e4: Klassikkokomedia vuodelta 1977 \u2013\u00a0Mel Brooks sai Alfred Hitchcockilta yll\u00e4tt\u00e4v\u00e4n kiitoksen"},"content":{"rendered":"<p class=\"wp-block-paragraph\">T\u00e4n\u00e4\u00e4n n\u00e4hd\u00e4\u00e4n televisiossa vuonna 1977 valmistunut Korkeuskammo.<\/p>\n<p class=\"wp-block-paragraph\"><strong>Mel Brooksin<\/strong> ohjaaman parodiakomedian kohde on Alfred Hitchcockin tuotanto. Erityisesti pilailun kohteiksi joutuvat Vertigo \u2013 punainen kyynel, Psyko ja Linnut. Brooks omisti elokuvan Hitchcockille ja konsultoi t\u00e4t\u00e4 jo k\u00e4sikirjoitusvaiheessa.<\/p>\n<p class=\"wp-block-paragraph\">Brooks esitt\u00e4\u00e4 itse psykiatri Richard Thorndykea, joka saapuu uuden ty\u00f6ns\u00e4 per\u00e4ss\u00e4 korkealla merenrantakalliolla sijaitsevaan hoitolaitokseen. Paikan edellinen johtaja on kuollut h\u00e4m\u00e4riss\u00e4 olosuhteissa, eik\u00e4 Thorndyken oma korkean paikan kammo eli h\u00e4nen \u201dhigh anxiety\u201d -oireensa ainakaan helpota tilannetta. Pian h\u00e4n alkaa ep\u00e4ill\u00e4, ett\u00e4 sairaalassa tapahtuu jotakin rikollista.<\/p>\n<p class=\"wp-block-paragraph\">Thorndyke saa avukseen Victoria Brisbanen (<strong>Madeline Kahn<\/strong>), jonka is\u00e4\u00e4 pidet\u00e4\u00e4n laitoksessa vastoin t\u00e4m\u00e4n tahtoa. J\u00e4ljet johtavat sairaanhoitaja Charlotte Dieseliin (<strong>Cloris Leachman<\/strong>) ja tohtori Charles Montagueen (<strong>Harvey Korman<\/strong>), jotka k\u00e4ytt\u00e4v\u00e4t varakkaiden potilaiden sairauksia hyv\u00e4kseen. Thorndyke joutuu lopulta itse murhaep\u00e4ilyn kohteeksi. <\/p>\n<p class=\"wp-block-paragraph\">Brooks ei tyytynyt vain lainaamaan Hitchcockin tunnettuja kohtauksia vaan pyrki j\u00e4ljittelem\u00e4\u00e4n my\u00f6s t\u00e4m\u00e4n elokuvien kuvausta, valaistusta ja leikkausta. San Franciscon tapahtumissa k\u00e4ytet\u00e4\u00e4n jopa Vertigosta tuttuja kuvauspaikkoja. Mukana on viittauksia my\u00f6s <strong>Michelangelo Antonionin<\/strong> Blow Up -elokuvaan, <strong>Orson Wellesin<\/strong> Citizen Kaneen ja James Bond -elokuviin.<\/p>\n<p>Lue my\u00f6s: <a href=\"https:\/\/www.episodi.fi\/uutiset\/netflixiin-saapui-vuoden-2015-rikoselokuva-jossa-lahes-tunnistamaton-johnny-depp-esittaa-pahamaineista-gangsteria\/\" title=\"Netflixiin saapui vuoden 2015 rikoselokuva, jossa l\u00e4hes tunnistamaton Johnny Depp esitt\u00e4\u00e4 pahamaineista gangsteria\" class=\"underline-custom !font-heading !font-bold !underline-offset-4 !decoration-4 !decoration-accent !text-md\" rel=\"nofollow noopener\" target=\"_blank\">Netflixiin saapui vuoden 2015 rikoselokuva, jossa l\u00e4hes tunnistamaton Johnny Depp esitt\u00e4\u00e4 pahamaineista gangsteria<\/a><\/p>\n<p>Lue my\u00f6s: <a href=\"https:\/\/www.episodi.fi\/uutiset\/illalla-tvssa-ennen-kaikki-oli-paremmin-ainakin-hulvattoman-suomi-komedian-mukaan\/\" title=\"Nyt Netflixiss\u00e4: Hulvaton Suomi-komedia vuodelta 2014 \u2013 ker\u00e4si yli puoli miljoonaa katsojaa ja oli Golden Globe -ehdokas\" class=\"underline-custom !font-heading !font-bold !underline-offset-4 !decoration-4 !decoration-accent !text-md\" rel=\"nofollow noopener\" target=\"_blank\">Nyt Netflixiss\u00e4: Hulvaton Suomi-komedia vuodelta 2014 \u2013 ker\u00e4si yli puoli miljoonaa katsojaa ja oli Golden Globe -ehdokas<\/a><\/p>\n<p class=\"wp-block-paragraph\">Korkeuskammo ei yht\u00e4 tunnettu kuin Brooksin muut 1970-luvun komediat, kuten Frankenstein Junior ja Villi\u00e4 hurjempi l\u00e4nsi. Se ei ole aivan yht\u00e4 hauskakaan, vaikka Brooksin faneille se tarjoaakin mainiota viihdett\u00e4.<\/p>\n<p class=\"wp-block-paragraph\">Aikalaisarviot olivat melko kaksijakoisia. Kuuluisa kriitikko <strong>Roger Ebert <\/strong>antoi elokuvalle 2,5 t\u00e4hte\u00e4 nelj\u00e4st\u00e4 ja huomautti, ett\u00e4 Hitchcock on hankala parodian kohde, koska t\u00e4m\u00e4n elokuvissa on jo valmiiksi runsaasti huumoria. Toinen maineikas arvostelija <strong>Gene Siskel<\/strong> piti erityisesti Psykon ja Lintujen parodioita onnistuneina, mutta arvosteli osaa vitseist\u00e4 lapsellisiksi. <\/p>\n<p class=\"wp-block-paragraph\">Los Angeles Timesin <strong>Charles Champlin<\/strong> puolestaan piti elokuvaa yhten\u00e4 Brooksin eheimmist\u00e4 ja n\u00e4ki sen yht\u00e4 paljon kunnioittavana kunnianosoituksena kuin parodiana.<\/p>\n<p class=\"wp-block-paragraph\">Hitchcock itse suhtautui kunnianosoitukseen suopeasti. Brooks j\u00e4rjesti h\u00e4nelle yksityisn\u00e4yt\u00f6ksen ja hermostui, kun mestariohjaaja katsoi elokuvan ilmeett\u00f6m\u00e4n\u00e4 ja poistui kommentoimatta. Muutamaa p\u00e4iv\u00e4\u00e4 my\u00f6hemmin Hitchcock l\u00e4hetti Brooksille laatikollisen viini\u00e4 ja kiitosviestin. <\/p>\n<p class=\"wp-block-paragraph\">Korkeuskammo esitet\u00e4\u00e4n Yle Teemalla lauantaina 5.9.2026 klo 21.00. Areenassa 3.12.2026 saakka. Katso traileri alta.<\/p>\n<p><img loading=\"lazy\" decoding=\"async\" alt=\"Youtube video\" width=\"480\" height=\"360\" data-pin-nopin=\"true\" nopin=\"nopin\" class=\"perfmatters-lazy\" src=\"https:\/\/www.europesays.com\/fi\/wp-content\/uploads\/2026\/09\/1788583453_428_hqdefault.jpg\"\/><\/p>\n","protected":false},"excerpt":{"rendered":"T\u00e4n\u00e4\u00e4n n\u00e4hd\u00e4\u00e4n televisiossa vuonna 1977 valmistunut Korkeuskammo. Mel Brooksin ohjaaman parodiakomedian kohde on Alfred Hitchcockin tuotanto. Erityisesti pilailun&hellip;\n","protected":false},"author":2,"featured_media":341862,"comment_status":"","ping_status":"","sticky":false,"template":"","format":"standard","meta":{"footnotes":"","_share_on_mastodon":"0"},"categories":[133],"tags":[137,33,31,30,32,206,41242,156,109],"class_list":["post-341861","post","type-post","status-publish","format-standard","has-post-thumbnail","category-televisiot","tag-entertainment","tag-fi","tag-finland","tag-finnish","tag-suomi","tag-televisiot","tag-tv-vinkki","tag-tv","tag-viihde"],"share_on_mastodon":{"url":"https:\/\/pubeurope.com\/@fi\/117216613069085450","error":""},"_links":{"self":[{"href":"https:\/\/www.europesays.com\/fi\/wp-json\/wp\/v2\/posts\/341861","targetHints":{"allow":["GET"]}}],"collection":[{"href":"https:\/\/www.europesays.com\/fi\/wp-json\/wp\/v2\/posts"}],"about":[{"href":"https:\/\/www.europesays.com\/fi\/wp-json\/wp\/v2\/types\/post"}],"author":[{"embeddable":true,"href":"https:\/\/www.europesays.com\/fi\/wp-json\/wp\/v2\/users\/2"}],"replies":[{"embeddable":true,"href":"https:\/\/www.europesays.com\/fi\/wp-json\/wp\/v2\/comments?post=341861"}],"version-history":[{"count":0,"href":"https:\/\/www.europesays.com\/fi\/wp-json\/wp\/v2\/posts\/341861\/revisions"}],"wp:featuredmedia":[{"embeddable":true,"href":"https:\/\/www.europesays.com\/fi\/wp-json\/wp\/v2\/media\/341862"}],"wp:attachment":[{"href":"https:\/\/www.europesays.com\/fi\/wp-json\/wp\/v2\/media?parent=341861"}],"wp:term":[{"taxonomy":"category","embeddable":true,"href":"https:\/\/www.europesays.com\/fi\/wp-json\/wp\/v2\/categories?post=341861"},{"taxonomy":"post_tag","embeddable":true,"href":"https:\/\/www.europesays.com\/fi\/wp-json\/wp\/v2\/tags?post=341861"}],"curies":[{"name":"wp","href":"https:\/\/api.w.org\/{rel}","templated":true}]}}