{"id":341875,"date":"2026-09-05T04:55:14","date_gmt":"2026-09-05T04:55:14","guid":{"rendered":"https:\/\/www.europesays.com\/fi\/341875\/"},"modified":"2026-09-05T04:55:14","modified_gmt":"2026-09-05T04:55:14","slug":"sahkoautojen-arvoista-leviaa-hurja-huhu-nain-kommentoi-jattimainen-ostaja","status":"publish","type":"post","link":"https:\/\/www.europesays.com\/fi\/341875\/","title":{"rendered":"S\u00e4hk\u00f6autojen arvoista levi\u00e4\u00e4 hurja huhu \u2013 N\u00e4in kommentoi j\u00e4ttim\u00e4inen ostaja"},"content":{"rendered":"<p>Leasingyhti\u00f6 Secto Automotive rauhoittelee suomalaisia s\u00e4hk\u00f6autojen korjaamisen ymp\u00e4rill\u00e4 py\u00f6riv\u00e4n keskustelun myrskyn silm\u00e4ss\u00e4. <\/p>\n<p><img decoding=\"async\" class=\"image image-show image-preview\" src=\"https:\/\/www.europesays.com\/fi\/wp-content\/uploads\/2026\/09\/d9be8168fce84da87e3601d6da13e03ef69048ca5faa5f340ef8f87ca0adc5f8.jpg\" alt=\"\"\/><img decoding=\"async\" class=\"image image-show\" src=\"https:\/\/www.europesays.com\/fi\/wp-content\/uploads\/2026\/09\/1788584114_513_d9be8168fce84da87e3601d6da13e03ef69048ca5faa5f340ef8f87ca0adc5f8.jpg\" alt=\"\"\/><\/p>\n<p>Secto Automotiven toimitusjohtaja Markus Vuolle luottaa k\u00e4ytettyjen s\u00e4hk\u00f6autojen positiiviseen arvonkehitykseen.  Joel Maisalmi<\/p>\n<p class=\"paragraph\">Leasingyhti\u00f6 Secto Automotiven toimitusjohtaja <strong>Markus Vuolle<\/strong> ei n\u00e4e merkkej\u00e4 k\u00e4ytettyjen s\u00e4hk\u00f6autojen j\u00e4lleenmyyntiarvojen romahtamisesta, vaikka h\u00e4n istuu suoranaisesti myrskyn silm\u00e4ss\u00e4. Luottamusta l\u00f6ytyy jopa juuri p\u00e4invastaiseen j\u00e4lleenmyyntiarvon positiiviseen kehitykseen, kertoo yhti\u00f6n tiedote.<\/p>\n<p class=\"paragraph\">Huoli on her\u00e4nnyt EU:n akkuasetuksesta ja siihen liittyv\u00e4st\u00e4 viranomaisohjeesta, jonka on <a href=\"https:\/\/www.iltalehti.fi\/sahkoautot\/549b96af-1471-420b-bf68-a0c101494ac4\" rel=\"nofollow noopener\" target=\"_blank\">uhkailtu pahimmillaan ajavan s\u00e4hk\u00f6autojen akkukorjausta k\u00e4ytetyill\u00e4 osilla umpikujaan<\/a> ja sit\u00e4 kautta romahduttavan k\u00e4ytettyjen s\u00e4hk\u00f6autojen j\u00e4lleenmyyntiarvoa.<\/p>\n<p class=\"paragraph\">Leasingyhti\u00f6 Secto Automotive on muun muassa Suomen toiseksi suurin autojen ostaja<\/p>\n<p class=\"paragraph\">\u2013 Meill\u00e4 on n\u00e4kym\u00e4 satojen tuhansien autojen arvonkehitykseen, seuraamme t\u00e4t\u00e4 s\u00e4\u00e4ntelymuutosta tarkasti, emmek\u00e4 n\u00e4e merkkej\u00e4 j\u00e4lleenmyyntiarvojen romahtamisesta, sanoo Vuolle.<\/p>\n<p class=\"paragraph\">Pitk\u00e4ss\u00e4 juoksussa Sectolla n\u00e4hd\u00e4\u00e4n uuden akkuasetuksen my\u00f6t\u00e4 muuttuvan korjaustoiminnan juurikin tukevan s\u00e4hk\u00f6autojen omistajien toiveita. Tarkemmasta korjausprosessista voi olla iloa, vaikka se hieman nostaisikin korjauksen kustannuksia.<\/p>\n<p class=\"paragraph\">\u2013 Jos akun historia, kunto ja tehdyt korjaukset ovat aukottomasti tiedossa auton koko k\u00e4ytt\u00f6i\u00e4n ajan, k\u00e4ytetyn s\u00e4hk\u00f6auton ostaja voi luottaa siihen, mit\u00e4 ostaa. Se tukee j\u00e4lleenmyyntiarvoa, ei murenna sit\u00e4, sanoo Vuolle tiedotteessa.<\/p>\n<p class=\"paragraph\">Secto Automotivella on havaittu k\u00e4ytettyjen autojen vertailukelpoisissa myyntihinnoissa jopa liev\u00e4\u00e4 nousua kev\u00e4\u00e4n hintatasoon verrattuna. <a href=\"https:\/\/www.iltalehti.fi\/autouutiset\/8294b4da-bc74-456a-971b-f070b79da249\" rel=\"nofollow noopener\" target=\"_blank\">Alma Median autotoimitus uutisoi aiheesta Euroopan tasolla hein\u00e4kuussa<\/a>. Ainakin osittaisena varsin luonnollisena selityksen\u00e4 tapahtuneelle toimii polttoainehintojen nousu.<\/p>\n<p class=\"paragraph\">Se ei silti tarkoita, ett\u00e4 leasingyhti\u00f6ss\u00e4 oltaisiin huolissaan.<\/p>\n<p class=\"paragraph\">\u2013 Olemme my\u00f6s jatkossa valmiita laittamaan omat rahamme likoon my\u00f6nteisen arvonkehityksen puolesta, toteaa Vuolle.<\/p>\n","protected":false},"excerpt":{"rendered":"Leasingyhti\u00f6 Secto Automotive rauhoittelee suomalaisia s\u00e4hk\u00f6autojen korjaamisen ymp\u00e4rill\u00e4 py\u00f6riv\u00e4n keskustelun myrskyn silm\u00e4ss\u00e4. Secto Automotiven toimitusjohtaja Markus Vuolle luottaa&hellip;\n","protected":false},"author":2,"featured_media":341876,"comment_status":"","ping_status":"","sticky":false,"template":"","format":"standard","meta":{"footnotes":"","_share_on_mastodon":"0"},"categories":[5],"tags":[35,648,22,23,26,27,33,31,30,17,2986,24,25,121,1048,28,29,15,18,21,32,128,19,20,16],"class_list":["post-341875","post","type-post","status-publish","format-standard","has-post-thumbnail","category-otsikot","tag-24h","tag-autot","tag-breaking-news","tag-breakingnews","tag-featured-news","tag-featurednews","tag-fi","tag-finland","tag-finnish","tag-headlines","tag-hybridi-ja-sahkoajoneuvo","tag-latest-news","tag-latestnews","tag-liikenne-ja-kuljetus","tag-maakulkuneuvot","tag-main-news","tag-mainnews","tag-news","tag-otsikot","tag-paauutiset","tag-suomi","tag-tieliikenne","tag-top-stories","tag-topstories","tag-uutiset"],"share_on_mastodon":{"url":"https:\/\/pubeurope.com\/@fi\/117216656086427132","error":""},"_links":{"self":[{"href":"https:\/\/www.europesays.com\/fi\/wp-json\/wp\/v2\/posts\/341875","targetHints":{"allow":["GET"]}}],"collection":[{"href":"https:\/\/www.europesays.com\/fi\/wp-json\/wp\/v2\/posts"}],"about":[{"href":"https:\/\/www.europesays.com\/fi\/wp-json\/wp\/v2\/types\/post"}],"author":[{"embeddable":true,"href":"https:\/\/www.europesays.com\/fi\/wp-json\/wp\/v2\/users\/2"}],"replies":[{"embeddable":true,"href":"https:\/\/www.europesays.com\/fi\/wp-json\/wp\/v2\/comments?post=341875"}],"version-history":[{"count":0,"href":"https:\/\/www.europesays.com\/fi\/wp-json\/wp\/v2\/posts\/341875\/revisions"}],"wp:featuredmedia":[{"embeddable":true,"href":"https:\/\/www.europesays.com\/fi\/wp-json\/wp\/v2\/media\/341876"}],"wp:attachment":[{"href":"https:\/\/www.europesays.com\/fi\/wp-json\/wp\/v2\/media?parent=341875"}],"wp:term":[{"taxonomy":"category","embeddable":true,"href":"https:\/\/www.europesays.com\/fi\/wp-json\/wp\/v2\/categories?post=341875"},{"taxonomy":"post_tag","embeddable":true,"href":"https:\/\/www.europesays.com\/fi\/wp-json\/wp\/v2\/tags?post=341875"}],"curies":[{"name":"wp","href":"https:\/\/api.w.org\/{rel}","templated":true}]}}