{"id":341891,"date":"2026-09-05T05:41:15","date_gmt":"2026-09-05T05:41:15","guid":{"rendered":"https:\/\/www.europesays.com\/fi\/341891\/"},"modified":"2026-09-05T05:41:15","modified_gmt":"2026-09-05T05:41:15","slug":"hradeckyn-maaginen-ilta-pariisissa-hallitseva-mestarien-liigan-voittaja-psg-kaatui-urheilu","status":"publish","type":"post","link":"https:\/\/www.europesays.com\/fi\/341891\/","title":{"rendered":"Hradeckyn maaginen ilta Pariisissa \u2013 hallitseva Mestarien liigan voittaja PSG kaatui | Urheilu"},"content":{"rendered":"<p class=\"aw__sc-1qwuw0s-0 aw__sc-1vg2sqm-0 epAWpq ecELkD yle__article__paragraph\">36-vuotias Lukas Hradecky loisti perjantai-iltana Monacon paidassa, kun hallitseva Mestarien liigan mestari PSG kaatui yll\u00e4tt\u00e4en 1-2 Ranskan p\u00e4\u00e4sarjassa.<\/p>\n<p><img decoding=\"async\" alt=\"Monacon maalivahti Lukas Hradecky juhlii voittoa PSG:t\u00e4 vastaan Pariisissa 4. syyskuuta 2026.\" src=\"https:\/\/www.europesays.com\/fi\/wp-content\/uploads\/2026\/09\/1788580946.jpeg\" class=\"aw__sc-dklauk-0 LPzKX\"\/><\/p>\n<p>Avaa kuvien katselu<\/p>\n<p>Monacon maalivahti Lukas Hradecky juhlii voittoa PSG:t\u00e4 vastaan Pariisissa 4. syyskuuta 2026. Kuva: EPA<\/p>\n<p class=\"aw__sc-1qwuw0s-0 aw__sc-ngllmo-0 epAWpq fzYpjk yle__article__paragraph\">PSG:n hy\u00f6kk\u00e4yskoneen piti ennakkoon nujertaa Monaco. Paperilla kaikki viittasi pariisilaisten ylivoimaan \u2013 ja kent\u00e4ll\u00e4kin he hallitsivat tylysti. Mutta <strong class=\"aw__sc-ngllmo-2 gdRrun yle__article__strong\">Lukas Hradecky<\/strong> muutti kaiken.<\/p>\n<p class=\"aw__sc-1qwuw0s-0 aw__sc-ngllmo-0 epAWpq fzYpjk yle__article__paragraph\">Suomalaiskonkari torjui yhdeks\u00e4n kertaa ja sai ottelusta kent\u00e4n parhaan arvosanan. H\u00e4nen pelastamansa maalim\u00e4\u00e4r\u00e4ksi laskettiin tilastojen mukaan per\u00e4ti 2,47 \u2013 luku kertoo kaiken siit\u00e4, miten ratkaiseva rooli 36-vuotiaalla oli yll\u00e4tysvoitossa.<\/p>\n<p class=\"aw__sc-1qwuw0s-0 aw__sc-ngllmo-0 epAWpq fzYpjk yle__article__paragraph\">Ottelun tilastot paljastavat, kuinka yksipuolinen peli olisi pit\u00e4nyt olla. PSG:n maaliodottama oli 2,32, Monacon vain 0,50. Maalintekoyrityksiss\u00e4 ero oli hurja: 23-4 pariisilaisten hyv\u00e4ksi.<\/p>\n<p class=\"aw__sc-1qwuw0s-0 aw__sc-ngllmo-0 epAWpq fzYpjk yle__article__paragraph\">PSG:n maalivahti <strong class=\"aw__sc-ngllmo-2 gdRrun yle__article__strong\">Matvei Safonov<\/strong> ei tehnyt ottelussa yht\u00e4\u00e4n torjuntaa. Monaco sai pallon kahdesti vastusjansa maalia kohti, molemmat upposivat verkkoon. Hraadeckyn torjuntaprosentti kolmessa viimeisimm\u00e4ss\u00e4 sarjaottelussa on komea 93,3. Kahdessa niist\u00e4 h\u00e4n on pit\u00e4nyt nollapelin.<\/p>\n<p class=\"aw__sc-1qwuw0s-0 aw__sc-ngllmo-0 epAWpq fzYpjk yle__article__paragraph\">Alku n\u00e4ytti tutulta k\u00e4sikirjoitukselta. PSG johti puoliajalla brasilialaispuolustaja <strong class=\"aw__sc-ngllmo-2 gdRrun yle__article__strong\">Marquinhosin maalilla<\/strong> 1-0, ja kaikki viittasi siihen, ett\u00e4 pariisilaiset ottaisivat kaivatut kolme pistett\u00e4 kauden vaikeahkon alun j\u00e4lkeen.<\/p>\n<p><img decoding=\"async\" alt=\"36-vuotias konkarivahti Lukas Hradecky ker\u00e4si kehuja voitokkaasta PSG-ottelusta 4.9.2026. \" src=\"https:\/\/www.europesays.com\/fi\/wp-content\/uploads\/2026\/09\/1788583875.jpeg\" loading=\"lazy\" class=\"aw__sc-dklauk-0 LPzKX\"\/><\/p>\n<p>Avaa kuvien katselu<\/p>\n<p>36-vuotias konkarivahti Lukas Hradecky ker\u00e4si kehuja voitokkaasta PSG-ottelusta 4.9.2026. Kuva: Getty Images<\/p>\n<p class=\"aw__sc-1qwuw0s-0 aw__sc-ngllmo-0 epAWpq fzYpjk yle__article__paragraph\">Mutta toisella puoliajalla iski huipputehokas Monaco. Portugalilainen <strong class=\"aw__sc-ngllmo-2 gdRrun yle__article__strong\">Nazinho<\/strong> ja belgialainen <strong class=\"aw__sc-ngllmo-2 gdRrun yle__article__strong\">Stanis Idumbo<\/strong> k\u00e4\u00e4nsiv\u00e4t pelin, ja kun PSG painoi lopussa kaikki kortit p\u00f6yt\u00e4\u00e4n, Hradecky nousi j\u00e4lleen esiin. Lis\u00e4ajan viime hetkill\u00e4 h\u00e4n \u201dry\u00f6sti\u201d <strong class=\"aw__sc-ngllmo-2 gdRrun yle__article__strong\">Ousmane Dembelen<\/strong> maalin \u2013 ja varmisti voiton.<\/p>\n<p>\u201dJos pelaamme t\u00e4m\u00e4 uudestaan, voitamme kahdeksan kymmenest\u00e4\u201d<\/p>\n<p class=\"aw__sc-1qwuw0s-0 aw__sc-ngllmo-0 epAWpq fzYpjk yle__article__paragraph\">PSG:n mestarivalmentaja <strong class=\"aw__sc-ngllmo-2 gdRrun yle__article__strong\">Luis Enrique<\/strong> otti tappion filosofisesti.<\/p>\n<p class=\"aw__sc-1qwuw0s-0 aw__sc-ngllmo-0 epAWpq fzYpjk yle__article__paragraph\">\u2013 Jos pelaisimme t\u00e4m\u00e4n ottelun uudestaan kymmenen kertaa, voittaisimme kahdeksan. Monaco voittaa yhden ja ehk\u00e4 on yksi tasapeli. Monaco tiet\u00e4\u00e4 sen. Mutta siksi jalkapallo on kaunista.<\/p>\n<p class=\"aw__sc-1qwuw0s-0 aw__sc-ngllmo-0 epAWpq fzYpjk yle__article__paragraph\"><a class=\"aw__sc-ngllmo-1 bTDnwX yle__article__link\" href=\"https:\/\/yle.fi\/aihe\/tekstitv?P=688\" role=\"link\" rel=\"nofollow noopener\" target=\"_blank\">Kolmen kierroksen j\u00e4lkeen Monaco johtaa sarjaa<\/a> t\u00e4ydell\u00e4 pistepotilla \u2013 yhdeks\u00e4n pistett\u00e4 yhdeks\u00e4st\u00e4. PSG:ll\u00e4 on kasassa vain kaksi pistett\u00e4 kahdesta tasapelist\u00e4 ja tappiosta.<\/p>\n<p class=\"aw__sc-1qwuw0s-0 aw__sc-ngllmo-0 epAWpq fzYpjk yle__article__paragraph\">Ero on jo seitsem\u00e4n pistett\u00e4. Varhaisessa vaiheessa yll\u00e4tt\u00e4v\u00e4 takamatka huippujoukkueelle, joka on voittanut Mestarien liigan kahtena viime vuonna per\u00e4kk\u00e4in.<\/p>\n<p class=\"aw__sc-1qwuw0s-0 aw__sc-ngllmo-0 epAWpq fzYpjk yle__article__paragraph\">PSG aloittaa Mestarien liigavaiheen ensi keskiviikkona kotiottelulla Slovan Bratislavaa vastaan. Monaco jatkaa Ranskan sarjassa viikon p\u00e4\u00e4st\u00e4 Strasbourgissa.<\/p>\n<p class=\"aw__sc-1qwuw0s-0 aw__sc-ngllmo-0 epAWpq fzYpjk yle__article__paragraph\">Lukas Hradecky on t\u00e4ll\u00e4 hetkell\u00e4 yksi kahdesta suomalaisesta, joka pelaa Euroopan viidess\u00e4 p\u00e4\u00e4sarjassa \u2013 toinen on La Ligassa Alavesissa pelaava toppari <strong class=\"aw__sc-ngllmo-2 gdRrun yle__article__strong\">Ville Koski<\/strong>.<\/p>\n","protected":false},"excerpt":{"rendered":"36-vuotias Lukas Hradecky loisti perjantai-iltana Monacon paidassa, kun hallitseva Mestarien liigan mestari PSG kaatui yll\u00e4tt\u00e4en 1-2 Ranskan p\u00e4\u00e4sarjassa.&hellip;\n","protected":false},"author":2,"featured_media":341892,"comment_status":"","ping_status":"","sticky":false,"template":"","format":"standard","meta":{"footnotes":"","_share_on_mastodon":"0"},"categories":[158],"tags":[4018,33,31,30,43,2824,4017,1623,2823,159,32,160],"class_list":["post-341891","post","type-post","status-publish","format-standard","has-post-thumbnail","category-urheilu","tag-as-monaco-fc","tag-fi","tag-finland","tag-finnish","tag-jalkapallo","tag-jalkapalloilijat-miehet","tag-lukas-hradecky","tag-miesten-jalkapallo","tag-paris-saint-germain-fc","tag-sports","tag-suomi","tag-urheilu"],"share_on_mastodon":{"url":"https:\/\/pubeurope.com\/@fi\/117216837380401740","error":""},"_links":{"self":[{"href":"https:\/\/www.europesays.com\/fi\/wp-json\/wp\/v2\/posts\/341891","targetHints":{"allow":["GET"]}}],"collection":[{"href":"https:\/\/www.europesays.com\/fi\/wp-json\/wp\/v2\/posts"}],"about":[{"href":"https:\/\/www.europesays.com\/fi\/wp-json\/wp\/v2\/types\/post"}],"author":[{"embeddable":true,"href":"https:\/\/www.europesays.com\/fi\/wp-json\/wp\/v2\/users\/2"}],"replies":[{"embeddable":true,"href":"https:\/\/www.europesays.com\/fi\/wp-json\/wp\/v2\/comments?post=341891"}],"version-history":[{"count":0,"href":"https:\/\/www.europesays.com\/fi\/wp-json\/wp\/v2\/posts\/341891\/revisions"}],"wp:featuredmedia":[{"embeddable":true,"href":"https:\/\/www.europesays.com\/fi\/wp-json\/wp\/v2\/media\/341892"}],"wp:attachment":[{"href":"https:\/\/www.europesays.com\/fi\/wp-json\/wp\/v2\/media?parent=341891"}],"wp:term":[{"taxonomy":"category","embeddable":true,"href":"https:\/\/www.europesays.com\/fi\/wp-json\/wp\/v2\/categories?post=341891"},{"taxonomy":"post_tag","embeddable":true,"href":"https:\/\/www.europesays.com\/fi\/wp-json\/wp\/v2\/tags?post=341891"}],"curies":[{"name":"wp","href":"https:\/\/api.w.org\/{rel}","templated":true}]}}