{"id":341931,"date":"2026-09-05T06:56:21","date_gmt":"2026-09-05T06:56:21","guid":{"rendered":"https:\/\/www.europesays.com\/fi\/341931\/"},"modified":"2026-09-05T06:56:21","modified_gmt":"2026-09-05T06:56:21","slug":"tummaa-musiikillista-samettia-t-jarva-the-dark-place-helsingissa-raportti-ja-kuvat","status":"publish","type":"post","link":"https:\/\/www.europesays.com\/fi\/341931\/","title":{"rendered":"Tummaa musiikillista samettia &#8211; T. Jarva &#038; The Dark Place Helsingiss\u00e4, raportti ja kuvat"},"content":{"rendered":"<p class=\"wp-block-paragraph\">\u201dT\u00e4\u00e4ll\u00e4 lavalla on hevareita ja punkkareita \u2013 entisi\u00e4 ja nykyisi\u00e4\u201d, <strong>Taneli Jarva<\/strong> spiikkaa er\u00e4\u00e4ss\u00e4 kohdassa.<\/p>\n<p class=\"wp-block-paragraph\">\u201dJa puliukkoja!\u201d huudahtaa joku enemm\u00e4n tai v\u00e4hemm\u00e4n v\u00e4\u00e4r\u00e4leukainen yleis\u00f6n edustaja.<\/p>\n<p class=\"wp-block-paragraph\">\u201dJa puliukkoja, totta kai!\u201d laulaja-kitaristi ny\u00f6kk\u00e4\u00e4 hym\u00e4ht\u00e4en.<\/p>\n<p class=\"wp-block-paragraph\">Helsingin G Livelabissa ei kuultu kev\u00e4isen\u00e4 lauantaina hevi\u00e4 tai punkkia, mutta tapahtuman ihokarvat pystyyn nostattanut tunnelma hakkasi mennen tullen puolivillaisen tai v\u00e4h\u00e4n onnistuneemmankin raskaan rockin iltaman. Siis ihan sata-nolla. (My\u00f6sk\u00e4\u00e4n mink\u00e4\u00e4nlainen puliukkotouhu ei tullut mieleen, kun katseli muusikoiden lavajuomia: vesipulloja siell\u00e4 ja tuolla.)<\/p>\n<p class=\"wp-block-paragraph\">Seitsemisen vuotta sitten akustisen alkunsa saanut <strong>T.Jarva &amp; The Dark Place<\/strong> -kollektiivi oli saapunut Punavuoreen uunituoreen The Light -studioalbumin julkaisukeikan merkeiss\u00e4. Painotettakoon jo t\u00e4ss\u00e4 vaiheessa, ett\u00e4 vaikka uusi levy on kantanut kev\u00e4\u00e4n valoa turuille ja toreille vasta muutaman p\u00e4iv\u00e4n ajan, tuomio on jo selvill\u00e4: kyseess\u00e4 on vaivatta er\u00e4s vuoden vaikuttavimmista musiikillisista tapauksista. The Lightin hauraan voimakas intensiteetti on niin kuristavaa \u2013 tosin ainakin kuulijan kannalta pelk\u00e4st\u00e4\u00e4n myh\u00e4ilytt\u00e4v\u00e4ll\u00e4 tavalla \u2013 laatua, ettei vastaavaan ole tullut t\u00f6rm\u00e4tty\u00e4 ihan \u00e4skett\u00e4in.<\/p>\n<p><img loading=\"lazy\" height=\"480\" width=\"648\" class=\"wp-image-114823 sp-no-webp perfmatters-lazy\" alt=\"\" decoding=\"async\" src=\"https:\/\/www.europesays.com\/fi\/wp-content\/uploads\/2026\/09\/pic-1-1-648x480.jpg\"  data-\/> Sami Hassinen ja Taneli Jarva. Kuva: Timo Isoaho<\/p>\n<p class=\"wp-block-paragraph\">Kahteen osaan jaettu kokonaisuus l\u00e4hti liikkeelle juuri sielt\u00e4, mist\u00e4 koko b\u00e4ndi aikoinaan starttasi: toisin sanoen Taneli Jarva ja kitaristi <strong>Sami Hassinen<\/strong> jalkautuivat aluksi estradille kahdestaan esitt\u00e4m\u00e4\u00e4n lainakappaleita. Intiimien aloitushetkien aikana kuultiin muun muassa <strong>Townes Van Zandtin<\/strong> bravuuri Kathleen, jonka Jarva esitteli itselleen \u201derityisen t\u00e4rke\u00e4ksi biisiksi\u201d.<\/p>\n<p class=\"wp-block-paragraph\">Seuraavaksi lavalle astelivat rumpali <strong>Sami K\u00e4yhk\u00f6<\/strong>, kontrabasisti <strong>Ari Lampinen<\/strong> ja kosketinsoittaja J<strong>anne Immonen<\/strong>, ja samalla \u201dyhtyemuotoisen\u201d The Dark Placen konsertti sai varsinaisen l\u00e4ht\u00f6laukauksensa muun muassa Calamityn, A Drunkard\u2019s Prayerin \u2013 puliukkoja, anyone?- sek\u00e4 j\u00e4risytt\u00e4v\u00e4n tyylikk\u00e4\u00e4n <strong>Dead Moon<\/strong> -laina Dagger Moonin my\u00f6t\u00e4. Ei-kauhean-pitk\u00e4 ensimm\u00e4inen setti puolestaan p\u00e4\u00e4ttyi uudelta albumilta poimittuun Pray for Death \/ Last Exit to the Light -kaksikkoon. N\u00e4iden numeroiden \u2013 ja koko loppusetin \u2013 ajaksi estradille nousi my\u00f6s Saksasta saapunut erikoisvieras, perkussionisti <strong>Christian Sch\u00e4fer<\/strong> \u2013 tuttu mies my\u00f6s <strong>Poison Whiskyn<\/strong> riveist\u00e4.<\/p>\n<p class=\"wp-block-paragraph\">Jotakin illan mainitusta intensiteetist\u00e4 kertoi jo t\u00e4ss\u00e4 vaiheessa sekin, ett\u00e4 vaikka ratikat kurvailivat G Livelabin vierest\u00e4 ja ohikulkijat p\u00e4llisteliv\u00e4t enemm\u00e4n tai v\u00e4hemm\u00e4n kummastuneina sis\u00e4\u00e4n isojen ikkunoiden l\u00e4pi, n\u00e4m\u00e4k\u00e4\u00e4n er\u00e4\u00e4nlaiset h\u00e4iri\u00f6tekij\u00e4t eiv\u00e4t onnistuneet palauttamaan kuulijaa \u201dtavallisen maailman\u201d puolelle. Todellakin, niin kauan kuin \u201dpurgatory cocktail musick\u201d helk\u00e4hteli menem\u00e4\u00e4n, sen maaginen ote ei p\u00e4\u00e4st\u00e4nyt puristusotteestaan.<\/p>\n<p class=\"wp-block-paragraph\">Kun sitten pieni tauko oli vietetty, kakkossetti k\u00e4ynnistyi The Lightin avaavalla Hades Children -veisulla. Nyt lavalla oli The Dark Place koko tyylikkyydess\u00e4\u00e4n ja komeudessaan, kun taustatukea antaneet laulajat (<strong>Tarja Leskinen<\/strong> ja <strong>Hanna Wendelin<\/strong>) olivat mikrofoniensa takana. Ei tullut pienimp\u00e4n\u00e4k\u00e4\u00e4n yll\u00e4tyksen\u00e4, ett\u00e4 kappaleet ja sovitukset alkoivat viimeist\u00e4\u00e4n t\u00e4ss\u00e4 vaiheessa kuulostaa todella, todella t\u00e4ytel\u00e4isilt\u00e4.<\/p>\n<p><img loading=\"lazy\" height=\"409\" width=\"648\" class=\"wp-image-114824 sp-no-webp perfmatters-lazy\" alt=\"\" decoding=\"async\" src=\"https:\/\/www.europesays.com\/fi\/wp-content\/uploads\/2026\/09\/pic-9-1-648x409.jpg\"  data-\/> T. Jarva &amp; The Dark Place lavalla koko komeudessaan. Kuva: Timo Isoaho<\/p>\n<p class=\"wp-block-paragraph\">Yhdest\u00e4 asiasta olisi voinut mainita jo ensimm\u00e4isen setin aikoihin: nimitt\u00e4in livesoundista. Muusikoiden sek\u00e4 miksaaja <strong>Tapio Wilskan<\/strong> yhdess\u00e4 loihtima \u00e4\u00e4nimaailma on selke\u00e4, t\u00e4ytel\u00e4inen, l\u00e4mmin ja dynaaminen. Ihan oikeasti: vaikka biisit olisivat olleet mit\u00e4 sattuu, homma olisi silti kuulostanut aivan t\u00f6rke\u00e4n komealta. No, onneksi ne biisitk\u00e4\u00e4n eiv\u00e4t t\u00e4ll\u00e4 kerralla olleet ihan mit\u00e4 sattuu!<\/p>\n<p class=\"wp-block-paragraph\">Selv\u00e4sti pidempi toinen setti tarjosi t\u00e4yslaidallisen materiaalia The Dark Place -debyytti Post Festumilta ja The Lightilt\u00e4. Priimaluokan toimituksen seasta on hyvin vaikea nostaa esiin aivan erityisi\u00e4 kohokohtia, mutta kyll\u00e4h\u00e4n esimerkiksi Grand Central, Venus Is High ja Pompeii Dog toimittivat silti t\u00e4ysin aseistariisuvasti. Viimeksi mainittu teos sis\u00e4lt\u00e4\u00e4 Taneli Jarvan lemmikkikoirien \u00e4\u00e4nn\u00e4htely\u00e4, ja vaikka is\u00e4nt\u00e4 humoristisesti mainitsikin \u201dsaaneensa kerrankin vapaaillan kavereistaan\u201d, eih\u00e4n asiasta ole kahta sanaa: Taneli rakastaa pitkulaisia frendej\u00e4\u00e4n syv\u00e4sti, ja sek\u00f6s l\u00e4mmitt\u00e4\u00e4 ainakin allekirjoittaneen syd\u00e4nt\u00e4.<\/p>\n<p class=\"wp-block-paragraph\">Nostetaanpa esiin my\u00f6s nimikkokappale The Light, joka alkoi puolestaan kevyell\u00e4 stand up -toimituksella. Jarvan eteen nimitt\u00e4in kannettiin nuottiteline, ja h\u00e4n yltyi saman tien vitsailemaan, miten \u201dkaikki todelliset ammattilaiset soittavat lavalla nuoteista\u201d.<\/p>\n<p class=\"wp-block-paragraph\">\u201dNiin, min\u00e4 taidankin sitten olla ainoa ammattilainen t\u00e4ll\u00e4 lavalla\u201d, h\u00e4n jatkoi \u2013 hersyvien naurahduksien saattelemana.<\/p>\n<p class=\"wp-block-paragraph\">Saman v\u00e4lispiikin aikana muuten selvisi sekin, ett\u00e4 akustisen kaulalle aseteltavaa capoa kutsutaan t\u00e4m\u00e4n tumman b\u00e4ndin termist\u00f6ss\u00e4 \u201dnippusiteeksi\u201d. Varsin osuvaa sekin.<\/p>\n<p class=\"wp-block-paragraph\">Kun iltama alkoi sitten \u2013 hiljalleen \u2013 ajautua kohti lopullista umpikujaa The Crossroads\u2019 Songin my\u00f6t\u00e4, oli y\u00f6nselv\u00e4\u00e4, ett\u00e4 T. Jarva &amp; The Dark Place on koko ajan lis\u00e4\u00e4ntyv\u00e4n valon \u2013 varjoja unohtamatta \u2013 aikakaudella aivan hurjassa ly\u00f6nniss\u00e4. Vaikka konsertti kesti parisen tuntia, t\u00e4m\u00e4n tumman musiikillisen sametin helmoissa olisi voinut velloa viel\u00e4 pitk\u00e4\u00e4nkin.<\/p>\n<p class=\"wp-block-paragraph\">Ensi kertaan siis.<\/p>\n<p class=\"wp-block-paragraph\">Teksti ja kuvat: Timo Isoaho<\/p>\n<p><img loading=\"lazy\" height=\"457\" width=\"648\" class=\"wp-image-114832 sp-no-webp perfmatters-lazy\" alt=\"\" decoding=\"async\" data-id=\"114832\" src=\"https:\/\/www.europesays.com\/fi\/wp-content\/uploads\/2026\/09\/pic-2-1-648x457.jpg\"  data-\/> <\/p>\n<p><img loading=\"lazy\" height=\"433\" width=\"648\" class=\"wp-image-114831 sp-no-webp perfmatters-lazy\" alt=\"\" decoding=\"async\" data-id=\"114831\" src=\"https:\/\/www.europesays.com\/fi\/wp-content\/uploads\/2026\/09\/pic-3-1-648x433.jpg\"  data-\/> <\/p>\n<p><img loading=\"lazy\" height=\"461\" width=\"648\" class=\"wp-image-114829 sp-no-webp perfmatters-lazy\" alt=\"\" decoding=\"async\" data-id=\"114829\" src=\"https:\/\/www.europesays.com\/fi\/wp-content\/uploads\/2026\/09\/pic-4-1-648x461.jpg\"  data-\/> <\/p>\n<p><img loading=\"lazy\" height=\"409\" width=\"648\" class=\"wp-image-114826 sp-no-webp perfmatters-lazy\" alt=\"\" decoding=\"async\" data-id=\"114826\" src=\"https:\/\/www.europesays.com\/fi\/wp-content\/uploads\/2026\/09\/pic-5-1-648x409.jpg\"  data-\/> <\/p>\n<p><img loading=\"lazy\" height=\"392\" width=\"648\" class=\"wp-image-114825 sp-no-webp perfmatters-lazy\" alt=\"\" decoding=\"async\" data-id=\"114825\" src=\"https:\/\/www.europesays.com\/fi\/wp-content\/uploads\/2026\/09\/pic-6-1-648x392.jpg\"  data-\/> <\/p>\n<p><img loading=\"lazy\" height=\"388\" width=\"648\" class=\"wp-image-114828 sp-no-webp perfmatters-lazy\" alt=\"\" decoding=\"async\" data-id=\"114828\" src=\"https:\/\/www.europesays.com\/fi\/wp-content\/uploads\/2026\/09\/pic-7-1-648x388.jpg\"  data-\/> <\/p>\n<p><img loading=\"lazy\" height=\"411\" width=\"648\" class=\"wp-image-114830 sp-no-webp perfmatters-lazy\" alt=\"\" decoding=\"async\" data-id=\"114830\" src=\"https:\/\/www.europesays.com\/fi\/wp-content\/uploads\/2026\/09\/pic-8-1-648x411.jpg\"  data-\/> <\/p>\n<p><img loading=\"lazy\" height=\"414\" width=\"648\" class=\"wp-image-114827 sp-no-webp perfmatters-lazy\" alt=\"\" decoding=\"async\" data-id=\"114827\" src=\"https:\/\/www.europesays.com\/fi\/wp-content\/uploads\/2026\/09\/pic-10-1-648x414.jpg\"  data-\/> <\/p>\n","protected":false},"excerpt":{"rendered":"\u201dT\u00e4\u00e4ll\u00e4 lavalla on hevareita ja punkkareita \u2013 entisi\u00e4 ja nykyisi\u00e4\u201d, Taneli Jarva spiikkaa er\u00e4\u00e4ss\u00e4 kohdassa. \u201dJa puliukkoja!\u201d huudahtaa&hellip;\n","protected":false},"author":2,"featured_media":341932,"comment_status":"","ping_status":"","sticky":false,"template":"","format":"standard","meta":{"footnotes":"","_share_on_mastodon":"0"},"categories":[132],"tags":[137,33,31,30,972,2867,195,47,32,109],"class_list":["post-341931","post","type-post","status-publish","format-standard","has-post-thumbnail","category-musiikki","tag-entertainment","tag-fi","tag-finland","tag-finnish","tag-kuvagalleria","tag-livearvio","tag-music","tag-musiikki","tag-suomi","tag-viihde"],"share_on_mastodon":{"url":"https:\/\/pubeurope.com\/@fi\/117217132152272731","error":""},"_links":{"self":[{"href":"https:\/\/www.europesays.com\/fi\/wp-json\/wp\/v2\/posts\/341931","targetHints":{"allow":["GET"]}}],"collection":[{"href":"https:\/\/www.europesays.com\/fi\/wp-json\/wp\/v2\/posts"}],"about":[{"href":"https:\/\/www.europesays.com\/fi\/wp-json\/wp\/v2\/types\/post"}],"author":[{"embeddable":true,"href":"https:\/\/www.europesays.com\/fi\/wp-json\/wp\/v2\/users\/2"}],"replies":[{"embeddable":true,"href":"https:\/\/www.europesays.com\/fi\/wp-json\/wp\/v2\/comments?post=341931"}],"version-history":[{"count":0,"href":"https:\/\/www.europesays.com\/fi\/wp-json\/wp\/v2\/posts\/341931\/revisions"}],"wp:featuredmedia":[{"embeddable":true,"href":"https:\/\/www.europesays.com\/fi\/wp-json\/wp\/v2\/media\/341932"}],"wp:attachment":[{"href":"https:\/\/www.europesays.com\/fi\/wp-json\/wp\/v2\/media?parent=341931"}],"wp:term":[{"taxonomy":"category","embeddable":true,"href":"https:\/\/www.europesays.com\/fi\/wp-json\/wp\/v2\/categories?post=341931"},{"taxonomy":"post_tag","embeddable":true,"href":"https:\/\/www.europesays.com\/fi\/wp-json\/wp\/v2\/tags?post=341931"}],"curies":[{"name":"wp","href":"https:\/\/api.w.org\/{rel}","templated":true}]}}