{"id":341955,"date":"2026-09-05T07:32:14","date_gmt":"2026-09-05T07:32:14","guid":{"rendered":"https:\/\/www.europesays.com\/fi\/341955\/"},"modified":"2026-09-05T07:32:14","modified_gmt":"2026-09-05T07:32:14","slug":"viranomainen-tutkii-nuorisosaation-johdon-toimet-selvitys-kaynnistyi-motn-uutisista-mot","status":"publish","type":"post","link":"https:\/\/www.europesays.com\/fi\/341955\/","title":{"rendered":"Viranomainen tutkii Nuoriso\u00ads\u00e4\u00e4ti\u00f6n johdon toimet \u2013 selvitys k\u00e4ynnistyi MOT:n uutisista | MOT"},"content":{"rendered":"<p class=\"aw__sc-1qwuw0s-0 aw__sc-1vg2sqm-0 epAWpq ecELkD yle__article__paragraph\">Patentti- ja rekisteri\u00adhallitus on k\u00e4ynnist\u00e4nyt selvityksen Nuoriso\u00ads\u00e4\u00e4ti\u00f6n toiminnasta. Nuoriso\u00ads\u00e4\u00e4ti\u00f6n mukaan se ei ole rikkonut s\u00e4\u00e4ti\u00f6lakia tai omia s\u00e4\u00e4nt\u00f6j\u00e4\u00e4n.<\/p>\n<p><img decoding=\"async\" alt=\"Nuorisos\u00e4\u00e4ti\u00f6n toimisto Helsingiss\u00e4\" src=\"https:\/\/www.europesays.com\/fi\/wp-content\/uploads\/2026\/09\/1625059351.jpeg\" class=\"aw__sc-dklauk-0 LPzKX\"\/><\/p>\n<p>Avaa kuvien katselu<\/p>\n<p>Patentti- ja rekisterihallitus on k\u00e4ynnist\u00e4nyt selvityksen Nuorisos\u00e4\u00e4ti\u00f6n toiminnasta. Kuva: Riikka Kurki \/ Yle<\/p>\n<ul class=\"aw__sc-1yb43iq-0 gFXHv yle__article__list yle__article__list--ul\">\n<li class=\"aw__sc-1yb43iq-1 gVAzbt\">Patentti- ja rekisterihallitus selvitt\u00e4\u00e4 Nuorisos\u00e4\u00e4ti\u00f6n toimintaa. Nuorisos\u00e4\u00e4ti\u00f6 vuokraa omistamiaan asuntoja kohtuuhintaan nuorille asukkaille.<\/li>\n<li class=\"aw__sc-1yb43iq-1 gVAzbt\">Selvitys alkoi Ylen MOT:n paljastusten j\u00e4lkeen. MOT kertoi aiemmin vuonna 2026, ett\u00e4 s\u00e4\u00e4ti\u00f6n hallituksen puheenjohtaja Jari Laineen omat liiketoimet kytkeytyv\u00e4t s\u00e4\u00e4ti\u00f6\u00f6n. S\u00e4\u00e4ti\u00f6laki kielt\u00e4\u00e4 edun tuottamisen l\u00e4hipiirille.<\/li>\n<li class=\"aw__sc-1yb43iq-1 gVAzbt\">S\u00e4\u00e4ti\u00f6n toimitusjohtaja sanoo, ett\u00e4 s\u00e4\u00e4ti\u00f6 on noudattanut lakia ja hyv\u00e4n hallinnon periaatteita.<\/li>\n<\/ul>\n<p class=\"aw__sc-1qwuw0s-0 aw__sc-ngllmo-0 epAWpq fzYpjk yle__article__paragraph\">S\u00e4\u00e4ti\u00f6it\u00e4 valvova Patentti- ja rekisterihallitus (PRH) on k\u00e4ynnist\u00e4nyt selvityksen Nuorisos\u00e4\u00e4ti\u00f6n toiminnasta. PRH:n s\u00e4\u00e4ti\u00f6valvonnan tiimiesimies <strong class=\"aw__sc-ngllmo-2 gdRrun yle__article__strong\">Outi Ter\u00e4skallio<\/strong> kertoo, ett\u00e4 valvontatoimen taustalla on Ylen MOT:n julkaisemat artikkelit.<\/p>\n<p class=\"aw__sc-1qwuw0s-0 aw__sc-ngllmo-0 epAWpq fzYpjk yle__article__paragraph\">Ter\u00e4skallio ei kuitenkaan halua kommentoida selvityksen sis\u00e4lt\u00f6\u00e4 tarkemmin asian ollessa kesken.<\/p>\n<p class=\"aw__sc-1qwuw0s-0 aw__sc-ngllmo-0 epAWpq fzYpjk yle__article__paragraph\">MOT <a class=\"aw__sc-ngllmo-1 bTDnwX yle__article__link\" href=\"https:\/\/yle.fi\/a\/74-20205608\" role=\"link\" rel=\"nofollow noopener\" target=\"_blank\">k\u00e4sitteli helmikuussa<\/a> ja <a class=\"aw__sc-ngllmo-1 bTDnwX yle__article__link\" href=\"https:\/\/yle.fi\/a\/74-20221767\" role=\"link\" rel=\"nofollow noopener\" target=\"_blank\">huhtikuussa 2026<\/a> julkaistuissa artikkeleissa Nuorisos\u00e4\u00e4ti\u00f6n hallituksen puheenjohtajan <strong class=\"aw__sc-ngllmo-2 gdRrun yle__article__strong\">Jari Laineen<\/strong> liiketoimia, jotka kytkeytyv\u00e4t osittain my\u00f6s yleishy\u00f6dylliseen s\u00e4\u00e4ti\u00f6\u00f6n.<\/p>\n<p class=\"aw__sc-1qwuw0s-0 aw__sc-ngllmo-0 epAWpq fzYpjk yle__article__paragraph\">Esimerkiksi huhtikuinen juttu kertoi Laineen henkil\u00f6kohtaisesti omistamasta kerrostalosta, josta kuitenkin tarjotaan vuokra-asuntoja Nuorisos\u00e4\u00e4ti\u00f6n kautta. Tapaus her\u00e4tti kysymyksi\u00e4 siit\u00e4, k\u00e4ytet\u00e4\u00e4nk\u00f6 yleishy\u00f6dyllist\u00e4 s\u00e4\u00e4ti\u00f6t\u00e4 edist\u00e4m\u00e4\u00e4n sen johtajan omia liiketoimia.<\/p>\n<p class=\"aw__sc-1qwuw0s-0 aw__sc-ngllmo-0 epAWpq fzYpjk yle__article__paragraph\">PRH on k\u00e4ynnist\u00e4nyt valvontatoimet toukokuussa 2026 eli pian MOT:n julkaisemien uutisten j\u00e4lkeen.<\/p>\n<p class=\"aw__sc-1qwuw0s-0 aw__sc-ngllmo-0 epAWpq fzYpjk yle__article__paragraph\">PRH:n teht\u00e4viin kuulua valvoa, ett\u00e4 s\u00e4\u00e4ti\u00f6t noudattavat omia s\u00e4\u00e4nt\u00f6j\u00e4\u00e4n sek\u00e4 s\u00e4\u00e4ti\u00f6lakia. PRH voi ryhty\u00e4 valvontatoimiin oma-aloitteisesti tai valvontapyynn\u00f6n perusteella.<\/p>\n<p class=\"aw__sc-1qwuw0s-0 aw__sc-ngllmo-0 epAWpq fzYpjk yle__article__paragraph\">MOT kertoo keskener\u00e4isest\u00e4 prosessista, sill\u00e4 yleishy\u00f6dyllinen s\u00e4\u00e4ti\u00f6 on ollut aiemmin <a class=\"aw__sc-ngllmo-1 bTDnwX yle__article__link\" href=\"https:\/\/yle.fi\/a\/3-12193730\" role=\"link\" rel=\"nofollow noopener\" target=\"_blank\">Suomen oloissa poikkeuksellisen mittavan rikostutkinnan kohteena<\/a>. Nuorisos\u00e4\u00e4ti\u00f6 on my\u00f6s saanut historiansa aikana merkitt\u00e4v\u00e4sti veronmaksajien rahaa muun muassa kiinteist\u00f6jen hankkimiseen.<\/p>\n<p class=\"aw__sc-1qwuw0s-0 aw__sc-ngllmo-0 epAWpq fzYpjk yle__article__paragraph\">Nuorisos\u00e4\u00e4ti\u00f6 vuokraa omistamiaan asuntoja kohtuuhintaan nuorille asukkaille.<\/p>\n<p><img decoding=\"async\" alt=\"Nuorisos\u00e4\u00e4ti\u00f6n puheenjohtaja Jari Laine katsoo kohti kameraa.\" src=\"https:\/\/www.europesays.com\/fi\/wp-content\/uploads\/2026\/09\/1745827144.jpeg\" loading=\"lazy\" class=\"aw__sc-dklauk-0 LPzKX\"\/><\/p>\n<p>Avaa kuvien katselu<\/p>\n<p>Jari Laine on johtanut Nuorisos\u00e4\u00e4ti\u00f6t\u00e4 vuodesta 2018. Kuva: Janne J\u00e4rvinen \/ YleNuorisos\u00e4\u00e4ti\u00f6: Olemme noudattaneet lakia<\/p>\n<p class=\"aw__sc-1qwuw0s-0 aw__sc-ngllmo-0 epAWpq fzYpjk yle__article__paragraph\">Nuorisos\u00e4\u00e4ti\u00f6 vahvistaa saaneensa PRH:lta tiedon valvonta-asian avaamisesta. S\u00e4\u00e4ti\u00f6n toimitusjohtajan <strong class=\"aw__sc-ngllmo-2 gdRrun yle__article__strong\">Kimmo Pihlmanin<\/strong> mukaan PRH ei kuitenkaan ole toistaiseksi l\u00e4hett\u00e4nyt selvityspyynt\u00f6\u00e4 tai tarkempaa tietoa asiasta.<\/p>\n<p class=\"aw__sc-1qwuw0s-0 aw__sc-ngllmo-0 epAWpq fzYpjk yle__article__paragraph\"><strong class=\"aw__sc-ngllmo-2 gdRrun yle__article__strong\">N\u00e4ettek\u00f6 mit\u00e4\u00e4n perusteita selvityksen tekemiselle?<\/strong><\/p>\n<p class=\"aw__sc-1qwuw0s-0 aw__sc-ngllmo-0 epAWpq fzYpjk yle__article__paragraph\">\u2013 Voimme ottaa kantaa valvonta-asian perusteisiin, kun olemme saaneet PRH:lta tarkemmat tiedot siit\u00e4, mit\u00e4 asia koskee, ja mahdollisen selvityspyynn\u00f6n. Vastaamme selvityspyynt\u00f6\u00f6n avoimesti ja toimitamme PRH:lle asian arvioimiseksi tarvittavat tiedot ja aineiston, Pihlman kirjoittaa MOT:lle l\u00e4hett\u00e4m\u00e4ss\u00e4\u00e4n s\u00e4hk\u00f6postissa.<\/p>\n<p class=\"aw__sc-1qwuw0s-0 aw__sc-ngllmo-0 epAWpq fzYpjk yle__article__paragraph\">Pihlmanin mukaan Nuorisos\u00e4\u00e4ti\u00f6 on noudattanut toiminnassaan s\u00e4\u00e4ti\u00f6lakia, s\u00e4\u00e4ti\u00f6n s\u00e4\u00e4nt\u00f6j\u00e4 ja hyv\u00e4n hallinnon periaatteita.<\/p>\n<p class=\"aw__sc-1qwuw0s-0 aw__sc-ngllmo-0 epAWpq fzYpjk yle__article__paragraph\">\u2013 S\u00e4\u00e4ti\u00f6n p\u00e4\u00e4t\u00f6kset on tehty s\u00e4\u00e4ti\u00f6n edun mukaisesti, esteellisyydet asianmukaisesti huomioiden ja keskeisiss\u00e4 ratkaisuissa ulkopuolisia asiantuntijoita k\u00e4ytt\u00e4en, Pihlman kirjoittaa.<\/p>\n<p class=\"aw__sc-1qwuw0s-0 aw__sc-ngllmo-0 epAWpq fzYpjk yle__article__paragraph\">Jari Laine alkoi johtaa Nuorisos\u00e4\u00e4ti\u00f6t\u00e4 vuonna 2018, jolloin yleishy\u00f6dyllinen s\u00e4\u00e4ti\u00f6 oli keskell\u00e4 valtavaa rikostutkintaa. T\u00e4m\u00e4 johti s\u00e4\u00e4ti\u00f6n entisten johtajien <a class=\"aw__sc-ngllmo-1 bTDnwX yle__article__link\" href=\"https:\/\/yle.fi\/a\/74-20091434\" role=\"link\" rel=\"nofollow noopener\" target=\"_blank\"><strong class=\"aw__sc-ngllmo-2 gdRrun yle__article__strong\">Aki Haaron<\/strong><\/a> ja <a class=\"aw__sc-ngllmo-1 bTDnwX yle__article__link\" href=\"https:\/\/yle.fi\/a\/74-20000101\" role=\"link\" rel=\"nofollow noopener\" target=\"_blank\"><strong class=\"aw__sc-ngllmo-2 gdRrun yle__article__strong\">Perttu Nousiaisen<\/strong><\/a> sek\u00e4 Nuorisos\u00e4\u00e4ti\u00f6n kanssa liiketoimia <a class=\"aw__sc-ngllmo-1 bTDnwX yle__article__link\" href=\"https:\/\/yle.fi\/a\/74-20223364\" role=\"link\" rel=\"nofollow noopener\" target=\"_blank\">tehneiden liikemiesten saamiin vankeustuomioihin<\/a>.<br \/>Aki Haaron tuomio ei ole viel\u00e4 lainvoimainen, <a class=\"aw__sc-ngllmo-1 bTDnwX yle__article__link\" href=\"https:\/\/www.hs.fi\/suomi\/art-2000011254633.html\" role=\"link\" rel=\"nofollow noopener\" target=\"_blank\">vaan asian k\u00e4sittely jatkuu hovioikeudessa<\/a>.<\/p>\n<p><img decoding=\"async\" alt=\"Kerrostalon julkisivu.\" src=\"https:\/\/www.europesays.com\/fi\/wp-content\/uploads\/2026\/09\/1776421639.jpeg\" loading=\"lazy\" class=\"aw__sc-dklauk-0 LPzKX\"\/><\/p>\n<p>Avaa kuvien katselu<\/p>\n<p>Nuorisos\u00e4\u00e4ti\u00f6n johtaja Jari Laine hankki t\u00e4m\u00e4n kerrostalon M\u00e4nts\u00e4l\u00e4ss\u00e4 omistukseensa. Nuorisos\u00e4\u00e4ti\u00f6 oli aiemmin vaatinut talon edelliselt\u00e4 omistajalta miljoonakorvauksia. Kuva: Janne J\u00e4rvinen \/ YleS\u00e4\u00e4ti\u00f6\u00f6n kytkeytyvi\u00e4 liiketoimia<\/p>\n<p class=\"aw__sc-1qwuw0s-0 aw__sc-ngllmo-0 epAWpq fzYpjk yle__article__paragraph\">Talvella ja kev\u00e4\u00e4ll\u00e4 2026 MOT kertoi Nuorisos\u00e4\u00e4ti\u00f6n hallituksen puheenjohtajan Jari Laineen liiketoimista, jotka kytkeytyv\u00e4t my\u00f6s s\u00e4\u00e4ti\u00f6\u00f6n. Laine on merkitt\u00e4v\u00e4 omistaja Helsingin Kampissa olevassa kerrostalossa, joka liittyi aiemmin <a class=\"aw__sc-ngllmo-1 bTDnwX yle__article__link\" href=\"https:\/\/yle.fi\/a\/20-299111\" role=\"link\" rel=\"nofollow noopener\" target=\"_blank\">Nuorisos\u00e4\u00e4ti\u00f6n ex-johtajia koskevaan poliisitutkintaan<\/a>.<\/p>\n<p class=\"aw__sc-1qwuw0s-0 aw__sc-ngllmo-0 epAWpq fzYpjk yle__article__paragraph\">Laineen yhti\u00f6 hankki omistukseensa my\u00f6s M\u00e4nts\u00e4l\u00e4ss\u00e4 olevan kerrostalon. Aiemmin Nuorisos\u00e4\u00e4ti\u00f6 vaati talon edelliselt\u00e4 omistajalta miljoonakorvauksia oikeudessa. Riita sovittiin erikoisella tavalla, jossa Laine oli edustamassa k\u00e4yt\u00e4nn\u00f6ss\u00e4 kumpaakin osapuolta.<\/p>\n<p class=\"aw__sc-1qwuw0s-0 aw__sc-ngllmo-0 epAWpq fzYpjk yle__article__paragraph\">Vaikka M\u00e4nts\u00e4l\u00e4n kerrostalo on Laineen henkil\u00f6kohtaisessa omistuksessa, on kohteessa olevia asuntoja tarjottu vuokralle Nuorisos\u00e4\u00e4ti\u00f6n kautta.<\/p>\n<p class=\"aw__sc-1qwuw0s-0 aw__sc-ngllmo-0 epAWpq fzYpjk yle__article__paragraph\">S\u00e4\u00e4ti\u00f6laki kielt\u00e4\u00e4 taloudellisen edun tuottamisen s\u00e4\u00e4ti\u00f6n l\u00e4hipiiriin kuuluville tahoille.<\/p>\n<p class=\"aw__sc-1qwuw0s-0 aw__sc-ngllmo-0 epAWpq fzYpjk yle__article__paragraph\">Laine kertoi huhtikuussa 2026 MOT:lle toimineensa s\u00e4\u00e4ti\u00f6n etujen mukaisesti. Laine kertoo s\u00e4hk\u00f6postissaan my\u00f6s j\u00e4\u00e4v\u00e4nneens\u00e4 itsens\u00e4 M\u00e4nts\u00e4l\u00e4n hankkeeseen liittyvist\u00e4 p\u00e4\u00e4t\u00f6ksist\u00e4 Nuorisos\u00e4\u00e4ti\u00f6n hallituksessa.<\/p>\n<p class=\"aw__sc-1qwuw0s-0 aw__sc-ngllmo-0 epAWpq fzYpjk yle__article__paragraph\">Lainetta ei ole ep\u00e4ilty rikoksista, eik\u00e4 h\u00e4n liity mill\u00e4\u00e4n tavalla Nuorisos\u00e4\u00e4ti\u00f6n edellist\u00e4 johtoa koskevaan rikosvyyhtiin. Nuorisos\u00e4\u00e4ti\u00f6n johtoon noustuaan h\u00e4n on auttanut viranomaisia asioiden selvittelyss\u00e4.<\/p>\n<p class=\"aw__sc-1qwuw0s-0 aw__sc-ngllmo-0 epAWpq fzYpjk yle__article__paragraph\"><strong class=\"aw__sc-ngllmo-2 gdRrun yle__article__strong\">Ylen MOT-ohjelma k\u00e4sitteli Nuorisos\u00e4\u00e4ti\u00f6\u00f6n liittyvi\u00e4 ep\u00e4selvyyksi\u00e4 vuonna 2020:<\/strong><\/p>\n<p><img decoding=\"async\" alt=\"\" src=\"https:\/\/www.europesays.com\/fi\/wp-content\/uploads\/2026\/09\/13-1-50278159-1603872165439.jpeg\" class=\"aw__sc-dklauk-0 LPzKX\"\/><\/p>\n","protected":false},"excerpt":{"rendered":"Patentti- ja rekisteri\u00adhallitus on k\u00e4ynnist\u00e4nyt selvityksen Nuoriso\u00ads\u00e4\u00e4ti\u00f6n toiminnasta. Nuoriso\u00ads\u00e4\u00e4ti\u00f6n mukaan se ei ole rikkonut s\u00e4\u00e4ti\u00f6lakia tai omia s\u00e4\u00e4nt\u00f6j\u00e4\u00e4n.&hellip;\n","protected":false},"author":2,"featured_media":341956,"comment_status":"","ping_status":"","sticky":false,"template":"","format":"standard","meta":{"footnotes":"","_share_on_mastodon":"0"},"categories":[12],"tags":[22,23,26,27,33,31,30,17,71,24,25,28,29,8354,15,24563,18,21,38299,10893,32,78,19,20,16],"class_list":["post-341955","post","type-post","status-publish","format-standard","has-post-thumbnail","category-suomi","tag-breaking-news","tag-breakingnews","tag-featured-news","tag-featurednews","tag-fi","tag-finland","tag-finnish","tag-headlines","tag-kotimaa","tag-latest-news","tag-latestnews","tag-main-news","tag-mainnews","tag-mot","tag-news","tag-nuorisosaatio","tag-otsikot","tag-paauutiset","tag-patentti-ja-rekisterihallitus","tag-saatiot","tag-suomi","tag-talous","tag-top-stories","tag-topstories","tag-uutiset"],"share_on_mastodon":{"url":"https:\/\/pubeurope.com\/@fi\/117217273681779652","error":""},"_links":{"self":[{"href":"https:\/\/www.europesays.com\/fi\/wp-json\/wp\/v2\/posts\/341955","targetHints":{"allow":["GET"]}}],"collection":[{"href":"https:\/\/www.europesays.com\/fi\/wp-json\/wp\/v2\/posts"}],"about":[{"href":"https:\/\/www.europesays.com\/fi\/wp-json\/wp\/v2\/types\/post"}],"author":[{"embeddable":true,"href":"https:\/\/www.europesays.com\/fi\/wp-json\/wp\/v2\/users\/2"}],"replies":[{"embeddable":true,"href":"https:\/\/www.europesays.com\/fi\/wp-json\/wp\/v2\/comments?post=341955"}],"version-history":[{"count":0,"href":"https:\/\/www.europesays.com\/fi\/wp-json\/wp\/v2\/posts\/341955\/revisions"}],"wp:featuredmedia":[{"embeddable":true,"href":"https:\/\/www.europesays.com\/fi\/wp-json\/wp\/v2\/media\/341956"}],"wp:attachment":[{"href":"https:\/\/www.europesays.com\/fi\/wp-json\/wp\/v2\/media?parent=341955"}],"wp:term":[{"taxonomy":"category","embeddable":true,"href":"https:\/\/www.europesays.com\/fi\/wp-json\/wp\/v2\/categories?post=341955"},{"taxonomy":"post_tag","embeddable":true,"href":"https:\/\/www.europesays.com\/fi\/wp-json\/wp\/v2\/tags?post=341955"}],"curies":[{"name":"wp","href":"https:\/\/api.w.org\/{rel}","templated":true}]}}