{"id":341961,"date":"2026-09-05T07:46:13","date_gmt":"2026-09-05T07:46:13","guid":{"rendered":"https:\/\/www.europesays.com\/fi\/341961\/"},"modified":"2026-09-05T07:46:13","modified_gmt":"2026-09-05T07:46:13","slug":"taidetta-nayteikkunoissa-ja-puutarha-kivisydamessa-tassa-ovat-oulun-syyskuun-nayttelyt","status":"publish","type":"post","link":"https:\/\/www.europesays.com\/fi\/341961\/","title":{"rendered":"Taidetta n\u00e4yteikkunoissa ja puutarha Kivisyd\u00e4mess\u00e4 \u2013 T\u00e4ss\u00e4 ovat Oulun syyskuun n\u00e4yttelyt"},"content":{"rendered":"<p>    <img decoding=\"async\" class=\"responsive-image article__image-image lozad\"   src=\"https:\/\/www.europesays.com\/fi\/wp-content\/uploads\/2026\/09\/-RAK_k6rYIWK7PwLR2vZwFaAn09KURp3tuL63WEST5kdhpVwdUAo6uNJyB-KG0neywSlOIzQjDymzGX4SzuS9ALhl_x3nFqlegee.jpeg\" alt=\"Reeta Suvannon karjalaisuutta ja esivanhempien muistamista tarkastelevassa n\u00e4yttelyss\u00e4 Galleria 5:ss\u00e4 on valokuvien lis\u00e4ksi esill\u00e4 my\u00f6s tekstiiliteos Kuolinvaatteet.\"\/><\/p>\n<p>\n                Reeta Suvannon karjalaisuutta ja esivanhempien muistamista tarkastelevassa n\u00e4yttelyss\u00e4 Galleria 5:ss\u00e4 on valokuvien lis\u00e4ksi esill\u00e4 my\u00f6s tekstiiliteos Kuolinvaatteet.\n              <\/p>\n<p>\n                Kuva: Leena Kangas\n              <\/p>\n<p>\n      N\u00e4yttelyt\n    <\/p>\n<p class=\"article__paragraph\">\n      Syyskuun n\u00e4yttelyt tarjoavat sek\u00e4 l\u00e4hitaidetta ett\u00e4 kansainv\u00e4lisi\u00e4 taiteilijavierailuja. Gallerioiden lis\u00e4ksi taidetta voi l\u00f6yt\u00e4\u00e4 keskustan kivijalkaliikkeiden n\u00e4yteikkunoista, Meri-Toppilan Aalto-siilosta ja Kivisyd\u00e4men pys\u00e4k\u00f6intihallista.\n    <\/p>\n<p>      Ihosta ja oopperasta meren yhteyteen<\/p>\n<p>    <img decoding=\"async\" class=\"responsive-image article__image-image lozad\"   src=\"https:\/\/www.europesays.com\/fi\/wp-content\/uploads\/2026\/09\/_Kquv0ftOQz3nrMWnx4FrG33DE8bgriX2KWDhzyCJXLDwnnrYkvaLg1U5V3z8PAAyq2j0XRWs0ctQE4PNtqQ9gMvGVcTVO-01TM6.jpeg\" alt=\"Marina Abramovi\u0107in Aalto-siilon n\u00e4yttelyn pienoishahmo on viittaus yhteen taiteilijan tunnetuimmista performansseista The Artist is Present, joka toteutui MoMAssa New Yorkissa 2010.\"\/><\/p>\n<p>\n                Marina Abramovi\u0107in Aalto-siilon n\u00e4yttelyn pienoishahmo on viittaus yhteen taiteilijan tunnetuimmista performansseista The Artist is Present, joka toteutui MoMAssa New Yorkissa 2010.<\/p>\n<p>    Kaleva kertoo, mit\u00e4 Pohjois-Suomessa tapahtuu ja miksi sill\u00e4 on v\u00e4li\u00e4. Ensimm\u00e4iset 2 kk yhteens\u00e4 9,90 \u20ac<\/p>\n<p>Rajaton lukuoikeus verkkosivuilla ja sovelluksessa<br \/>\nN\u00e4k\u00f6islehdet ja arkisto<br \/>\nGalleriat, videot ja live-l\u00e4hetykset<br \/>\nPodcastit<br \/>\nP\u00e4ivitt\u00e4iset uutiset s\u00e4hk\u00f6postiisi<br \/>\nPelit ja koulutukset<br \/>\nTilaajaedut <\/p>\n","protected":false},"excerpt":{"rendered":"Reeta Suvannon karjalaisuutta ja esivanhempien muistamista tarkastelevassa n\u00e4yttelyss\u00e4 Galleria 5:ss\u00e4 on valokuvien lis\u00e4ksi esill\u00e4 my\u00f6s tekstiiliteos Kuolinvaatteet. Kuva:&hellip;\n","protected":false},"author":2,"featured_media":341962,"comment_status":"","ping_status":"","sticky":false,"template":"","format":"standard","meta":{"footnotes":"","_share_on_mastodon":"0"},"categories":[135],"tags":[389,387,388,390,137,33,31,30,32,394,393,391,392,109],"class_list":["post-341961","post","type-post","status-publish","format-standard","has-post-thumbnail","category-taiteet-ja-suunnittelu","tag-arts","tag-arts-and-design","tag-artsanddesign","tag-design","tag-entertainment","tag-fi","tag-finland","tag-finnish","tag-suomi","tag-suunnittelu","tag-taiteet","tag-taiteet-ja-suunnittelu","tag-taiteetsuunnittelu","tag-viihde"],"share_on_mastodon":{"url":"https:\/\/pubeurope.com\/@fi\/117217328846540459","error":""},"_links":{"self":[{"href":"https:\/\/www.europesays.com\/fi\/wp-json\/wp\/v2\/posts\/341961","targetHints":{"allow":["GET"]}}],"collection":[{"href":"https:\/\/www.europesays.com\/fi\/wp-json\/wp\/v2\/posts"}],"about":[{"href":"https:\/\/www.europesays.com\/fi\/wp-json\/wp\/v2\/types\/post"}],"author":[{"embeddable":true,"href":"https:\/\/www.europesays.com\/fi\/wp-json\/wp\/v2\/users\/2"}],"replies":[{"embeddable":true,"href":"https:\/\/www.europesays.com\/fi\/wp-json\/wp\/v2\/comments?post=341961"}],"version-history":[{"count":0,"href":"https:\/\/www.europesays.com\/fi\/wp-json\/wp\/v2\/posts\/341961\/revisions"}],"wp:featuredmedia":[{"embeddable":true,"href":"https:\/\/www.europesays.com\/fi\/wp-json\/wp\/v2\/media\/341962"}],"wp:attachment":[{"href":"https:\/\/www.europesays.com\/fi\/wp-json\/wp\/v2\/media?parent=341961"}],"wp:term":[{"taxonomy":"category","embeddable":true,"href":"https:\/\/www.europesays.com\/fi\/wp-json\/wp\/v2\/categories?post=341961"},{"taxonomy":"post_tag","embeddable":true,"href":"https:\/\/www.europesays.com\/fi\/wp-json\/wp\/v2\/tags?post=341961"}],"curies":[{"name":"wp","href":"https:\/\/api.w.org\/{rel}","templated":true}]}}