{"id":342005,"date":"2026-09-05T08:50:13","date_gmt":"2026-09-05T08:50:13","guid":{"rendered":"https:\/\/www.europesays.com\/fi\/342005\/"},"modified":"2026-09-05T08:50:13","modified_gmt":"2026-09-05T08:50:13","slug":"taman-takia-helsingin-keskustassa-on-nyt-vakea-kuin-pipoa","status":"publish","type":"post","link":"https:\/\/www.europesays.com\/fi\/342005\/","title":{"rendered":"T\u00e4m\u00e4n takia Helsingin keskustassa on nyt v\u00e4ke\u00e4 kuin pipoa"},"content":{"rendered":"<p>Kouvolan Lakritsin avajaisissa jaetaan 1\u202f000 kiloa lakritsia.<\/p>\n<p class=\"paragraph\">Helsingin keskustaan saapui lauantaiaamuna sankoin joukoin jonottajia. Taustalla on se, ett\u00e4 Kouvolan Lakritsi avaa uuden myym\u00e4l\u00e4n Helsingin Keskuskadulle lauantaiaamuna.<\/p>\n<p class=\"paragraph\">Avajaisp\u00e4iv\u00e4n\u00e4 myym\u00e4l\u00e4ss\u00e4 on jaossa 1\u202f000 kilogrammaa lakritsia.<\/p>\n<p class=\"paragraph\">\u2013 Lakritsin yst\u00e4v\u00e4t voivat saapua paikalle \u00e4mp\u00e4rin, kattilan, mittakannun, saavin tai mink\u00e4 tahansa lakritsille soveltuvan astian kanssa, yhti\u00f6n tiedotteessa todetaan.<\/p>\n<p><img decoding=\"async\" class=\"image image-show image-preview\" src=\"https:\/\/www.europesays.com\/fi\/wp-content\/uploads\/2026\/09\/7d51895e6f3dc66a3ebcf3ea5f350f05e295bb20c02e5154c2ec3b28a274ddf7.jpg\" alt=\"\"\/><img decoding=\"async\" class=\"image image-show\" src=\"https:\/\/www.europesays.com\/fi\/wp-content\/uploads\/2026\/09\/1788598213_213_7d51895e6f3dc66a3ebcf3ea5f350f05e295bb20c02e5154c2ec3b28a274ddf7.jpg\" alt=\"\"\/><\/p>\n<p>Minjan tynnyriss\u00e4 l\u00f6ytyi useita lakritsille omistettuja tekstej\u00e4. Atte Kajova<\/p>\n<p class=\"paragraph\">Lakritsia jaetaan astian koon mukaan. Esimerkiksi 10 litran \u00e4mp\u00e4rill\u00e4 saa yhden kilon lakua.<\/p>\n<p class=\"paragraph\">Lakritsikauppa aukeaa osoitteeseen Keskuskatu 7 suoraan viime lauantaina <a href=\"https:\/\/www.iltalehti.fi\/kotimaa\/5a7c6f63-01b2-404d-9fe1-8852271cdf40\" rel=\"nofollow noopener\" target=\"_blank\">avattua<\/a> Bubs-myym\u00e4l\u00e4\u00e4 vastap\u00e4\u00e4t\u00e4. Bubs-avajaisiin jonottajia oli saapunut jo 3-4 aikaan y\u00f6ll\u00e4.<\/p>\n<p>My\u00f6s haalarikansa innostui hakemaan lakuja omine \u00e4mp\u00e4reineen. Atte Kajova<\/p>\n<p class=\"paragraph\">Kouvolan Lakritsin toimitusjohtaja <strong>Santeri Nisula<\/strong> kertoi aiemmin <a href=\"https:\/\/www.iltalehti.fi\/kotimaa\/4bac4129-f172-449b-a46b-6c8fff0786f0\" rel=\"nofollow noopener\" target=\"_blank\">Iltalehdelle<\/a>, ett\u00e4 p\u00e4\u00e4t\u00f6s myym\u00e4l\u00e4n avaamisesta tehtiin kev\u00e4\u00e4ll\u00e4. H\u00e4n sanoo, ettei yhti\u00f6ll\u00e4 ollut t\u00e4ll\u00f6in tietoa Keskuskatu 6:een aukeavasta Bubs-myym\u00e4l\u00e4st\u00e4.<\/p>\n<p class=\"paragraph\">Nisulan mukaan on kuitenkin mahdollista, ett\u00e4 ruotsalaiskilpailija olisi tiennyt etuk\u00e4teen lakritsikaupan avaamisesta.<\/p>\n<p>Kouvolan Lakritsin myym\u00e4l\u00e4 aukesi kello 10 lauantaiaamuna. Atte Kajova<\/p>\n<p class=\"paragraph\">Kouvolan Lakritsi on ottanut kilpailusta hy\u00f6dyn irti. Jo ennen avajaisia myym\u00e4l\u00e4n ikkunaan ilmestyi pieni n\u00e4p\u00e4ytys.<\/p>\n<p class=\"paragraph\">\u2013 Hej Pupsit! Trendit tulevat ja menev\u00e4t, ikkunan mainoksessa lukee.<\/p>\n<p>Kouvolan Lakritsin mainostekstiss\u00e4 piikiteltiin tuoretta Bubs-myym\u00e4l\u00e4\u00e4. Jenni G\u00e4stgivar<\/p>\n","protected":false},"excerpt":{"rendered":"Kouvolan Lakritsin avajaisissa jaetaan 1\u202f000 kiloa lakritsia. Helsingin keskustaan saapui lauantaiaamuna sankoin joukoin jonottajia. Taustalla on se, ett\u00e4&hellip;\n","protected":false},"author":2,"featured_media":342006,"comment_status":"","ping_status":"","sticky":false,"template":"","format":"standard","meta":{"footnotes":"","_share_on_mastodon":"0"},"categories":[76],"tags":[35,79,77,2110,33,31,30,898,3187,3004,32,78,2200],"class_list":["post-342005","post","type-post","status-publish","format-standard","has-post-thumbnail","category-talous","tag-24h","tag-business","tag-economy","tag-elamantapa-ja-vapaa-aika","tag-fi","tag-finland","tag-finnish","tag-kulutustavarat","tag-kulutustavarat-ja-palvelut-sektori","tag-liiketoiminta","tag-suomi","tag-talous","tag-vahittaiskauppa-pl-moottoriajoneuvot-kotitaloustavaroiden-korjaus"],"share_on_mastodon":{"url":"https:\/\/pubeurope.com\/@fi\/117217580565578554","error":""},"_links":{"self":[{"href":"https:\/\/www.europesays.com\/fi\/wp-json\/wp\/v2\/posts\/342005","targetHints":{"allow":["GET"]}}],"collection":[{"href":"https:\/\/www.europesays.com\/fi\/wp-json\/wp\/v2\/posts"}],"about":[{"href":"https:\/\/www.europesays.com\/fi\/wp-json\/wp\/v2\/types\/post"}],"author":[{"embeddable":true,"href":"https:\/\/www.europesays.com\/fi\/wp-json\/wp\/v2\/users\/2"}],"replies":[{"embeddable":true,"href":"https:\/\/www.europesays.com\/fi\/wp-json\/wp\/v2\/comments?post=342005"}],"version-history":[{"count":0,"href":"https:\/\/www.europesays.com\/fi\/wp-json\/wp\/v2\/posts\/342005\/revisions"}],"wp:featuredmedia":[{"embeddable":true,"href":"https:\/\/www.europesays.com\/fi\/wp-json\/wp\/v2\/media\/342006"}],"wp:attachment":[{"href":"https:\/\/www.europesays.com\/fi\/wp-json\/wp\/v2\/media?parent=342005"}],"wp:term":[{"taxonomy":"category","embeddable":true,"href":"https:\/\/www.europesays.com\/fi\/wp-json\/wp\/v2\/categories?post=342005"},{"taxonomy":"post_tag","embeddable":true,"href":"https:\/\/www.europesays.com\/fi\/wp-json\/wp\/v2\/tags?post=342005"}],"curies":[{"name":"wp","href":"https:\/\/api.w.org\/{rel}","templated":true}]}}