{"id":342027,"date":"2026-09-05T09:39:20","date_gmt":"2026-09-05T09:39:20","guid":{"rendered":"https:\/\/www.europesays.com\/fi\/342027\/"},"modified":"2026-09-05T09:39:20","modified_gmt":"2026-09-05T09:39:20","slug":"moottorirata-kymi-ring-tahkoaa-tappiota-iitissa-kannattavaksi-tekeminen-vaatii-viela-vuosia-paijat-hame","status":"publish","type":"post","link":"https:\/\/www.europesays.com\/fi\/342027\/","title":{"rendered":"Moottorirata Kymi Ring tahkoaa tappiota Iitiss\u00e4 \u2013 kannattavaksi tekeminen vaatii viel\u00e4 vuosia | P\u00e4ij\u00e4t-H\u00e4me"},"content":{"rendered":"<p class=\"aw__sc-1qwuw0s-0 aw__sc-1vg2sqm-0 epAWpq ecELkD yle__article__paragraph\">Uusien omistajien aikana rataan on investoitu noin viisi miljoonaa euroa. T\u00e4n\u00e4 vuonna radalla on yli sata toimintap\u00e4iv\u00e4\u00e4.<\/p>\n<p><img decoding=\"async\" alt=\"Formula Ford-sarjan kuljettaja Jenni Silventoinen istuu kilpa-autossaan.\" src=\"https:\/\/www.europesays.com\/fi\/wp-content\/uploads\/2026\/09\/1788520665.jpeg\" class=\"aw__sc-dklauk-0 LPzKX\"\/><\/p>\n<p>Avaa kuvien katselu<\/p>\n<p>Formula Ford-sarjan kuljettaja Jenni Silventoinen istui ajokkinsa kyydiss\u00e4 viikonlopun kisatapahtuman harjoituksissa perjantaina. H\u00e4nelle Kymi Ring on kotirata ja lempirata Suomessa. Kuva: Juha-Petri Koponen \/ Yle<\/p>\n<p class=\"aw__sc-1qwuw0s-0 aw__sc-ngllmo-0 epAWpq fzYpjk yle__article__paragraph\">Iittil\u00e4isell\u00e4 moottoriurheilurata Kymi Ringill\u00e4 on viel\u00e4 pitk\u00e4 matka voitolliseksi liiketoiminnaksi.<\/p>\n<p class=\"aw__sc-1qwuw0s-0 aw__sc-ngllmo-0 epAWpq fzYpjk yle__article__paragraph\">Ratayhti\u00f6n eli Finland Motorsport circuit oy:n unkarilainen toimitusjohtaja <strong class=\"aw__sc-ngllmo-2 gdRrun yle__article__strong\">Korn\u00e9l \u00d6ryn<\/strong> mukaan viime vuosi tulee olemaan tappiollinen, vaikka rataa py\u00f6ritt\u00e4v\u00e4n yhti\u00f6n tilinp\u00e4\u00e4t\u00f6st\u00e4 ei ole viel\u00e4 vahvistettu.<\/p>\n<p class=\"aw__sc-1qwuw0s-0 aw__sc-ngllmo-0 epAWpq fzYpjk yle__article__paragraph\">H\u00e4n ennakoi tappioita my\u00f6s t\u00e4ksi vuodeksi.<\/p>\n<p class=\"aw__sc-1qwuw0s-0 aw__sc-ngllmo-0 epAWpq fzYpjk yle__article__paragraph\">\u2013 Emme ole kannattavia, emmek\u00e4 odottaneetkaan olevamme. T\u00e4ll\u00e4 toimialalla ja t\u00e4ll\u00e4 liiketoimintamallilla yrityksen kannattavaksi tekeminen vie vuosia, \u00d6ry arvioi s\u00e4hk\u00f6postiviestiss\u00e4\u00e4n.<\/p>\n<p class=\"aw__sc-1qwuw0s-0 aw__sc-ngllmo-0 epAWpq fzYpjk yle__article__paragraph\">Yle yritti tavoittaa Lahdessa asuvaa toimitusjohtajaa haastatteluun, mutta h\u00e4n vastasi kysymyksiin s\u00e4hk\u00f6postitse kiireisiins\u00e4 vedoten.<\/p>\n<p><img decoding=\"async\" alt=\"Vanha formula-auto Kymi Ringin varikkosuoralla.\" src=\"https:\/\/www.europesays.com\/fi\/wp-content\/uploads\/2026\/09\/1788520178.jpeg\" loading=\"lazy\" class=\"aw__sc-dklauk-0 LPzKX\"\/><\/p>\n<p>Avaa kuvien katselu<\/p>\n<p>Historic Kymi Racen harjoitukset n\u00e4kyiv\u00e4t Kymi Ringin varikolla perjantaina. Kuva: Juha-Petri Koponen \/ YleKotkalainen formulakuski pit\u00e4\u00e4 haastavasta radasta<\/p>\n<p class=\"aw__sc-1qwuw0s-0 aw__sc-ngllmo-0 epAWpq fzYpjk yle__article__paragraph\">T\u00e4n\u00e4 vuonna radalla on yli sata toimintap\u00e4iv\u00e4\u00e4. Esimerkiksi 5.\u20136. syyskuuta radalla ajetaan Historic Kymi Race -autokilpailu.<\/p>\n<p class=\"aw__sc-1qwuw0s-0 aw__sc-ngllmo-0 epAWpq fzYpjk yle__article__paragraph\">Perjantaina radalla harjoitellut kotkalainen <strong class=\"aw__sc-ngllmo-2 gdRrun yle__article__strong\">Jenni Silventoinen<\/strong> on harrastanut moottoriurheilua yli viisi vuotta.<\/p>\n<p class=\"aw__sc-1qwuw0s-0 aw__sc-ngllmo-0 epAWpq fzYpjk yle__article__paragraph\">\u2013 T\u00e4m\u00e4 on tosi haastava ja tekninen rata. T\u00e4ss\u00e4 on erilaisia mutkia, joissa pit\u00e4\u00e4 mietti\u00e4 paras ajolinja. P\u00e4\u00e4suora on tosi pitk\u00e4 ja t\u00e4m\u00e4 on uudempi kuin muut, Silventoinen sanoo.<\/p>\n<p class=\"aw__sc-1qwuw0s-0 aw__sc-ngllmo-0 epAWpq fzYpjk yle__article__paragraph\"><strong class=\"aw__sc-ngllmo-2 gdRrun yle__article__strong\">Katso videolta, mit\u00e4 mielt\u00e4 kuljettajat olivat syyskuun 4. p\u00e4iv\u00e4n harjoituksissa Iitin Kymi Ringist\u00e4:<\/strong><\/p>\n<p>Investointeja tulee lis\u00e4\u00e4<\/p>\n<p class=\"aw__sc-1qwuw0s-0 aw__sc-ngllmo-0 epAWpq fzYpjk yle__article__paragraph\">Vajaat kolme vuotta sitten konkurssipes\u00e4n j\u00e4lkeen <a class=\"aw__sc-ngllmo-1 bTDnwX yle__article__link\" href=\"https:\/\/yle.fi\/a\/74-20074740\" role=\"link\" rel=\"nofollow noopener\" target=\"_blank\">Kymi Ring sai uudet omistajat<\/a>.<\/p>\n<p class=\"aw__sc-1qwuw0s-0 aw__sc-ngllmo-0 epAWpq fzYpjk yle__article__paragraph\">Toimitusjohtaja Korn\u00e9l \u00d6ryn mukaan sen j\u00e4lkeen radan kunnostukseen ja yll\u00e4pitoon on investoitu noin viisi miljoonaa euroa.<\/p>\n<p class=\"aw__sc-1qwuw0s-0 aw__sc-ngllmo-0 epAWpq fzYpjk yle__article__paragraph\">Rahoitus on tullut osakkailta.<\/p>\n<p class=\"aw__sc-1qwuw0s-0 aw__sc-ngllmo-0 epAWpq fzYpjk yle__article__paragraph\">\u2013 Rata vaatii viel\u00e4 aikaa ja investointeja. Jos kaikki menee suunnitelmiemme mukaan, niin rata on l\u00e4hell\u00e4 t\u00e4ytt\u00e4 toimintalaajuutta vuonna 2028, \u00d6ry uskoo.<\/p>\n<p><img decoding=\"async\" alt=\"Mini vauhdissa Kymi Ringin moottoriradalla.\" src=\"https:\/\/www.europesays.com\/fi\/wp-content\/uploads\/2026\/09\/1788520272.jpeg\" loading=\"lazy\" class=\"aw__sc-dklauk-0 LPzKX\"\/><\/p>\n<p>Avaa kuvien katselu<\/p>\n<p>Historic Kymi Racen harjoituksissa perjantaina radalle kiihdytti monenlaisia menopelej\u00e4.  Kuva: Juha-Petri Koponen \/ Yle<\/p>\n<p class=\"aw__sc-1qwuw0s-0 aw__sc-ngllmo-0 epAWpq fzYpjk yle__article__paragraph\">Toimitusjohtaja kertoo, ett\u00e4 Suomen tiukka talous on n\u00e4kynyt radan liiketoiminnassa. Esimerkiksi moni autoalan yritystapahtuma radalla peruttiin yhti\u00f6iden budjettis\u00e4\u00e4st\u00f6jen vuoksi.<\/p>\n<p class=\"aw__sc-1qwuw0s-0 aw__sc-ngllmo-0 epAWpq fzYpjk yle__article__paragraph\">\u00d6ryn mukaan Kymi Ringin \u201dihanteellinen kalenteri\u201d sis\u00e4lt\u00e4\u00e4 yhden tai kaksi kansainv\u00e4list\u00e4 moottoriurheilusarjaa ja nelj\u00e4 tai viisi kansallista ja alueellista kilpailua. T\u00e4m\u00e4n lis\u00e4ksi tarvitaan my\u00f6s muun muassa ratap\u00e4ivi\u00e4 ja yritystapahtumia.<\/p>\n","protected":false},"excerpt":{"rendered":"Uusien omistajien aikana rataan on investoitu noin viisi miljoonaa euroa. T\u00e4n\u00e4 vuonna radalla on yli sata toimintap\u00e4iv\u00e4\u00e4. Avaa&hellip;\n","protected":false},"author":2,"featured_media":342028,"comment_status":"","ping_status":"","sticky":false,"template":"","format":"standard","meta":{"footnotes":"","_share_on_mastodon":"0"},"categories":[158],"tags":[2786,33,31,30,4173,42154,464,83,1268,159,32,160],"class_list":["post-342027","post","type-post","status-publish","format-standard","has-post-thumbnail","category-urheilu","tag-elinkeinoelama","tag-fi","tag-finland","tag-finnish","tag-iitti","tag-kilpa-ajorata","tag-kymenlaakso","tag-moottoriurheilu","tag-paijat-hame","tag-sports","tag-suomi","tag-urheilu"],"share_on_mastodon":{"url":"https:\/\/pubeurope.com\/@fi\/117217773247056762","error":""},"_links":{"self":[{"href":"https:\/\/www.europesays.com\/fi\/wp-json\/wp\/v2\/posts\/342027","targetHints":{"allow":["GET"]}}],"collection":[{"href":"https:\/\/www.europesays.com\/fi\/wp-json\/wp\/v2\/posts"}],"about":[{"href":"https:\/\/www.europesays.com\/fi\/wp-json\/wp\/v2\/types\/post"}],"author":[{"embeddable":true,"href":"https:\/\/www.europesays.com\/fi\/wp-json\/wp\/v2\/users\/2"}],"replies":[{"embeddable":true,"href":"https:\/\/www.europesays.com\/fi\/wp-json\/wp\/v2\/comments?post=342027"}],"version-history":[{"count":0,"href":"https:\/\/www.europesays.com\/fi\/wp-json\/wp\/v2\/posts\/342027\/revisions"}],"wp:featuredmedia":[{"embeddable":true,"href":"https:\/\/www.europesays.com\/fi\/wp-json\/wp\/v2\/media\/342028"}],"wp:attachment":[{"href":"https:\/\/www.europesays.com\/fi\/wp-json\/wp\/v2\/media?parent=342027"}],"wp:term":[{"taxonomy":"category","embeddable":true,"href":"https:\/\/www.europesays.com\/fi\/wp-json\/wp\/v2\/categories?post=342027"},{"taxonomy":"post_tag","embeddable":true,"href":"https:\/\/www.europesays.com\/fi\/wp-json\/wp\/v2\/tags?post=342027"}],"curies":[{"name":"wp","href":"https:\/\/api.w.org\/{rel}","templated":true}]}}