{"id":342029,"date":"2026-09-05T09:40:15","date_gmt":"2026-09-05T09:40:15","guid":{"rendered":"https:\/\/www.europesays.com\/fi\/342029\/"},"modified":"2026-09-05T09:40:15","modified_gmt":"2026-09-05T09:40:15","slug":"nykytanssin-pioneerit-juhlivat-ja-mahtuu-mukaan-sirkustakin-katso-tarpit-kulttuuri","status":"publish","type":"post","link":"https:\/\/www.europesays.com\/fi\/342029\/","title":{"rendered":"Nykytanssin pioneerit juhlivat, ja mahtuu mukaan sirkustakin \u2013 katso t\u00e4rpit | Kulttuuri"},"content":{"rendered":"<p>1. Faravidin maa<img decoding=\"async\" alt=\"Kaksi vihre\u00e4pukuista naista seisoo toimistossa kirjoituskoneen \u00e4\u00e4rell\u00e4; taustalla vihre\u00e4\u00e4 paperia sein\u00e4ll\u00e4.\" src=\"https:\/\/www.europesays.com\/fi\/wp-content\/uploads\/2026\/09\/1787569417.jpeg\" loading=\"lazy\" class=\"aw__sc-dklauk-0 LPzKX\"\/><\/p>\n<p>Avaa kuvien katselu<\/p>\n<p>Kuinka ollakaan, entiseen Eka-markettiin on unohtunut muutama kassaneiti. Kuva: Janne-Pekka Manninen<\/p>\n<p class=\"aw__sc-1qwuw0s-0 aw__sc-ngllmo-0 epAWpq fzYpjk yle__article__paragraph\">Oulussa on k\u00e4ynniss\u00e4 er\u00e4\u00e4nlainen rituaali: kansalaisia kutsutaan j\u00e4tt\u00e4m\u00e4\u00e4n j\u00e4\u00e4hyv\u00e4iset Raksilassa sijaitsevalle entiselle Eka-marketille. Sen tilalle on tarkoitus rakentaa el\u00e4mysareena.<\/p>\n<p class=\"aw__sc-1qwuw0s-0 aw__sc-ngllmo-0 epAWpq fzYpjk yle__article__paragraph\">Immersiivinen teatteri on ollut jo pitk\u00e4\u00e4n vet\u00e4v\u00e4 ja suosittu esitysmuoto, ja nyt katsojat voivat valita itse reittins\u00e4 esityksess\u00e4, joka yhdist\u00e4\u00e4 teatteria, nykysirkusta ja nykytanssia.<\/p>\n<p class=\"aw__sc-1qwuw0s-0 aw__sc-ngllmo-0 epAWpq fzYpjk yle__article__paragraph\">Faravidin maa on Oulun teatterin ja paikallisen Flow Productions -ryhm\u00e4n yhteistuotanto. J\u00e4lkimm\u00e4inen juhlii 20-vuotista el\u00e4m\u00e4\u00e4ns\u00e4.<\/p>\n<p class=\"aw__sc-1qwuw0s-0 aw__sc-ngllmo-0 epAWpq fzYpjk yle__article__paragraph\">Oulun Raksila 12.12. asti.<\/p>\n<p>2. Superthing<img decoding=\"async\" alt=\"Seitsem\u00e4n esiintyj\u00e4\u00e4 seisoo ja polvistuu lavalla v\u00e4rikk\u00e4iss\u00e4 vaatteissa, taustalla tumma sein\u00e4.\" src=\"https:\/\/www.europesays.com\/fi\/wp-content\/uploads\/2026\/09\/1787567887.jpeg\" loading=\"lazy\" class=\"aw__sc-dklauk-0 LPzKX\"\/><\/p>\n<p>Avaa kuvien katselu<\/p>\n<p>Kuopiolaiset liittoutuivat latvialaisten kanssa Superthing-teoksessa. Kuva: Egl\u0117 Sabaliauskait\u0117<\/p>\n<p class=\"aw__sc-1qwuw0s-0 aw__sc-ngllmo-0 epAWpq fzYpjk yle__article__paragraph\">Kuopiolaisen Tanssiteatteri Minimin taiteellinen johtaja <strong class=\"aw__sc-ngllmo-2 gdRrun yle__article__strong\">Taneli T\u00f6rm\u00e4<\/strong> on nostanut ryhm\u00e4n profiilia Minimin 35-vuotisjuhliin. Uusi teos Superthing on syntynyt yhteisty\u00f6ss\u00e4 latvialaisen \u0160eiko Dance Companyn kanssa.<\/p>\n<p class=\"aw__sc-1qwuw0s-0 aw__sc-ngllmo-0 epAWpq fzYpjk yle__article__paragraph\">Kaikki esiintyj\u00e4t ovat yli 40-vuotiaita, mik\u00e4 on tanssissa harvinaista. Koreografian ovat tehneet <strong class=\"aw__sc-ngllmo-2 gdRrun yle__article__strong\">Annamari Keskinen<\/strong> ja <strong class=\"aw__sc-ngllmo-2 gdRrun yle__article__strong\">Ryan Mason<\/strong>, jotka ty\u00f6skenteliv\u00e4t viime vuonna Helsinki Dance Companyn kanssa.<\/p>\n<p class=\"aw__sc-1qwuw0s-0 aw__sc-ngllmo-0 epAWpq fzYpjk yle__article__paragraph\">Tanssin talo 8.9.\u20139.9. ja Kuopion teatteri 24.11.<\/p>\n<p>3. RapuRequiem<img decoding=\"async\" alt=\"Nelj\u00e4 henkil\u00f6\u00e4 seisoo l\u00e4hekk\u00e4in, yksi edess\u00e4 kumartuneena kohti kameraa, taustalla sinist\u00e4 valaistusta.\" src=\"https:\/\/www.europesays.com\/fi\/wp-content\/uploads\/2026\/09\/1788415451.jpeg\" loading=\"lazy\" class=\"aw__sc-dklauk-0 LPzKX\"\/><\/p>\n<p>Avaa kuvien katselu<\/p>\n<p>Miten k\u00e4y, kun suomalaisen kulttuurin henkiin her\u00e4tt\u00e4minen on annettu muistisairaalle esitystaiteilijaryhm\u00e4lle teoksessa RapuRequiem. Kuva: Leo Ollikainen<\/p>\n<p class=\"aw__sc-1qwuw0s-0 aw__sc-ngllmo-0 epAWpq fzYpjk yle__article__paragraph\">Nykysirkusryhm\u00e4 Agit Cirk t\u00e4ytt\u00e4\u00e4 20 vuotta, ja ryhm\u00e4ll\u00e4 on juhlavuonna missio: sivilisaatio on tuhoutunut, ja sit\u00e4 my\u00f6t\u00e4 suomalaisen taiteen historia, mutta Agit Cirk yritt\u00e4\u00e4 pit\u00e4\u00e4 sen rippeist\u00e4 kiinni.<\/p>\n<p class=\"aw__sc-1qwuw0s-0 aw__sc-ngllmo-0 epAWpq fzYpjk yle__article__paragraph\"><strong class=\"aw__sc-ngllmo-2 gdRrun yle__article__strong\">Jussi Moila<\/strong> on sek\u00e4 kirjoittanut ett\u00e4 ohjannut esityksen, ja Agit Cirkille pisteet siit\u00e4, ett\u00e4 se tekee yhteisty\u00f6t\u00e4 kotimaisen nykykirjailijan kanssa. Puheteatteria ja nykysirkusta yhdist\u00e4v\u00e4 RapuRequiem on ryhm\u00e4n juhlavuoden p\u00e4\u00e4teos.<\/p>\n<p class=\"aw__sc-1qwuw0s-0 aw__sc-ngllmo-0 epAWpq fzYpjk yle__article__paragraph\">Helsingin Kanneltalo 8.\u201310.9.<\/p>\n<p>4. Minna Tervam\u00e4ki<img decoding=\"async\" alt=\"Nainen seisoo lavalla kullanv\u00e4risess\u00e4 asussa tummalla taustalla, nostaa toista k\u00e4tt\u00e4\u00e4n ja hulmuttaa kangasta.\" src=\"https:\/\/www.europesays.com\/fi\/wp-content\/uploads\/2026\/09\/1787569781.jpeg\" loading=\"lazy\" class=\"aw__sc-dklauk-0 LPzKX\"\/><\/p>\n<p>Avaa kuvien katselu<\/p>\n<p>T\u00e4st\u00e4 ei gaalan juontajan asu parane. Minna Tervam\u00e4ki my\u00f6s tanssii taiteilijajuhlassaan. Kuva: Mari Waegelein<\/p>\n<p class=\"aw__sc-1qwuw0s-0 aw__sc-ngllmo-0 epAWpq fzYpjk yle__article__paragraph\">Kansallisbaletin entinen t\u00e4htitanssija <strong class=\"aw__sc-ngllmo-2 gdRrun yle__article__strong\">Minna Tervam\u00e4ki<\/strong> (s. 1968) on luonnonvoima, jota ei pys\u00e4yt\u00e4 mik\u00e4\u00e4n.<\/p>\n<p class=\"aw__sc-1qwuw0s-0 aw__sc-ngllmo-0 epAWpq fzYpjk yle__article__paragraph\">40-vuotistaiteilijajuhlaansa viett\u00e4v\u00e4n Tervam\u00e4en gaalailta on varsinainen runsaudensarvi: on tanssijoita Kansallisbaletista, flamencotaiteilija <strong class=\"aw__sc-ngllmo-2 gdRrun yle__article__strong\">Kaari Martin<\/strong> ja kohtaus Joutsenlammesta, jonka tanssivat <strong class=\"aw__sc-ngllmo-2 gdRrun yle__article__strong\">Aapo Kokkonen<\/strong> ja <strong class=\"aw__sc-ngllmo-2 gdRrun yle__article__strong\">Anni Martins\u00e9n<\/strong>. Itse juhlakalu tanssii uudessa soolossa, johon <strong class=\"aw__sc-ngllmo-2 gdRrun yle__article__strong\">Riku Lehtopolku<\/strong> on tehnyt koreografian.<\/p>\n<p class=\"aw__sc-1qwuw0s-0 aw__sc-ngllmo-0 epAWpq fzYpjk yle__article__paragraph\">Tasavuosien juhlintaa t\u00e4ydent\u00e4\u00e4 tuore el\u00e4m\u00e4kerta (WSOY, 2026).<\/p>\n<p class=\"aw__sc-1qwuw0s-0 aw__sc-ngllmo-0 epAWpq fzYpjk yle__article__paragraph\">Tanssin talo 12.9.<\/p>\n<p>5. Triplailta<img decoding=\"async\" alt=\"Wild Is the Wind on palkitun koreografin Sonya Lindforsin uusi suuren n\u00e4ytt\u00e4m\u00f6n tilausteos TSC:lle.\" src=\"https:\/\/www.europesays.com\/fi\/wp-content\/uploads\/2026\/09\/1787570043.jpeg\" loading=\"lazy\" class=\"aw__sc-dklauk-0 LPzKX\"\/><\/p>\n<p>Avaa kuvien katselu<\/p>\n<p>Tuuli on Sonya Lindforsin teoksen alulle paneva voima. Wild is the Wind on yksi Tero Saarinen Companyn juhlaillan teoksista. Kuva: Tuukka Ervasti<\/p>\n<p class=\"aw__sc-1qwuw0s-0 aw__sc-ngllmo-0 epAWpq fzYpjk yle__article__paragraph\"><strong class=\"aw__sc-ngllmo-2 gdRrun yle__article__strong\">Tero Saarisen<\/strong> tanssiryhm\u00e4 (TSC) on kehittynyt 30 vuodessa siihen pisteeseen, ett\u00e4 se on pystynyt ty\u00f6llist\u00e4m\u00e4\u00e4n kuusi tanssijaa kuukausipalkalla viime vuodesta l\u00e4htien. Se on tanssin kent\u00e4ll\u00e4 saavutus jo sin\u00e4ns\u00e4.<\/p>\n<p class=\"aw__sc-1qwuw0s-0 aw__sc-ngllmo-0 epAWpq fzYpjk yle__article__paragraph\">Ryhm\u00e4 juhlii tasavuosia kolmen teoksen illalla: tilausteoksen tekee <strong class=\"aw__sc-ngllmo-2 gdRrun yle__article__strong\">Sonya Lindfors<\/strong>, ja Wild is the Windin ennakkotietojen mukaan \u201dtanssijajoukko asettuu yhteiseen rytmiin, l\u00f6yt\u00e4\u00e4 jaetun sykkeen ja antautuu grooven ilolle\u201d.<\/p>\n<p class=\"aw__sc-1qwuw0s-0 aw__sc-ngllmo-0 epAWpq fzYpjk yle__article__paragraph\">Illan muut teokset ovat Saarisen soolo Room 7 (kor. <strong class=\"aw__sc-ngllmo-2 gdRrun yle__article__strong\">Carolyn Carlson<\/strong>) sek\u00e4 kahdelle tanssijalle tehty Garden.<\/p>\n<p class=\"aw__sc-1qwuw0s-0 aw__sc-ngllmo-0 epAWpq fzYpjk yle__article__paragraph\">Tanssin talo 22.\u201326.9.<\/p>\n<p>6. Kolmen soolon juhla<img decoding=\"async\" alt=\"Kolme naista eri asennoissa tummalla taustalla, yhdell\u00e4 nainen katsoo suoraan eteenp\u00e4in.\" src=\"https:\/\/www.europesays.com\/fi\/wp-content\/uploads\/2026\/09\/1787571875.jpeg\" loading=\"lazy\" class=\"aw__sc-dklauk-0 LPzKX\"\/><\/p>\n<p>Avaa kuvien katselu<\/p>\n<p>Nina Bulgakova (vas.), Patricia Sejas ja Delfiina Huczkowski ovat Alpo Aaltokosken taiteilijajuhlan naiset. Kuva: Alpo Aaltokoski Company<\/p>\n<p class=\"aw__sc-1qwuw0s-0 aw__sc-ngllmo-0 epAWpq fzYpjk yle__article__paragraph\"><strong class=\"aw__sc-ngllmo-2 gdRrun yle__article__strong\">Alpo Aaltokoski<\/strong> on yksi kotimaisen nykytanssin dynamoista. H\u00e4n oli ajamassa tanssille muun muassa Helsingiss\u00e4 sijaitsevaa Tanssin taloa.<\/p>\n<p class=\"aw__sc-1qwuw0s-0 aw__sc-ngllmo-0 epAWpq fzYpjk yle__article__paragraph\">Aaltokosken 40-vuotistaiteilijajuhla nostaa maljan kolmelle naistanssijalle. Aaltokoski on vienyt tanssia Latinalaiseen Amerikkaan ja saanut vastineeksi uusia kaukaisia yst\u00e4vi\u00e4.<\/p>\n<p class=\"aw__sc-1qwuw0s-0 aw__sc-ngllmo-0 epAWpq fzYpjk yle__article__paragraph\">Bolivialainen <strong class=\"aw__sc-ngllmo-2 gdRrun yle__article__strong\">Patricia Sejas<\/strong>, 68, esitt\u00e4\u00e4 illassa Aaltokosken teoksen Eilisen j\u00e4lkeen. \u201dKun tanssin t\u00e4t\u00e4 teosta, minusta tuntuu kuin el\u00e4isin itse\u00e4ni uudelleen\u201d, Sejas on sanonut. Kaksi muuta sooloa tanssivat <strong class=\"aw__sc-ngllmo-2 gdRrun yle__article__strong\">Delfiina Huczkowski<\/strong> ja Helsinkiin asettunut ukrainalaissyntyinen <strong class=\"aw__sc-ngllmo-2 gdRrun yle__article__strong\">Nina Bulgakova<\/strong>.<\/p>\n<p class=\"aw__sc-1qwuw0s-0 aw__sc-ngllmo-0 epAWpq fzYpjk yle__article__paragraph\">Tanssin talo 27.\u201331.10.<\/p>\n<p>7. Zone Critique<img decoding=\"async\" alt=\"Viisi henkil\u00f6\u00e4 tanssisalissa; yksi makaa lattialla paperi edess\u00e4\u00e4n, muut ovat eri asennoissa taustalla.\" src=\"https:\/\/www.europesays.com\/fi\/wp-content\/uploads\/2026\/09\/1788174267.jpeg\" loading=\"lazy\" class=\"aw__sc-dklauk-0 LPzKX\"\/><\/p>\n<p>Avaa kuvien katselu<\/p>\n<p>Liisa Pentti +Co tulkitsee runoa. Kuva: Sari Antikainen<\/p>\n<p class=\"aw__sc-1qwuw0s-0 aw__sc-ngllmo-0 epAWpq fzYpjk yle__article__paragraph\"><strong class=\"aw__sc-ngllmo-2 gdRrun yle__article__strong\">Liisa Pentin<\/strong> teokset eiv\u00e4t p\u00e4\u00e4st\u00e4 katsojaa helpolla. Ne ammentavat tanssista, esitystaiteesta ja nykyteatteri\u00adperinteest\u00e4.<\/p>\n<p class=\"aw__sc-1qwuw0s-0 aw__sc-ngllmo-0 epAWpq fzYpjk yle__article__paragraph\">40-vuotistaiteilijajuhlaansa viett\u00e4v\u00e4n Pentin juhlavuoden p\u00e4\u00e4teos Zone Critique on koreografia tanssille ja runolle. Kriittinen vy\u00f6hyke (zone critique) on maapallon el\u00e4m\u00e4n kannalta elint\u00e4rke\u00e4 paikka, joka ulottuu kallioper\u00e4st\u00e4 ilmakeh\u00e4n alimpiin osiin. Koreografia kumpuaa suomenruotsalaisen runoilijan <strong class=\"aw__sc-ngllmo-2 gdRrun yle__article__strong\">Martin Enckellin<\/strong> 999-nimisen runokoelman nimett\u00f6m\u00e4st\u00e4 p\u00e4\u00e4t\u00f6srunosta.<\/p>\n<p class=\"aw__sc-1qwuw0s-0 aw__sc-ngllmo-0 epAWpq fzYpjk yle__article__paragraph\">Konepajan n\u00e4ytt\u00e4m\u00f6 Helsingiss\u00e4 28.10\u20138.11.<\/p>\n<p>8. Head x Space<img decoding=\"async\" alt=\"Henkil\u00f6 pukeutuneena vaaleanpunaiseen takkiin ja vaaleaan, ommeltuun naamioasuun; kasvot osittain peitetty.\" src=\"https:\/\/www.europesays.com\/fi\/wp-content\/uploads\/2026\/09\/1787571392.jpeg\" loading=\"lazy\" class=\"aw__sc-dklauk-0 LPzKX\"\/><\/p>\n<p>Avaa kuvien katselu<\/p>\n<p>P\u00e4\u00e4ss\u00e4 kohisee, ja Head x Space n\u00e4ytt\u00e4\u00e4, mit\u00e4 siit\u00e4 seuraa. Kuva: Sari Nuttunen<\/p>\n<p class=\"aw__sc-1qwuw0s-0 aw__sc-ngllmo-0 epAWpq fzYpjk yle__article__paragraph\"><strong class=\"aw__sc-ngllmo-2 gdRrun yle__article__strong\">Susanna Leinonen<\/strong> on tehnyt tinkim\u00e4t\u00f6nt\u00e4 tanssia jo 25 vuotta.<\/p>\n<p class=\"aw__sc-1qwuw0s-0 aw__sc-ngllmo-0 epAWpq fzYpjk yle__article__paragraph\">Syksyn avaa kolmen p\u00e4iv\u00e4n festivaali Body talks, jossa n\u00e4hd\u00e4\u00e4n ryhm\u00e4n teokset Nasty ja Pain Killer eri iltoina. V\u00e4lip\u00e4iv\u00e4n\u00e4 Aleksanterin teatteri muuttuu klubiksi, ja dj pist\u00e4\u00e4 bileet pystyyn Susanna Leinosen tanssijoiden ja yleis\u00f6n kanssa. Varsinainen juhlavuoden teos on Head x Space, joka k\u00e4sittelee ennakkotietojen mukaan p\u00e4\u00e4n sis\u00e4ist\u00e4 tilaa. Ja kyll\u00e4, siell\u00e4 on kaaos.<\/p>\n<p class=\"aw__sc-1qwuw0s-0 aw__sc-ngllmo-0 epAWpq fzYpjk yle__article__paragraph\">Body talks, Aleksanterin teatteri 17.\u201319.9. \/ Head x Space Konepajan n\u00e4ytt\u00e4m\u00f6 19.11.\u201321.11.<\/p>\n<p>9. no-no<img decoding=\"async\" alt=\"Ryhm\u00e4 tanssijoita kuvassa.\" src=\"https:\/\/www.europesays.com\/fi\/wp-content\/uploads\/2026\/09\/1787574006.jpeg\" loading=\"lazy\" class=\"aw__sc-dklauk-0 LPzKX\"\/><\/p>\n<p>Avaa kuvien katselu<\/p>\n<p>No-no oli kova juttu vuonna 1996. Kuva samalta vuodelta. Kuva: Stefan Bremer<\/p>\n<p class=\"aw__sc-1qwuw0s-0 aw__sc-ngllmo-0 epAWpq fzYpjk yle__article__paragraph\"><strong class=\"aw__sc-ngllmo-2 gdRrun yle__article__strong\">Kenneth Kvarnstr\u00f6m<\/strong> nosti kotimaisen nykytanssin uudelle tasolle ja veti taiteenlajin pariin t\u00e4ysin uutta yleis\u00f6\u00e4 1990-luvulla. H\u00e4n tuli tunnetuksi persoonallisista, aggressiivisista ja fyysisesti rankoista teoksistaan.<\/p>\n<p class=\"aw__sc-1qwuw0s-0 aw__sc-ngllmo-0 epAWpq fzYpjk yle__article__paragraph\">Suomessa syntyy vain harvoin nykytanssin klassikoita, mutta Kvarnstr\u00f6min no-nosta tuli sellainen. Helsingin kaupunginteatterin tanssiryhm\u00e4, Helsinki Dance Company, nostaa sen jo toistamiseen uudestaan ohjelmistoonsa. Onhan ensi-illasta 30 vuotta.<\/p>\n<p class=\"aw__sc-1qwuw0s-0 aw__sc-ngllmo-0 epAWpq fzYpjk yle__article__paragraph\">Helsingin kaupunginteatteri 19.11.\u201329.12.<\/p>\n<p>10. Hysteria Mundi \u2013 Improvisaatioita maailmanmenosta<img decoding=\"async\" alt=\"Mies makaa punaisella kankaalla valkoisissa shortseissa ja tekee sel\u00e4ll\u00e4\u00e4n siltaliikett\u00e4. \" src=\"https:\/\/www.europesays.com\/fi\/wp-content\/uploads\/2026\/09\/1787572964.jpeg\" loading=\"lazy\" class=\"aw__sc-dklauk-0 LPzKX\"\/><\/p>\n<p>Avaa kuvien katselu<\/p>\n<p>Hysteria Mundiin on upotettu toinen tanssiteos. Kuva: Tanja Ahola<\/p>\n<p class=\"aw__sc-1qwuw0s-0 aw__sc-ngllmo-0 epAWpq fzYpjk yle__article__paragraph\"><strong class=\"aw__sc-ngllmo-2 gdRrun yle__article__strong\">Sanna Kek\u00e4l\u00e4inen<\/strong> on oman tiens\u00e4 kulkija, jonka ryhm\u00e4 Kek\u00e4l\u00e4inen &amp; Company py\u00f6ritt\u00e4\u00e4 omaa teatteria Helsingin Kaapelitehtaalla.<\/p>\n<p class=\"aw__sc-1qwuw0s-0 aw__sc-ngllmo-0 epAWpq fzYpjk yle__article__paragraph\">H\u00e4n sai huomiota 1990-luvulla teoksella Studien \u00fcber Hysterie. Siin\u00e4 alasti ja hysteerisesti esiintynyt Kek\u00e4l\u00e4inen her\u00e4tti yleis\u00f6ss\u00e4 ristiriitaisia tunteita. Nyt Kek\u00e4l\u00e4isen ryhm\u00e4 juhlii 30-vuotista taivaltaan teoksella Hysteria Mundi. Ennakkotietojen mukaan Studien \u00fcber Hysterie on leivottu juhlateoksen sis\u00e4\u00e4n.<\/p>\n<p class=\"aw__sc-1qwuw0s-0 aw__sc-ngllmo-0 epAWpq fzYpjk yle__article__paragraph\">Aleksanterin teatteri 1.\u20132.12. ja kulttuurikeskus Stoa 15.\u201319.12.<\/p>\n","protected":false},"excerpt":{"rendered":"1. Faravidin maa Avaa kuvien katselu Kuinka ollakaan, entiseen Eka-markettiin on unohtunut muutama kassaneiti. Kuva: Janne-Pekka Manninen Oulussa&hellip;\n","protected":false},"author":2,"featured_media":342030,"comment_status":"","ping_status":"","sticky":false,"template":"","format":"standard","meta":{"footnotes":"","_share_on_mastodon":"0"},"categories":[130],"tags":[137,33,31,30,108,42155,26459,32,109],"class_list":["post-342029","post","type-post","status-publish","format-standard","has-post-thumbnail","category-viihde","tag-entertainment","tag-fi","tag-finland","tag-finnish","tag-kulttuuri","tag-nykysirkus","tag-nykytanssi","tag-suomi","tag-viihde"],"share_on_mastodon":{"url":"https:\/\/pubeurope.com\/@fi\/117217776913837764","error":""},"_links":{"self":[{"href":"https:\/\/www.europesays.com\/fi\/wp-json\/wp\/v2\/posts\/342029","targetHints":{"allow":["GET"]}}],"collection":[{"href":"https:\/\/www.europesays.com\/fi\/wp-json\/wp\/v2\/posts"}],"about":[{"href":"https:\/\/www.europesays.com\/fi\/wp-json\/wp\/v2\/types\/post"}],"author":[{"embeddable":true,"href":"https:\/\/www.europesays.com\/fi\/wp-json\/wp\/v2\/users\/2"}],"replies":[{"embeddable":true,"href":"https:\/\/www.europesays.com\/fi\/wp-json\/wp\/v2\/comments?post=342029"}],"version-history":[{"count":0,"href":"https:\/\/www.europesays.com\/fi\/wp-json\/wp\/v2\/posts\/342029\/revisions"}],"wp:featuredmedia":[{"embeddable":true,"href":"https:\/\/www.europesays.com\/fi\/wp-json\/wp\/v2\/media\/342030"}],"wp:attachment":[{"href":"https:\/\/www.europesays.com\/fi\/wp-json\/wp\/v2\/media?parent=342029"}],"wp:term":[{"taxonomy":"category","embeddable":true,"href":"https:\/\/www.europesays.com\/fi\/wp-json\/wp\/v2\/categories?post=342029"},{"taxonomy":"post_tag","embeddable":true,"href":"https:\/\/www.europesays.com\/fi\/wp-json\/wp\/v2\/tags?post=342029"}],"curies":[{"name":"wp","href":"https:\/\/api.w.org\/{rel}","templated":true}]}}