{"id":342033,"date":"2026-09-05T09:44:18","date_gmt":"2026-09-05T09:44:18","guid":{"rendered":"https:\/\/www.europesays.com\/fi\/342033\/"},"modified":"2026-09-05T09:44:18","modified_gmt":"2026-09-05T09:44:18","slug":"suomi-pieneni-tallainen-on-uusi-maailmankartta-jonka-yk-hyvaksyi-163-1","status":"publish","type":"post","link":"https:\/\/www.europesays.com\/fi\/342033\/","title":{"rendered":"Suomi pieneni: T\u00e4llainen on uusi maailman\u00adkartta, jonka YK hyv\u00e4ksyi 163\u20131"},"content":{"rendered":"<p>Uusi maailmankartta vastaa edellist\u00e4 paremmin maapallon maiden todellisia mittasuhteita.<\/p>\n<p><img decoding=\"async\" src=\"https:\/\/www.europesays.com\/fi\/wp-content\/uploads\/2026\/09\/1788601456_661_468.jpg\" alt=\"Vanha kartta vasemmalla ja uusi oikealla. Uusi maailmankartta vastaa edellist\u00e4 paremmin maantieteellisten alueiden todellisia mittasuhteita.\" class=\"_Img_1rerz_1\" style=\"aspect-ratio:1920\/1080\" loading=\"eager\"\/><\/p>\n<p class=\"font-(family-name:--picture-caption-font-family) text-(length:--picture-caption-font-size) leading-(--picture-caption-leading) font-(--picture-caption-font-weight) text-(color:--picture-caption-color)\">Vanha kartta vasemmalla ja uusi oikealla. Uusi maailmankartta vastaa edellist\u00e4 paremmin maantieteellisten alueiden todellisia mittasuhteita. Kuva:\u00a0Strebe \/ Wikimedia Commons<\/p>\n<p class=\"article-body mb-(--paragraph-margin-b) px-nof-16\">Yhdistyneet kansakunnat hyv\u00e4ksyi p\u00e4\u00e4t\u00f6slauselman maailmankartan uudistamisesta perjantaina, kertoo Reuters.<\/p>\n<p class=\"article-body mb-(--paragraph-margin-b) px-nof-16\">Uusi maailmankartta vastaa edellist\u00e4 paremmin maapallon maiden todellisia mittasuhteita.<\/p>\n<p class=\"article-body mb-(--paragraph-margin-b) px-nof-16\">Nykyisin laajasti k\u00e4yt\u00f6ss\u00e4 ollut 1500-luvulla kehitetty Mercatorin projektio esitt\u00e4\u00e4 napa-alueiden l\u00e4hell\u00e4 sijaitsevat maantieteelliset alueet suhteettoman suurina.<\/p>\n<p class=\"article-body mb-(--paragraph-margin-b) px-nof-16\">Asiaa on pidetty muun muassa Afrikassa ep\u00e4oikeudenmukaisena.<\/p>\n<p><img decoding=\"async\" src=\"https:\/\/www.europesays.com\/fi\/wp-content\/uploads\/2026\/09\/1788601457_321_468.jpg\" alt=\"Vanha maailmankartta.\" class=\"_Img_1rerz_1\" style=\"aspect-ratio:1920\/939\" loading=\"eager\"\/><\/p>\n<p class=\"font-(family-name:--picture-caption-font-family) text-(length:--picture-caption-font-size) leading-(--picture-caption-leading) font-(--picture-caption-font-weight) text-(color:--picture-caption-color) picture-with-caption__caption picture-with-caption__caption--default-full\">Vanha maailmankartta. Kuva:\u00a0Strebe \/ Wikimedia Commons<\/p>\n<p><img decoding=\"async\" src=\"https:\/\/www.europesays.com\/fi\/wp-content\/uploads\/2026\/09\/1788601458_316_468.jpg\" alt=\"Uusi maailmankartta. Esimerkiksi Suomi on projektiossa huomattavasti pienempi.\" class=\"_Img_1rerz_1\" style=\"aspect-ratio:1920\/939\" loading=\"eager\"\/><\/p>\n<p class=\"font-(family-name:--picture-caption-font-family) text-(length:--picture-caption-font-size) leading-(--picture-caption-leading) font-(--picture-caption-font-weight) text-(color:--picture-caption-color) picture-with-caption__caption picture-with-caption__caption--default-full\">Uusi maailmankartta. Esimerkiksi Suomi on projektiossa huomattavasti pienempi. Kuva:\u00a0Strebe \/ Wikimedia Commons<\/p>\n<p class=\"article-body mb-(--paragraph-margin-b) px-nof-16\">P\u00e4\u00e4t\u00f6slauselman laittoi vireille l\u00e4nsiafrikkalainen Togo. Valtio on kannattanut uudeksi kartaksi Equal Earth -karttaan pohjautuvaa projektiota.<\/p>\n<p class=\"article-body mb-(--paragraph-margin-b) px-nof-16\">Kyseess\u00e4 on vuonna 2018 kartanpiirt\u00e4jien kansainv\u00e4lisen\u00e4 yhteisty\u00f6n\u00e4 syntynyt karttaprojektio, joka esitt\u00e4\u00e4 valtioiden koot suhteellisesti oikeamman kokoisina.<\/p>\n<p class=\"article-body mb-(--paragraph-margin-b) px-nof-16\">\u201dReilu maailma alkaa reilusta kartasta\u201d, Togon ulkoministeri <a class=\"font-bold underline-offset-[0.12em] [text-decoration:var(--person-link-text-decoration)] [text-decoration-color:var(--person-link-text-decoration-color)]!\" href=\"https:\/\/www.aamulehti.fi\/haku\/?query=Robert%20Dussey\" rel=\"nofollow noopener\" target=\"_blank\">Robert Dussey<\/a> lausui Reutersille ennen perjantain \u00e4\u00e4nestyst\u00e4.<\/p>\n<p class=\"article-body mb-(--paragraph-margin-b) px-nof-16\">P\u00e4\u00e4t\u00f6slauselma hyv\u00e4ksyttiin YK:n yleiskokouksessa \u00e4\u00e4nin 163\u20131. Kuusi \u00e4\u00e4nesti tyhj\u00e4\u00e4.<\/p>\n<p class=\"article-body mb-(--paragraph-margin-b) px-nof-16\">Ainut ehdotusta vastaan \u00e4\u00e4nest\u00e4nyt maa oli Yhdysvallat. Sen mukaan ehdotus ajaa \u201dideologista agendaa\u201d ja on h\u00e4iri\u00f6tekij\u00e4 \u201doikeille ongelmille\u201d.<\/p>\n","protected":false},"excerpt":{"rendered":"Uusi maailmankartta vastaa edellist\u00e4 paremmin maapallon maiden todellisia mittasuhteita. Vanha kartta vasemmalla ja uusi oikealla. Uusi maailmankartta vastaa&hellip;\n","protected":false},"author":2,"featured_media":342034,"comment_status":"","ping_status":"","sticky":false,"template":"","format":"standard","meta":{"footnotes":"","_share_on_mastodon":"0"},"categories":[14],"tags":[157,22,23,26,27,33,31,30,17,24,25,28,29,15,18,21,32,19,20,56,16,59,60,61],"class_list":["post-342033","post","type-post","status-publish","format-standard","has-post-thumbnail","category-ulkomaat","tag-aamulehti","tag-breaking-news","tag-breakingnews","tag-featured-news","tag-featurednews","tag-fi","tag-finland","tag-finnish","tag-headlines","tag-latest-news","tag-latestnews","tag-main-news","tag-mainnews","tag-news","tag-otsikot","tag-paauutiset","tag-suomi","tag-top-stories","tag-topstories","tag-ulkomaat","tag-uutiset","tag-world","tag-world-news","tag-worldnews"],"share_on_mastodon":{"url":"https:\/\/pubeurope.com\/@fi\/117217792712011628","error":""},"_links":{"self":[{"href":"https:\/\/www.europesays.com\/fi\/wp-json\/wp\/v2\/posts\/342033","targetHints":{"allow":["GET"]}}],"collection":[{"href":"https:\/\/www.europesays.com\/fi\/wp-json\/wp\/v2\/posts"}],"about":[{"href":"https:\/\/www.europesays.com\/fi\/wp-json\/wp\/v2\/types\/post"}],"author":[{"embeddable":true,"href":"https:\/\/www.europesays.com\/fi\/wp-json\/wp\/v2\/users\/2"}],"replies":[{"embeddable":true,"href":"https:\/\/www.europesays.com\/fi\/wp-json\/wp\/v2\/comments?post=342033"}],"version-history":[{"count":0,"href":"https:\/\/www.europesays.com\/fi\/wp-json\/wp\/v2\/posts\/342033\/revisions"}],"wp:featuredmedia":[{"embeddable":true,"href":"https:\/\/www.europesays.com\/fi\/wp-json\/wp\/v2\/media\/342034"}],"wp:attachment":[{"href":"https:\/\/www.europesays.com\/fi\/wp-json\/wp\/v2\/media?parent=342033"}],"wp:term":[{"taxonomy":"category","embeddable":true,"href":"https:\/\/www.europesays.com\/fi\/wp-json\/wp\/v2\/categories?post=342033"},{"taxonomy":"post_tag","embeddable":true,"href":"https:\/\/www.europesays.com\/fi\/wp-json\/wp\/v2\/tags?post=342033"}],"curies":[{"name":"wp","href":"https:\/\/api.w.org\/{rel}","templated":true}]}}