{"id":342035,"date":"2026-09-05T09:45:19","date_gmt":"2026-09-05T09:45:19","guid":{"rendered":"https:\/\/www.europesays.com\/fi\/342035\/"},"modified":"2026-09-05T09:45:19","modified_gmt":"2026-09-05T09:45:19","slug":"henkilo-astui-ratikan-eteen-tampereen-lielahdessa-ja-alkoi-vaannella-sen-pyyhkijaa","status":"publish","type":"post","link":"https:\/\/www.europesays.com\/fi\/342035\/","title":{"rendered":"Henkil\u00f6 astui ratikan eteen Tampereen Lielahdessa ja alkoi v\u00e4\u00e4nnell\u00e4 sen pyyhkij\u00e4\u00e4"},"content":{"rendered":"<p>Tilanne ei aiheuttanut vaaraa sivullisille. Aamup\u00e4iv\u00e4ll\u00e4 osa ratikoista oli my\u00f6h\u00e4ss\u00e4 h\u00e4iri\u00f6n vuoksi.<\/p>\n<p class=\"article-body mb-(--paragraph-margin-b) px-nof-16\">Aamulehti<\/p>\n<p class=\"article-body mb-(--paragraph-margin-b) px-nof-16\">Sis\u00e4-Suomen poliisilla oli lauantaina aamup\u00e4iv\u00e4ll\u00e4 henkil\u00f6n h\u00e4iri\u00f6k\u00e4ytt\u00e4ytymiseen liittyv\u00e4 teht\u00e4v\u00e4 Tampereella Lielahdessa, jonka vuoksi osa ratikoista kulki aikataulustaan j\u00e4ljess\u00e4.<\/p>\n<p class=\"article-body mb-(--paragraph-margin-b) px-nof-16\">Hieman ennen aamukymment\u00e4 henkil\u00f6 oli mennyt ratikkakiskoille Tehtaan pys\u00e4kin vieress\u00e4. Pys\u00e4kin tuntumassa matkalla olleet ratikat olivat pys\u00e4htyneet, ja henkil\u00f6 oli astellut ratikan eteen. Aamulehden lukijan l\u00e4hett\u00e4m\u00e4ll\u00e4 videolla n\u00e4kyy, ett\u00e4 henkil\u00f6 oli k\u00e4sin v\u00e4\u00e4nnellyt ratikan tuulilasin pyyhkij\u00e4\u00e4.<\/p>\n<p class=\"article-body mb-(--paragraph-margin-b) px-nof-16\">Videolla n\u00e4kyy, miten vain hetke\u00e4 t\u00e4m\u00e4n j\u00e4lkeen poliisi tavoitti henkil\u00f6n ja kampesi t\u00e4m\u00e4n maahan ratikan eteen.<\/p>\n<p class=\"article-body mb-(--paragraph-margin-b) px-nof-16\">Sis\u00e4-Suomen poliisin tilannekeskuksesta kerrottiin hieman ennen kello yht\u00e4toista, ett\u00e4 tilanne oli tuolloin edelleen kesken. Tilanne ei aiheuttanut vaaraa sivullisille ihmisille tai liikenteelle.<\/p>\n<p class=\"article-body mb-(--paragraph-margin-b) px-nof-16\">T\u00e4m\u00e4n j\u00e4lkeen ratikat p\u00e4\u00e4siv\u00e4t jatkamaan matkaansa. Nyssen h\u00e4iri\u00f6tiedotteen mukaan ratikoita oli my\u00f6h\u00e4ss\u00e4 viel\u00e4 selv\u00e4sti kello yhdentoista j\u00e4lkeen aamup\u00e4iv\u00e4ll\u00e4.<\/p>\n","protected":false},"excerpt":{"rendered":"Tilanne ei aiheuttanut vaaraa sivullisille. Aamup\u00e4iv\u00e4ll\u00e4 osa ratikoista oli my\u00f6h\u00e4ss\u00e4 h\u00e4iri\u00f6n vuoksi. Aamulehti Sis\u00e4-Suomen poliisilla oli lauantaina aamup\u00e4iv\u00e4ll\u00e4&hellip;\n","protected":false},"author":2,"featured_media":342036,"comment_status":"","ping_status":"","sticky":false,"template":"","format":"standard","meta":{"footnotes":"","_share_on_mastodon":"0"},"categories":[12],"tags":[157,22,23,26,27,33,31,30,17,24,25,28,29,15,18,21,32,19,20,16],"class_list":["post-342035","post","type-post","status-publish","format-standard","has-post-thumbnail","category-suomi","tag-aamulehti","tag-breaking-news","tag-breakingnews","tag-featured-news","tag-featurednews","tag-fi","tag-finland","tag-finnish","tag-headlines","tag-latest-news","tag-latestnews","tag-main-news","tag-mainnews","tag-news","tag-otsikot","tag-paauutiset","tag-suomi","tag-top-stories","tag-topstories","tag-uutiset"],"share_on_mastodon":{"url":"https:\/\/pubeurope.com\/@fi\/117217795912822910","error":""},"_links":{"self":[{"href":"https:\/\/www.europesays.com\/fi\/wp-json\/wp\/v2\/posts\/342035","targetHints":{"allow":["GET"]}}],"collection":[{"href":"https:\/\/www.europesays.com\/fi\/wp-json\/wp\/v2\/posts"}],"about":[{"href":"https:\/\/www.europesays.com\/fi\/wp-json\/wp\/v2\/types\/post"}],"author":[{"embeddable":true,"href":"https:\/\/www.europesays.com\/fi\/wp-json\/wp\/v2\/users\/2"}],"replies":[{"embeddable":true,"href":"https:\/\/www.europesays.com\/fi\/wp-json\/wp\/v2\/comments?post=342035"}],"version-history":[{"count":0,"href":"https:\/\/www.europesays.com\/fi\/wp-json\/wp\/v2\/posts\/342035\/revisions"}],"wp:featuredmedia":[{"embeddable":true,"href":"https:\/\/www.europesays.com\/fi\/wp-json\/wp\/v2\/media\/342036"}],"wp:attachment":[{"href":"https:\/\/www.europesays.com\/fi\/wp-json\/wp\/v2\/media?parent=342035"}],"wp:term":[{"taxonomy":"category","embeddable":true,"href":"https:\/\/www.europesays.com\/fi\/wp-json\/wp\/v2\/categories?post=342035"},{"taxonomy":"post_tag","embeddable":true,"href":"https:\/\/www.europesays.com\/fi\/wp-json\/wp\/v2\/tags?post=342035"}],"curies":[{"name":"wp","href":"https:\/\/api.w.org\/{rel}","templated":true}]}}