{"id":342049,"date":"2026-09-05T10:11:11","date_gmt":"2026-09-05T10:11:11","guid":{"rendered":"https:\/\/www.europesays.com\/fi\/342049\/"},"modified":"2026-09-05T10:11:11","modified_gmt":"2026-09-05T10:11:11","slug":"tunnettu-lastenlaakari-sai-haastehakemuksen-yksityiselta-neuvolalta-yritys-vaatii-vahingonkorvauksia-20-000-euroa-kotimaa","status":"publish","type":"post","link":"https:\/\/www.europesays.com\/fi\/342049\/","title":{"rendered":"Tunnettu lastenl\u00e4\u00e4k\u00e4ri sai haasteh\u00adakemuksen yksityiselt\u00e4 neuvolalta \u2013 yritys vaatii vahingonkorv\u00adauksia 20\u00a0000 euroa | Kotimaa"},"content":{"rendered":"<p class=\"aw__sc-1qwuw0s-0 aw__sc-1vg2sqm-0 epAWpq ecELkD yle__article__paragraph\">Muun muassa vauvojen kieli- ja huuli\u00adj\u00e4nne\u00adleikkauksi\u00aden j\u00e4lkihoitoa myyv\u00e4 yritys vaatii laste\u00adnl\u00e4\u00e4k\u00e4rilt\u00e4 korvauksia sen liiketoiminnan vahingoittamises\u00adta.<\/p>\n<p><img decoding=\"async\" alt=\"Lastentautien erikoisl\u00e4\u00e4k\u00e4ri Lotta Immeli tutkii vauvaa.\" src=\"https:\/\/www.europesays.com\/fi\/wp-content\/uploads\/2026\/09\/1729250736.jpeg\" class=\"aw__sc-dklauk-0 LPzKX\"\/><\/p>\n<p>Avaa kuvien katselu<\/p>\n<p>Lastentautien erikoisl\u00e4\u00e4k\u00e4ri Lotta Immelin pit\u00e4\u00e4 yhdess\u00e4 kollegoidensa kanssa L\u00e4\u00e4k\u00e4riliiga-nimisi\u00e4 somekanavia. Ilmmelin mukaan tavoitteena on jakaa muun muassa vauvojen ylihoitoon liittyv\u00e4\u00e4 tietoa ja nostaa esiin virheellisi\u00e4 terveysv\u00e4itteit\u00e4. Kuva: Hans-Peter Dhuy<\/p>\n<ul class=\"aw__sc-1yb43iq-0 gFXHv yle__article__list yle__article__list--ul\">\n<li class=\"aw__sc-1yb43iq-1 gVAzbt\">Pirkanmaan L\u00e4hineuvola Oy vaatii 20\u00a0000 euron korvausta lastenl\u00e4\u00e4k\u00e4ri Lotta Immelilt\u00e4. Yrityksen mukaan Immelin somejulkaisut vahingoittivat sen liiketoimintaa.<\/li>\n<li class=\"aw__sc-1yb43iq-1 gVAzbt\">Immeli pit\u00e4\u00e4 L\u00e4\u00e4k\u00e4riliiga-somekanavaa, jolla jaetaan tutkimustietoa muun muassa vauvaperheille. Immeli kertoo, ettei ole koskaan maininnut yrityst\u00e4 nimelt\u00e4 julkaisussaan.<\/li>\n<li class=\"aw__sc-1yb43iq-1 gVAzbt\">H\u00e4n on huolissaan siit\u00e4, ett\u00e4 vahingonkorvausvaatimukset voivat hillit\u00e4 l\u00e4\u00e4k\u00e4reiden ja tutkijoiden osallistumista julkiseen keskusteluun.<\/li>\n<\/ul>\n<p class=\"aw__sc-1qwuw0s-0 aw__sc-ngllmo-0 epAWpq fzYpjk yle__article__paragraph\">Helsingin k\u00e4r\u00e4j\u00e4oikeudessa on vireill\u00e4 erikoinen riita-asia.<\/p>\n<p class=\"aw__sc-1qwuw0s-0 aw__sc-ngllmo-0 epAWpq fzYpjk yle__article__paragraph\">Pirkanmaan L\u00e4hineuvola Oy vaatii 20\u00a0000 euron vahingonkorvausta lastentautien erikoisl\u00e4\u00e4k\u00e4ri ja yliopistotutkija <strong class=\"aw__sc-ngllmo-2 gdRrun yle__article__strong\">Lotta Immelilt\u00e4<\/strong>.<\/p>\n<p class=\"aw__sc-1qwuw0s-0 aw__sc-ngllmo-0 epAWpq fzYpjk yle__article__paragraph\">Ylen saaman haastehakemuksen mukaan yritys v\u00e4itt\u00e4\u00e4, ett\u00e4 Immelin somejulkaisut ovat vahingoittaneet sen liiketoimintaa vuosien 2024\u20132026 v\u00e4lisen\u00e4 aikana.<\/p>\n<p class=\"aw__sc-1qwuw0s-0 aw__sc-ngllmo-0 epAWpq fzYpjk yle__article__paragraph\">Immeli kollegoineen pit\u00e4\u00e4 suosittua L\u00e4\u00e4k\u00e4riliiga-nimist\u00e4 somekanavaa Instagramissa ja Tiktokissa. Immelin mukaan tileill\u00e4 jaetaan tutkimustuloksiin perustuvaa terveystietoa vauvaperheille ja pyrit\u00e4\u00e4n oikaisemaan disinformaatiota.<\/p>\n<p class=\"aw__sc-1qwuw0s-0 aw__sc-ngllmo-0 epAWpq fzYpjk yle__article__paragraph\">Yrityksen mukaan se on ollut tunnistettavissa somepostauksista ja Immelin tarkoitus on ollut tahallaan heikent\u00e4\u00e4 yrityksen liiketoimintaa.<\/p>\n<p class=\"aw__sc-1qwuw0s-0 aw__sc-ngllmo-0 epAWpq fzYpjk yle__article__paragraph\">Haastehakemuksen mukaan Immeli on antanut ymm\u00e4rt\u00e4\u00e4 julkaisuillaan, ett\u00e4 lapsille tehd\u00e4\u00e4n tarpeettomia tutkimuksia tai toimenpiteit\u00e4 taloudellisen hy\u00f6dyn tavoittelemiseksi.<\/p>\n<p class=\"aw__sc-1qwuw0s-0 aw__sc-ngllmo-0 epAWpq fzYpjk yle__article__paragraph\">Yritys myy muun muassa imetysohjausta, hierontaa, vauvojen kieli- ja huulij\u00e4nneleikkauksien j\u00e4lkihoitoa sek\u00e4 synnytysvalmennuksia.<\/p>\n<p class=\"aw__sc-1qwuw0s-0 aw__sc-ngllmo-0 epAWpq fzYpjk yle__article__paragraph\">Immeli on kritisoinut muun muassa <a class=\"aw__sc-ngllmo-1 bTDnwX yle__article__link\" href=\"https:\/\/yle.fi\/a\/20-10007110\" role=\"link\" rel=\"nofollow noopener\" target=\"_blank\">Ylen aikaisemmassa artikkelissa<\/a> vauvoille teht\u00e4vi\u00e4 tarpeettomia kieli- ja huulij\u00e4nneleikkauksia.<\/p>\n<p class=\"aw__sc-1qwuw0s-0 aw__sc-ngllmo-0 epAWpq fzYpjk yle__article__paragraph\">Yrityksen mukaan somepostausten seurauksena asiakkuussuhteita on p\u00e4\u00e4ttynyt ja uusia asiakkuuksia on j\u00e4\u00e4nyt syntym\u00e4tt\u00e4.<\/p>\n<p class=\"aw__sc-1qwuw0s-0 aw__sc-ngllmo-0 epAWpq fzYpjk yle__article__paragraph\">Ylen tavoittama L\u00e4hineuvola Oy:n oikeudenk\u00e4yntiavustaja kertoo, etteiv\u00e4t he kommentoi asiaa.<\/p>\n<p>Immeli: \u201dPaljon ylihoitoa\u201d<\/p>\n<p class=\"aw__sc-1qwuw0s-0 aw__sc-ngllmo-0 epAWpq fzYpjk yle__article__paragraph\">Lotta Immeli on huolissaan siit\u00e4, ett\u00e4 t\u00e4llaiset vahingonkorvausvaatimukset voivat hillit\u00e4 tutkijoiden ja l\u00e4\u00e4k\u00e4reiden osallistumista julkiseen keskusteluun. H\u00e4n pit\u00e4\u00e4 t\u00e4rke\u00e4n\u00e4, ett\u00e4 muun muassa vauvojen hoitoon liittyvi\u00e4 k\u00e4yt\u00e4nt\u00f6j\u00e4 voidaan arvioida kriittisesti.<\/p>\n<p class=\"aw__sc-1qwuw0s-0 aw__sc-ngllmo-0 epAWpq fzYpjk yle__article__paragraph\">Immeli kertoo, ettei ole koskaan maininnut nimelt\u00e4 Pirkanmaan L\u00e4hineuvola Oy:ta julkaisussaan.<\/p>\n<p class=\"aw__sc-1qwuw0s-0 aw__sc-ngllmo-0 epAWpq fzYpjk yle__article__paragraph\">Immeli kertoo k\u00e4sittelev\u00e4ns\u00e4 sosiaalisen median julkaisuissaan muun muassa vauvojen hoitoon liittyvi\u00e4 terveysv\u00e4itteit\u00e4. H\u00e4n sanoo k\u00e4ytt\u00e4neens\u00e4 kyseisen neuvolan esimerkkimateriaalia t\u00e4llaisessa julkaisussa, mutta ilman, ett\u00e4 neuvolan nimi olisi tullut siin\u00e4 esille tai se olisi ollut muutoin tunnistettavissa.<\/p>\n<p class=\"aw__sc-1qwuw0s-0 aw__sc-ngllmo-0 epAWpq fzYpjk yle__article__paragraph\">Immeli on viime vuosina tutkinut vauvojen tavallisten kasvuun ja kehitykseen liittyvien ilmi\u00f6iden medikalisaatiota ja paramedikalisaatiota, eli sit\u00e4, miten normaaleista ilmi\u00f6ist\u00e4 tehd\u00e4\u00e4n l\u00e4\u00e4ketieteellisi\u00e4 ongelmia tai niit\u00e4 ryhdyt\u00e4\u00e4n hoitamaan esimerkiksi erilaisilla uskomushoidoilla.<\/p>\n<p class=\"aw__sc-1qwuw0s-0 aw__sc-ngllmo-0 epAWpq fzYpjk yle__article__paragraph\">\u2013 Meill\u00e4 on paljon ylihoitoa, medikalisaatiota ja paramedikalisaatiota ilman riitt\u00e4v\u00e4\u00e4 tutkimusn\u00e4ytt\u00f6\u00e4. Toisaalta julkisessa terveydenhuollossa on aukko siin\u00e4, miten pystymme tukemaan perheit\u00e4. Yksityiselle puolelle on syntynyt kaupallinen markkina, joka hy\u00f6tyy perheiden huolista.<\/p>\n<p>Ei ensimm\u00e4inen kerta<\/p>\n<p class=\"aw__sc-1qwuw0s-0 aw__sc-ngllmo-0 epAWpq fzYpjk yle__article__paragraph\">Pirkanmaan L\u00e4hineuvola Oy:n kanne ei ole ensimm\u00e4inen kerta, kun jokin yritys nousee Immeli\u00e4 vastaan.<\/p>\n<p class=\"aw__sc-1qwuw0s-0 aw__sc-ngllmo-0 epAWpq fzYpjk yle__article__paragraph\">H\u00e4n kertoo, ett\u00e4 my\u00f6s toinen yksityinen neuvola on vaatinut h\u00e4nt\u00e4 poistamaan sosiaalisen median julkaisun videon poistamista ja ilmoittanut mahdollisista oikeustoimista.<\/p>\n<p class=\"aw__sc-1qwuw0s-0 aw__sc-ngllmo-0 epAWpq fzYpjk yle__article__paragraph\">Yle on n\u00e4hnyt Immelin ja yrityksen v\u00e4lisen viestinvaihdon.<\/p>\n<p class=\"aw__sc-1qwuw0s-0 aw__sc-ngllmo-0 epAWpq fzYpjk yle__article__paragraph\">Julkaisussa Immeli kommentoi yrityksen lapsille markkinoimaan hoitoon liittyvi\u00e4 terveysv\u00e4itteit\u00e4 ja n\u00e4ytti sosiaalisessa mediassa osaa yrityksen videosta. Immeli sanoo, ettei ole maininnut my\u00f6sk\u00e4\u00e4n t\u00e4ss\u00e4 videossa neuvolan nime\u00e4.<\/p>\n<p class=\"aw__sc-1qwuw0s-0 aw__sc-ngllmo-0 epAWpq fzYpjk yle__article__paragraph\">My\u00f6s imetysj\u00e4rjest\u00f6t ovat <a class=\"aw__sc-ngllmo-1 bTDnwX yle__article__link\" href=\"https:\/\/www.is.fi\/kotimaa\/art-2000011229063.html\" role=\"link\" rel=\"nofollow noopener\" target=\"_blank\">arvostelleet julkisesti<\/a> L\u00e4\u00e4k\u00e4riliigan viestint\u00e4\u00e4. J\u00e4rjest\u00f6t julkaisivat viime vuonna kannanoton, jonka mukaan L\u00e4\u00e4k\u00e4riliigan viestint\u00e4 heikent\u00e4\u00e4 perheiden luottamusta terveydenhuoltoj\u00e4rjestelm\u00e4\u00e4n.<\/p>\n<p><img decoding=\"async\" alt=\"\" src=\"https:\/\/www.europesays.com\/fi\/wp-content\/uploads\/2026\/09\/13-1-66473063-1727367380889.jpeg\" class=\"aw__sc-dklauk-0 LPzKX\"\/><\/p>\n","protected":false},"excerpt":{"rendered":"Muun muassa vauvojen kieli- ja huuli\u00adj\u00e4nne\u00adleikkauksi\u00aden j\u00e4lkihoitoa myyv\u00e4 yritys vaatii laste\u00adnl\u00e4\u00e4k\u00e4rilt\u00e4 korvauksia sen liiketoiminnan vahingoittamises\u00adta. Avaa kuvien katselu&hellip;\n","protected":false},"author":2,"featured_media":342050,"comment_status":"","ping_status":"","sticky":false,"template":"","format":"standard","meta":{"footnotes":"","_share_on_mastodon":"0"},"categories":[12],"tags":[22,23,26,27,33,31,30,17,71,24,25,28,29,15,18,21,5454,553,32,167,19,20,16,5599,796],"class_list":["post-342049","post","type-post","status-publish","format-standard","has-post-thumbnail","category-suomi","tag-breaking-news","tag-breakingnews","tag-featured-news","tag-featurednews","tag-fi","tag-finland","tag-finnish","tag-headlines","tag-kotimaa","tag-latest-news","tag-latestnews","tag-main-news","tag-mainnews","tag-news","tag-otsikot","tag-paauutiset","tag-perheet","tag-pirkanmaa","tag-suomi","tag-terveys","tag-top-stories","tag-topstories","tag-uutiset","tag-vauvat","tag-yhteiskunta"],"share_on_mastodon":{"url":"","error":""},"_links":{"self":[{"href":"https:\/\/www.europesays.com\/fi\/wp-json\/wp\/v2\/posts\/342049","targetHints":{"allow":["GET"]}}],"collection":[{"href":"https:\/\/www.europesays.com\/fi\/wp-json\/wp\/v2\/posts"}],"about":[{"href":"https:\/\/www.europesays.com\/fi\/wp-json\/wp\/v2\/types\/post"}],"author":[{"embeddable":true,"href":"https:\/\/www.europesays.com\/fi\/wp-json\/wp\/v2\/users\/2"}],"replies":[{"embeddable":true,"href":"https:\/\/www.europesays.com\/fi\/wp-json\/wp\/v2\/comments?post=342049"}],"version-history":[{"count":0,"href":"https:\/\/www.europesays.com\/fi\/wp-json\/wp\/v2\/posts\/342049\/revisions"}],"wp:featuredmedia":[{"embeddable":true,"href":"https:\/\/www.europesays.com\/fi\/wp-json\/wp\/v2\/media\/342050"}],"wp:attachment":[{"href":"https:\/\/www.europesays.com\/fi\/wp-json\/wp\/v2\/media?parent=342049"}],"wp:term":[{"taxonomy":"category","embeddable":true,"href":"https:\/\/www.europesays.com\/fi\/wp-json\/wp\/v2\/categories?post=342049"},{"taxonomy":"post_tag","embeddable":true,"href":"https:\/\/www.europesays.com\/fi\/wp-json\/wp\/v2\/tags?post=342049"}],"curies":[{"name":"wp","href":"https:\/\/api.w.org\/{rel}","templated":true}]}}