{"id":342059,"date":"2026-09-05T10:33:16","date_gmt":"2026-09-05T10:33:16","guid":{"rendered":"https:\/\/www.europesays.com\/fi\/342059\/"},"modified":"2026-09-05T10:33:16","modified_gmt":"2026-09-05T10:33:16","slug":"iso-muutos-suomen-karhu-ja-ilveshavainnoissa","status":"publish","type":"post","link":"https:\/\/www.europesays.com\/fi\/342059\/","title":{"rendered":"Iso muutos Suomen karhu- ja ilveshavainnoissa"},"content":{"rendered":"<p>Vahvistetut havainnot karhuista ovat parissa vuodessa kolminkertaistuneet. My\u00f6s ilveksi\u00e4 on n\u00e4hty t\u00e4n\u00e4 vuonna valtavia m\u00e4\u00e4ri\u00e4.<\/p>\n<p><img decoding=\"async\" class=\"image image-show image-preview\" src=\"https:\/\/www.europesays.com\/fi\/wp-content\/uploads\/2026\/09\/ccdb82466eea351fff3b2f5aadaecd00ed3bbcbcf77821d0e2eb6f40edb9b502.jpg\" alt=\"\"\/><img decoding=\"async\" class=\"image image-show\" src=\"https:\/\/www.europesays.com\/fi\/wp-content\/uploads\/2026\/09\/1788604396_280_ccdb82466eea351fff3b2f5aadaecd00ed3bbcbcf77821d0e2eb6f40edb9b502.jpg\" alt=\"\"\/><\/p>\n<p>Karhuista on tehty t\u00e4n\u00e4 vuonna jo l\u00e4hes 19 000 havaintoa. Ylivoimaisesti eniten karhuja on tavattu Pohjois-Karjalassa, jossa on maan tihein karhukanta. Jaakko Alalantela \/ Suomen riistakeskus<\/p>\n<p class=\"paragraph\">Karhuista on tehty Suomessa t\u00e4n\u00e4 vuonna jo l\u00e4hes 19\u202f000 virallista vahvistettua havaintoa.<\/p>\n<p class=\"paragraph\">M\u00e4\u00e4r\u00e4 on kolminkertainen toissavuoteen verrattuna ja my\u00f6s huomattavasti suurempi kuin viime vuonna samalla ajalla tehdyt 13\u202f000 havaintoa. Havaintom\u00e4\u00e4r\u00e4t Iltalehdelle vahvistanut Suomen riistakeskuksen riistap\u00e4\u00e4llikk\u00f6 <strong>Olli Kursula<\/strong> pit\u00e4\u00e4 niit\u00e4 poikkeuksellisina.<\/p>\n<p class=\"paragraph\">\u2013 On siell\u00e4 raju nousu, h\u00e4n sanoo.<\/p>\n<p class=\"paragraph\">Kursula pit\u00e4\u00e4 selv\u00e4n\u00e4, ett\u00e4 havaintom\u00e4\u00e4rien kovassa kasvussa n\u00e4kyy karhujen m\u00e4\u00e4r\u00e4n kasvu.<\/p>\n<p class=\"paragraph\">\u2013 Taustalla on voimakas kannankasvu ja my\u00f6s kyll\u00e4 havaintoaktiivisuuden kasvu. On toivottu, ett\u00e4 p\u00e4\u00e4see karhunmets\u00e4stykseen, h\u00e4n sanoo.<\/p>\n<p class=\"paragraph\">Karhujen mets\u00e4stys alkoi 20. elokuuta parin vuoden tauon j\u00e4lkeen. Karhujen niin sanottu kannanhoidollinen mets\u00e4stys on ollut useamman vuoden pys\u00e4htyneen\u00e4 monien valitusten ja oikeusk\u00e4sittelyiden vuoksi.<\/p>\n<p class=\"paragraph\">Karhujen mets\u00e4stysaika jatkuu lokakuun asti, mutta Riistakeskuksen mukaan iso osa kaatoluvista on jo k\u00e4ytetty. Riistakeskus kertoi, ett\u00e4 maanantaihin menness\u00e4 karhuja oli kaadettu 194 yksil\u00f6\u00e4. Lupia oli maanantaina k\u00e4ytt\u00e4m\u00e4tt\u00e4 en\u00e4\u00e4 25 kappaletta.<\/p>\n<p>Ylivoimainen alue<\/p>\n<p class=\"paragraph\">Karhuhavainnoissa yksi maakunta on aivan eri sarjassa muuhun maahan verrattuna, sill\u00e4 kaikista havainnoista Suomessa noin 4 300 on tehty Pohjois-Karjalassa.<\/p>\n<p class=\"paragraph\">\u2013 Pohjois-Karjala on ihan ylivoimainen alue karhujen suhteen. Siell\u00e4 niit\u00e4 havaitaan eniten ja m\u00e4\u00e4r\u00e4t ovat aivan omaa luokkaansa, Kursula sanoo.<\/p>\n<p class=\"paragraph\">Karhuja on runsaasti my\u00f6s Kaakkois-Suomessa, jossa niit\u00e4 on havaittu t\u00e4n\u00e4 vuonna vajaat 3\u202f000 yksil\u00f6\u00e4. T\u00e4m\u00e4n j\u00e4lkeen seuraavina m\u00e4\u00e4riss\u00e4 tulevat Etel\u00e4- ja Pohjois-Savo.<\/p>\n<p class=\"paragraph\">\u2013 Pohjanmaallakin havainnot ovat kasvaneet kovasti. Niit\u00e4 on nyt vajaat 1\u202f600 ja erityisesti Suomensel\u00e4n alueella, Kursula kertoo.<\/p>\n<p>\u201dKanta kasvaa\u201d<\/p>\n<p class=\"paragraph\">Kursulalla on selke\u00e4 arvio siit\u00e4, pys\u00e4ytt\u00e4\u00e4k\u00f6 nyt aloitettu mets\u00e4stys viime vuodet kasvussa olleen karhujen kokonaism\u00e4\u00e4r\u00e4n.<\/p>\n<p class=\"paragraph\">\u2013 Pyynti on aloitettu, mutta kantaa se ei pienenn\u00e4, kanta kasvaa edelleen. Lupam\u00e4\u00e4r\u00e4 on pieni suhteutettuna kantaan ja luvat painottuvat vahvasti sinne Pohjois-Karjalaan. Siell\u00e4kin lupam\u00e4\u00e4r\u00e4 on kannan kokoon n\u00e4hden pieni, hyvin varovainen, h\u00e4n toteaa.<\/p>\n<p class=\"paragraph\">Pohjois-Karjalassa oli maanantaihin menness\u00e4 kaadettu 119 karhua.<\/p>\n<p class=\"paragraph\">Riistakeskuksen mukaan Suomen karhukanta on kasvanut 2000-luvulla kolminkertaiseksi. Luonnonvarakeskuksen (Luke) kanta-arvion mukaan poronhoitoalueen ulkopuolella arvioidaan olevan 2536 karhua ja poronhoitoalueella 264 karhua. Karhujen m\u00e4\u00e4r\u00e4 vaihtelee jonkin verran jatkuvasti, sill\u00e4 ne liikkuvat edestakaisin it\u00e4rajan yli.<\/p>\n<p>My\u00f6s ilveshavainnot ovat liki tuplaantuneet kahdessa vuodessa. JARNO JUUTI<\/p>\n<p>Enn\u00e4tysvuosi<\/p>\n<p class=\"paragraph\">Kursula vahvistaa my\u00f6s ilveshavaintojen olevan kovassa kasvussa t\u00e4n\u00e4 vuonna.<\/p>\n<p class=\"paragraph\">Havaintoja ilveksist\u00e4 oli tehty t\u00e4n\u00e4 vuonna syyskuun alkuun menness\u00e4 39\u202f000 kappaletta, kun viime vuonna niit\u00e4 oli 24\u202f000 ja toissa vuonna 16\u202f000.<\/p>\n<p class=\"paragraph\">\u2013 Ne ovat siis yli tuplaantuneet kahdessa vuodessa. Taitaa tulla enn\u00e4tysvuosi kaikissa havainnoissa, Kursula sanoo.<\/p>\n<p class=\"paragraph\">Ilves on yleisin Suomen nelj\u00e4st\u00e4 suurpedosta. Luken kanta-arvio ilveksest\u00e4 on t\u00e4ll\u00e4 hetkell\u00e4 noin 4\u202f000 el\u00e4int\u00e4.<\/p>\n<p>Vahvistettu havainto<\/p>\n<p class=\"paragraph\">Viralliset havainnot suurpedoista perustuvat riistanhoitopiirien petoyhdyshenkil\u00f6iden Tassu-petohavaintoj\u00e4rjestelm\u00e4\u00e4n ilmoittamiin havaintoihin. Ne puolestaan pohjautuvat kansalaisten ilmoituksiin.<\/p>\n<p class=\"paragraph\">Petoyhdyshenkil\u00f6n teht\u00e4v\u00e4\u00e4n kuuluu kansalaisen suurpetohavainnon saatuaan varmistaa havainto ja mik\u00e4 peto on kyseess\u00e4. Vasta varmistuksen j\u00e4lkeen havainto voidaan ilmoittaa Luonnonvarakeskuksen yll\u00e4pit\u00e4m\u00e4\u00e4n Tassu-j\u00e4rjestelm\u00e4\u00e4n.<\/p>\n<p class=\"paragraph\">\u2013 Todelliset havaintom\u00e4\u00e4r\u00e4t ovat sitten paljon suurempia, riistap\u00e4\u00e4llikk\u00f6 <strong>Olli Kursula<\/strong> Suomen riistakeskuksesta kertoo.<\/p>\n","protected":false},"excerpt":{"rendered":"Vahvistetut havainnot karhuista ovat parissa vuodessa kolminkertaistuneet. My\u00f6s ilveksi\u00e4 on n\u00e4hty t\u00e4n\u00e4 vuonna valtavia m\u00e4\u00e4ri\u00e4. Karhuista on tehty&hellip;\n","protected":false},"author":2,"featured_media":342060,"comment_status":"","ping_status":"","sticky":false,"template":"","format":"standard","meta":{"footnotes":"","_share_on_mastodon":"0"},"categories":[112],"tags":[35,404,33,31,30,72,785,118,591,32,119,534],"class_list":["post-342059","post","type-post","status-publish","format-standard","has-post-thumbnail","category-tiede","tag-24h","tag-elaimet","tag-fi","tag-finland","tag-finnish","tag-luonto","tag-nisakkaat","tag-science","tag-selkarankaiset","tag-suomi","tag-tiede","tag-ymparisto-ja-luonto"],"share_on_mastodon":{"url":"https:\/\/pubeurope.com\/@fi\/117217985029493020","error":""},"_links":{"self":[{"href":"https:\/\/www.europesays.com\/fi\/wp-json\/wp\/v2\/posts\/342059","targetHints":{"allow":["GET"]}}],"collection":[{"href":"https:\/\/www.europesays.com\/fi\/wp-json\/wp\/v2\/posts"}],"about":[{"href":"https:\/\/www.europesays.com\/fi\/wp-json\/wp\/v2\/types\/post"}],"author":[{"embeddable":true,"href":"https:\/\/www.europesays.com\/fi\/wp-json\/wp\/v2\/users\/2"}],"replies":[{"embeddable":true,"href":"https:\/\/www.europesays.com\/fi\/wp-json\/wp\/v2\/comments?post=342059"}],"version-history":[{"count":0,"href":"https:\/\/www.europesays.com\/fi\/wp-json\/wp\/v2\/posts\/342059\/revisions"}],"wp:featuredmedia":[{"embeddable":true,"href":"https:\/\/www.europesays.com\/fi\/wp-json\/wp\/v2\/media\/342060"}],"wp:attachment":[{"href":"https:\/\/www.europesays.com\/fi\/wp-json\/wp\/v2\/media?parent=342059"}],"wp:term":[{"taxonomy":"category","embeddable":true,"href":"https:\/\/www.europesays.com\/fi\/wp-json\/wp\/v2\/categories?post=342059"},{"taxonomy":"post_tag","embeddable":true,"href":"https:\/\/www.europesays.com\/fi\/wp-json\/wp\/v2\/tags?post=342059"}],"curies":[{"name":"wp","href":"https:\/\/api.w.org\/{rel}","templated":true}]}}