{"id":342085,"date":"2026-09-05T11:24:18","date_gmt":"2026-09-05T11:24:18","guid":{"rendered":"https:\/\/www.europesays.com\/fi\/342085\/"},"modified":"2026-09-05T11:24:18","modified_gmt":"2026-09-05T11:24:18","slug":"oho-keiski-eno-levyttaa-elviksen-studiolla-usan-memphisissa","status":"publish","type":"post","link":"https:\/\/www.europesays.com\/fi\/342085\/","title":{"rendered":"Oho! Keiski &#038; ENO levytt\u00e4\u00e4 Elviksen studiolla USA:n Memphisiss\u00e4"},"content":{"rendered":"<p class=\"wp-block-paragraph\"><strong>Dimitri Keiski<\/strong>, 47, on noussut ripe\u00e4sti tanssitaivaan t\u00e4hdeksi. Ruotsinsuomalainen muusikkolahjakkuus on hurmannut iskelm\u00e4kansan Keiski &amp; ENO -orkesteri v\u00e4rikk\u00e4\u00e4n\u00e4 solistina ja kitaristina.<\/p>\n<p class=\"wp-block-paragraph\">Yhtye takoo valtavan m\u00e4\u00e4r\u00e4n keikkoja ja ker\u00e4\u00e4 tuvat t\u00e4yteen etel\u00e4st\u00e4 pohjoiseen. Dimitri laittaa lanteensa liikkeelle, tanssahtelee ja antaa joka ilta kaiken itsest\u00e4\u00e4n. Vaatteet vaihtuvat, hiki lent\u00e4\u00e4 ja yleis\u00f6 kiitt\u00e4\u00e4.<\/p>\n<p class=\"wp-block-paragraph\">\u201dOlen aina esiintynyt, joskus enemm\u00e4n ja joskus v\u00e4hemm\u00e4n. Se on mun suuri rakkaus. En voisi kuvitella el\u00e4m\u00e4\u00e4 ilman sit\u00e4. Ja haluan antaa aina kaikkeni jokaisella keikalla\u201d, Dimitri paalutti vastik\u00e4\u00e4n, kun fanit alkoivat huolestua h\u00e4nen jaksamisestaan.<\/p>\n<p class=\"wp-block-paragraph\">\u201dT\u00e4m\u00e4 mit\u00e4 nyt teen, se ei ole raskasta. Se on minulle ihan normaalia.\u201d<\/p>\n<p class=\"wp-block-paragraph\"><strong>Lue my\u00f6s: <\/strong><a href=\"https:\/\/www.tanssiin.fi\/dimitri-keiski-laihtui-vastaa-nyt-fanien-huoleen-jaksamisestaan-mikaan-ei-ole-ikuista\/\" rel=\"nofollow noopener\" target=\"_blank\">Dimitri Keiski laihtui \u2013 vastaa nyt fanien huoleen jaksamisestaan: \u201dMik\u00e4\u00e4n ei ole ikuista\u201d<\/a><\/p>\n<p>Viime vuonna ENO istui 3,5 kuukautta keikka-autossa<\/p>\n<p class=\"wp-block-paragraph\">Dimitri on p\u00e4\u00e4ssyt nyt jopa Helsingin Sanomien <a href=\"https:\/\/www.hs.fi\/kuukausiliite\/art-2000012181271.html\" rel=\"nofollow noopener\" target=\"_blank\">Kuukausiliitteeseen<\/a> (maksumuurin takana).<\/p>\n<p class=\"wp-block-paragraph\">N\u00e4ytt\u00e4v\u00e4ss\u00e4 reportaasissa ynn\u00e4ill\u00e4\u00e4n ja \u00e4llistell\u00e4\u00e4n \u2013 syyst\u00e4kin \u2013\u00a0orkesterin tiivist\u00e4 keikkatahtia. Jutussa kerrotaan, kuinka yhtyett\u00e4 vet\u00e4v\u00e4n rumpali\u00a0<strong><a href=\"https:\/\/www.tanssiin.fi\/tag\/pasi-rissanen\/\" rel=\"nofollow noopener\" target=\"_blank\">Pasi <\/a>Rissasen<\/strong>\u00a0vaimo laski, ett\u00e4 Keiski &amp; ENO vietti viime vuonna aikaa keikka-autossaan kolmen ja puolen kuukauden verran.<\/p>\n<p class=\"wp-block-paragraph\">Keikkoja vuonna 2025 oli \u00a0206 keikkaa, t\u00e4n\u00e4 vuonna viel\u00e4kin enemm\u00e4n.<\/p>\n<p class=\"wp-block-paragraph\">Hesarin mukaan t\u00e4llaista meininki\u00e4 tanssilavoilla ei ole n\u00e4hty sitten\u00a0<strong><a href=\"https:\/\/www.tanssiin.fi\/tag\/topi-sorsakoski\/\" rel=\"nofollow noopener\" target=\"_blank\">Topi<\/a> Sorsakosken<\/strong>\u00a0ja\u00a0<strong><a href=\"https:\/\/www.tanssiin.fi\/tag\/jari-sillanpaa\/\" rel=\"nofollow noopener\" target=\"_blank\">Jari<\/a> Sillanp\u00e4\u00e4n<\/strong>\u00a0parhaiden p\u00e4ivien.<\/p>\n<p>Dimitri seuraa nyt idolinsa jalanj\u00e4lki\u00e4<img loading=\"lazy\" title=\"Dimitri Keiski lapsena Elvis\" decoding=\"async\" width=\"1024\" height=\"994\" data-attachment-id=\"63051\" data-permalink=\"https:\/\/www.tanssiin.fi\/dimitri-keiskin-harvinaiset-kuvat-julki-talta-naytti-tanssilavojen-kuningas-lapsena\/dimitri-keiski-lapsena-elvis\/\" data-orig-file=\"https:\/\/www.tanssiin.fi\/wp-content\/uploads\/2025\/11\/Dimitri-Keiski-lapsena-Elvis.jpg\" data-orig-size=\"1290,1252\" data-comments-opened=\"1\" data-image-title=\"Dimitri Keiski lapsena Elvis\" data-image-description=\"\" data-image-caption=\"&lt;p&gt;Dimitri pukeutui lapsena idoliaan Elvist\u00e4 muistuttavaan asuun \u2013 rock\u2019n\u2019roll oli perheess\u00e4 alati l\u00e4sn\u00e4. Elvis-asu on Dimitrin \u00e4idin ompelema.&lt;\/p&gt;&#10;\" data-large-file=\"https:\/\/www.europesays.com\/fi\/wp-content\/uploads\/2026\/09\/Dimitri-Keiski-lapsena-Elvis-1024x994.jpg\"  src=\"https:\/\/www.europesays.com\/fi\/wp-content\/uploads\/2026\/09\/Dimitri-Keiski-lapsena-Elvis-1024x994.jpg\" alt=\"Oho Keiski  eno levytt\u00e4\u00e4 elviksen studiolla usan memphisiss\u00e4 | tanssiin Fi\" class=\"wp-image-63051\" \/>Dimitri pukeutui lapsena idoliaan Elvist\u00e4 muistuttavaan asuun \u2013 rock\u2019n\u2019roll oli perheess\u00e4 alati l\u00e4sn\u00e4. Elvis-asu on Dimitrin \u00e4idin ompelema.<\/p>\n<p class=\"wp-block-paragraph\">Jutusta paljastuu my\u00f6s mukava musiikillinen yll\u00e4tys Keiski &amp; ENO:n faneille.<\/p>\n<p class=\"wp-block-paragraph\">Orkestri aikoo matkustaa syksyll\u00e4 Yhdysvaltoihin ja Memphisiin Tennesseehen, itsens\u00e4 <strong>Elvis Presleyn<\/strong> kotikaupunkiin.<\/p>\n<p class=\"wp-block-paragraph\">Kuten Tanssiin.fi:n lukijat hyvin tiet\u00e4v\u00e4t, Elvis on Dimitrin suuri idoli ja h\u00e4nen oman poikansakin nimi: <a href=\"https:\/\/www.tanssiin.fi\/talta-nayttaa-dimitri-keiskin-poika-kuva-julki\/\" rel=\"nofollow noopener\" target=\"_blank\">T\u00e4lt\u00e4 n\u00e4ytt\u00e4\u00e4 Dimitri Keiskin poika \u2013 kuva julki<\/a><\/p>\n<p class=\"wp-block-paragraph\">Dimitri on my\u00f6s kertonut, kuinka h\u00e4nt\u00e4 on harmittanut, kun vanhemmat vaihtoivat h\u00e4nen nimens\u00e4 viime tingassa.<\/p>\n<p class=\"wp-block-paragraph\">\u201dMun nimeksi piti tulla\u00a0<strong>Elvis Roberto Keiski<\/strong>\u201d, h\u00e4n paljasti taannoin: <a href=\"https:\/\/www.tanssiin.fi\/tiesitko-dimitri-keiskin-nimi-vaihtui-ristiaisissa-olin-ihan-rikki\/\" rel=\"nofollow noopener\" target=\"_blank\">Tiesitk\u00f6? Dimitri Keiskin nimi vaihtui risti\u00e4isiss\u00e4: \u201dOlin ihan rikki\u201d<\/a><\/p>\n<p class=\"wp-block-paragraph\">Mutta nyt Dimitri p\u00e4\u00e4see toteuttamaan haaveensa ja lent\u00e4\u00e4 Elviksen legendaarisille kotikonnuille levytt\u00e4m\u00e4\u00e4n musiikkia suomalaisen iskelm\u00e4kansan iloksi.<\/p>\n<p>Dimitri laulaa Elviksen legendaarisella studiolla<\/p>\n<p class=\"wp-block-paragraph\">Yhtye on varannut levytysaikaa Sun Studiolta, joka on ledengaarinen levytysstudio. Siell\u00e4 ovat laulaneet niin Elvis kuin<strong> Johnny Cash <\/strong>ja <strong>Roy Orbison<\/strong>. Ja pian my\u00f6s Dimitri Keiski!<\/p>\n<p class=\"wp-block-paragraph\">\u201dEi olla viel\u00e4 p\u00e4\u00e4tetty, mit\u00e4 biisej\u00e4 levylle tulee. Tai no, yksi Elviksen biisi tulee varmasti\u201d, Dimitri sanoo Helsingin Sanomissa.<\/p>\n<p class=\"body-text wp-block-paragraph\">My\u00f6s toinen levy on tekeill\u00e4. Albumi rakentuu niist\u00e4 suomenkielisist\u00e4 kappaleista, joita yleis\u00f6 on oppinut odottamaan keikoilla. Levyn piti ilmesty\u00e4 jo aiemmin, mutta keikkaruuhkassa viimeistelylle ei ole kuulemma l\u00f6ytynyt aikaa.<\/p>\n<p class=\"wp-block-paragraph\">Keiski &amp; ENO tekee ensi tammikuussa 2027 Entisten nuorten konsertti -kiertueen.<\/p>\n<p class=\"wp-block-paragraph\">Katso Keiski &amp; ENO:n aina ajantasainen <a href=\"https:\/\/www.tanssiin.fi\/artistit\/orkesterit\/pnp\/\" title=\"Keiski &amp; ENO\" rel=\"nofollow noopener\" target=\"_blank\">keikkakalenteri t\u00e4st\u00e4<\/a>.<\/p>\n<p><img decoding=\"async\" class=\"aioseo-author-bio-compact-image\" src=\"https:\/\/www.europesays.com\/fi\/wp-content\/uploads\/2026\/09\/1788607458_618_cropped-tanssiin-logo.jpg\" alt=\"author avatar\"\/><br \/>\nTanssi- ja iskelm\u00e4musiikin uutiset asiantuntevasti.<\/p>\n<p>100%<br \/>\nIhana<\/p>\n<p>0%<br \/>\nHauska<\/p>\n<p>0%<br \/>\nVau<\/p>\n<p>0%<br \/>\nSurullinen<\/p>\n<p>0%<br \/>\nVihainen\n<\/p>\n<p>Post navigation<\/p>\n","protected":false},"excerpt":{"rendered":"Dimitri Keiski, 47, on noussut ripe\u00e4sti tanssitaivaan t\u00e4hdeksi. Ruotsinsuomalainen muusikkolahjakkuus on hurmannut iskelm\u00e4kansan Keiski &amp; ENO -orkesteri v\u00e4rikk\u00e4\u00e4n\u00e4&hellip;\n","protected":false},"author":2,"featured_media":342086,"comment_status":"","ping_status":"","sticky":false,"template":"","format":"standard","meta":{"footnotes":"","_share_on_mastodon":"0"},"categories":[130],"tags":[14618,16806,9734,137,33,31,30,46,8972,21273,4944,1077,9558,6799,4868,32,4049,4125,16,109],"class_list":["post-342085","post","type-post","status-publish","format-standard","has-post-thumbnail","category-viihde","tag-albumi","tag-dimitri-keiski","tag-elvis","tag-entertainment","tag-fi","tag-finland","tag-finnish","tag-helsingin-sanomat","tag-keikat","tag-keiski-eno","tag-levy","tag-media","tag-memphis","tag-orkesterit","tag-studio","tag-suomi","tag-tanssitahdet","tag-usa","tag-uutiset","tag-viihde"],"share_on_mastodon":{"url":"https:\/\/pubeurope.com\/@fi\/117218185260792465","error":""},"_links":{"self":[{"href":"https:\/\/www.europesays.com\/fi\/wp-json\/wp\/v2\/posts\/342085","targetHints":{"allow":["GET"]}}],"collection":[{"href":"https:\/\/www.europesays.com\/fi\/wp-json\/wp\/v2\/posts"}],"about":[{"href":"https:\/\/www.europesays.com\/fi\/wp-json\/wp\/v2\/types\/post"}],"author":[{"embeddable":true,"href":"https:\/\/www.europesays.com\/fi\/wp-json\/wp\/v2\/users\/2"}],"replies":[{"embeddable":true,"href":"https:\/\/www.europesays.com\/fi\/wp-json\/wp\/v2\/comments?post=342085"}],"version-history":[{"count":0,"href":"https:\/\/www.europesays.com\/fi\/wp-json\/wp\/v2\/posts\/342085\/revisions"}],"wp:featuredmedia":[{"embeddable":true,"href":"https:\/\/www.europesays.com\/fi\/wp-json\/wp\/v2\/media\/342086"}],"wp:attachment":[{"href":"https:\/\/www.europesays.com\/fi\/wp-json\/wp\/v2\/media?parent=342085"}],"wp:term":[{"taxonomy":"category","embeddable":true,"href":"https:\/\/www.europesays.com\/fi\/wp-json\/wp\/v2\/categories?post=342085"},{"taxonomy":"post_tag","embeddable":true,"href":"https:\/\/www.europesays.com\/fi\/wp-json\/wp\/v2\/tags?post=342085"}],"curies":[{"name":"wp","href":"https:\/\/api.w.org\/{rel}","templated":true}]}}