{"id":342101,"date":"2026-09-05T11:50:21","date_gmt":"2026-09-05T11:50:21","guid":{"rendered":"https:\/\/www.europesays.com\/fi\/342101\/"},"modified":"2026-09-05T11:50:21","modified_gmt":"2026-09-05T11:50:21","slug":"alisa-ranta-aho-ja-viisi-hemmoteltua-kania-rakkaus-ja-haasteet-lemmikkien-kanssa","status":"publish","type":"post","link":"https:\/\/www.europesays.com\/fi\/342101\/","title":{"rendered":"Alisa Ranta-aho ja viisi hemmoteltua kania: Rakkaus ja haasteet lemmikkien kanssa"},"content":{"rendered":"<p>\n            Alisa Ranta-aho Seiskan Tutut tassut kuvauksissa pupujen kanssa. Kiki, Manteli, Pipsa<br \/>\n            Ninni Varsila\n        <\/p>\n<p class=\"subtitle \">Alisa Ranta-ahon viiden kanin huushollissa riitt\u00e4\u00e4 rakkautta, vauhtia ja j\u00e4rsittyj\u00e4 lattialistoja.<\/p>\n<p class=\"article-content article-content-width !bg-background\">Somevaikuttaja ja tosi-tv-t\u00e4hti  saapuu haastatteluun lastenvaunujen kanssa. Vaunuissa ei kuitenkaan matkusta vauva, vaan joukko suloisia kaneja.\u00a0<\/p>\n<p class=\"font-weight-bold m-font-weight-bold article-content article-content-width !bg-background\">Katso my\u00f6s video: Alisa ranta-aho &amp; kolme pupua<\/p>\n<p class=\"article-content article-content-width !bg-background\">Alisalla ja h\u00e4nen aviomiehell\u00e4\u00e4n on kaikkiaan viisi kania: Kiki, Bella, Mosse, Manteli ja Pipsa. Alisa my\u00f6nt\u00e4\u00e4 suoraan, ett\u00e4 perheen pitk\u00e4korvat ovat hemmoteltuja.<\/p>\n<p class=\"article-content article-content-width !bg-background\">Puput saavat herkkuja, niill\u00e4 on omat huoneet ja paljon tilaa monessa eri kerroksessa sek\u00e4 leluja ja virikkeit\u00e4, Alisa kertoo.<\/p>\n<p class=\"article-content article-content-width !bg-background\">Yhdest\u00e4 asiasta puolisot eiv\u00e4t kuitenkaan ole t\u00e4ysin samaa mielt\u00e4.\u00a0<\/p>\n<p class=\"article-content article-content-width !bg-background\">\u2013 Pipsa haluaisi oikean poikayst\u00e4v\u00e4n, mutta mun mies ei halua kuudetta kania.\u00a0M\u00e4 haluaisin viel\u00e4 yhden, ett\u00e4 Pipsa olisi t\u00e4ysin onnellinen.<\/p>\n<p>        <a itemprop=\"url\" href=\"https:\/\/www.seiska.fi\/kotimaa\/alisa-ranta-aholta-jymy-yllatys\/1882371\" rel=\"nofollow noopener\" target=\"_blank\"><\/p>\n<p>\nTyylikk\u00e4\u00e4sti Comoj\u00e4rvell\u00e4\n<\/p>\n<p class=\"section-date\">\n        <strong class=\"article-section\" data-section=\"kotimaa\"><br \/>\n            kotimaa<br \/>\n        <\/strong><br \/>\n        28.7.2025 20:58\n    <\/p>\n<p>Alisa Ranta-aholta jymy-yll\u00e4tys\n    <\/p>\n<p itemprop=\"description\" class=\"subtitle \">\n    Yll\u00e4tys on ilmeisesti ollut sukulaisilta ja yst\u00e4vilt\u00e4kin salattu.\n<\/p>\n<p>        <\/a><\/p>\n<p>Alisa on Pipsan &#8221;poikayst\u00e4v\u00e4&#8221;<\/p>\n<p class=\"article-content article-content-width !bg-background\">Alisan kotona kanipariskunnat viett\u00e4v\u00e4t paljon aikaa tiiviisti kylki kyljess\u00e4.<\/p>\n<p class=\"article-content article-content-width !bg-background\">\u2013 Ne ovat ihan koko ajan pyllyt vastakkain ja pussailevat toisiaan. Rakkaus on niille tosi t\u00e4rke\u00e4\u00e4.<\/p>\n<p class=\"article-content article-content-width !bg-background\">Perheen nuorin kani Pipsa ei ole l\u00f6yt\u00e4nyt itselleen sopivaa kumppania. Manteli ja Kiki muodostavat pariskunnan, samoin Mosse ja Bella.\u00a0<\/p>\n<p>                <img decoding=\"async\" src=\"https:\/\/www.europesays.com\/fi\/wp-content\/uploads\/2026\/09\/2249233.webp\" width=\"576\" height=\"720\" alt=\"Pipsa-kanilla on yll\u00e4\u00e4n mekko ja valjaat, joita koristavat keijukaisen siivet.\" loading=\"lazy\" \/>            <\/p>\n<p>\n            Pipsa-kanilla on yll\u00e4\u00e4n mekko ja valjaat, joita koristavat keijukaisen siivet.<br \/>\n            Ninni Varsila\n        <\/p>\n<p class=\"article-content article-content-width !bg-background\">Kanien tutustuttaminen eli bonding on osoittautui kuitenkin yll\u00e4tt\u00e4v\u00e4n haastavaksi, sill\u00e4 reviiritietoiset el\u00e4imet eiv\u00e4t hyv\u00e4ksy uutta tulokasta automaattisesti.<\/p>\n<p class=\"article-content article-content-width !bg-background\">Niinp\u00e4 Alisa on ryhtynyt leikkis\u00e4sti Pipsan poikayst\u00e4v\u00e4ksi.<\/p>\n<p class=\"article-content article-content-width !bg-background\">\u2013 M\u00e4 teen t\u00f6it\u00e4 kotona, joten m\u00e4 olen ihan koko ajan Pipsan kanssa. Jos l\u00e4hden johonkin, mun syd\u00e4meen alkaa sattua jo parin minuutin kohdalla, ett\u00e4 haluan takaisin Pipsan luo.<\/p>\n<p class=\"article-content article-content-width !bg-background\">Pipsa onkin ottanut kodin haltuunsa.<\/p>\n<p class=\"article-content article-content-width !bg-background\">\u2013 Koko k\u00e4mpp\u00e4 on Pipsan. Min\u00e4 ja mun mies saadaan olla siell\u00e4. Kiitos Pipsa, mutta h\u00e4n on ehdottomasti talon pomo.<\/p>\n<p>        <a itemprop=\"url\" href=\"https:\/\/www.seiska.fi\/kotimaa\/no-nyt-alisa-ranta-aho-teki-hurjan-muodonmuutoksen-video\/1494792\" rel=\"nofollow noopener\" target=\"_blank\"><\/p>\n<p class=\"section-date\">\n        <strong class=\"article-section\" data-section=\"kotimaa\"><br \/>\n            kotimaa<br \/>\n        <\/strong><br \/>\n        21.10.2024 20:00\n    <\/p>\n<p>No nyt! Alisa Ranta-aho teki hurjan muodonmuutoksen \u2013 video\n    <\/p>\n<p itemprop=\"description\" class=\"subtitle \">\n    Alisan pahismeikki j\u00e4tt\u00e4\u00e4 somen sanattomaksi.\n<\/p>\n<p>        <\/a><\/p>\n<p>\u201dKani ei ole h\u00e4kkiel\u00e4in, piste\u201d<\/p>\n<p class=\"article-content article-content-width !bg-background\">Alisa puhuu painokkaasti kanien riitt\u00e4v\u00e4n elintilan puolesta. H\u00e4nen viisi kaniaan liikkuvat vapaana ja niill\u00e4 on omat huoneensa.<\/p>\n<p class=\"article-content article-content-width !bg-background\">\u2013 Kani ei ole h\u00e4kkiel\u00e4in, piste. Jos ei ole rahkeita pit\u00e4\u00e4 kania vapaana tai antaa sille todella isoa aluetta, ei kannata ottaa kania. Se on melkeimp\u00e4 el\u00e4inr\u00e4\u00e4kk\u00e4yst\u00e4.<\/p>\n<p class=\"article-content article-content-width !bg-background\">Kanit asuivat aiemmin yhdess\u00e4, mutta urosten aikuistuttua ne jouduttiin erottamaan omille alueilleen. Muutto T\u00f6\u00f6l\u00f6st\u00e4 Kalasatamaan toi tilanteeseen kuitenkin toivottua helpotusta.<\/p>\n<p class=\"article-content article-content-width !bg-background\">\u2013 Ne olivat bestiksi\u00e4 kesken\u00e4\u00e4n ja aina nelist\u00e4\u00e4n samassa kasassa.\u00a0<\/p>\n<p>                <img decoding=\"async\" src=\"https:\/\/www.europesays.com\/fi\/wp-content\/uploads\/2026\/09\/2249253.webp\" width=\"576\" height=\"274\" alt=\"Alisan mukaan virikkeiden ei tarvitse olla kalliita. Esimerkiksi vanha vessapaperin rulla kelpaa vallan mainiosti, mik\u00e4li sen t\u00e4ytt\u00e4\u00e4 raksuilla ja tekee pintaan reiki\u00e4.\" loading=\"lazy\" \/>            <\/p>\n<p>\n            Alisan mukaan virikkeiden ei tarvitse olla kalliita. Esimerkiksi vanha vessapaperin rulla kelpaa vallan mainiosti, mik\u00e4li sen t\u00e4ytt\u00e4\u00e4 raksuilla ja tekee pintaan reiki\u00e4.<br \/>\n            Ninni Varsila\n        <\/p>\n<p class=\"article-content article-content-width !bg-background\">Alisaa harmittaa, ett\u00e4 kaneista luovutaan usein liian helposti.<\/p>\n<p class=\"article-content article-content-width !bg-background\">\u2013 Kani ei ole helppo lasten lemmikki. Se on \u00e4lyk\u00e4s, sosiaalinen ja vaativa el\u00e4in.\u00a0Kani tarvitsee tilaa, seuraa ja virikkeit\u00e4, ja se voi el\u00e4\u00e4 yli kymmenvuotiaaksi.\u00a0<\/p>\n<p class=\"article-content article-content-width !bg-background\">Alisan mielest\u00e4 hankintap\u00e4\u00e4t\u00f6st\u00e4 ei pid\u00e4 tehd\u00e4 hetken mielijohteesta.<\/p>\n<p class=\"article-content article-content-width !bg-background\">\u2013 Jokainen kani ansaitsee turvallisen ja hyv\u00e4n el\u00e4m\u00e4n koko elini\u00e4kseen.<\/p>\n<p>        <a itemprop=\"url\" href=\"https:\/\/www.seiska.fi\/terveys\/alisa-ranta-aho-karsimyksestaan-sydamentykytys-pyortymisen-tunne-yllattava-hoitokeino-avuksi\/1334529\" rel=\"nofollow noopener\" target=\"_blank\"><\/p>\n<p class=\"section-date\">\n        <strong class=\"article-section\" data-section=\"terveys\"><br \/>\n            terveys<br \/>\n        <\/strong><br \/>\n        27.4.2024 17:00\n    <\/p>\n<p>Alisa Ranta-aho k\u00e4rsimyksest\u00e4\u00e4n: &#8221;Syd\u00e4mentykytys, py\u00f6rtymisen tunne&#8221; \u2013 yll\u00e4tt\u00e4v\u00e4 hoitokeino avuksi\n    <\/p>\n<p itemprop=\"description\" class=\"subtitle \">\n    Alisa Ranta-aho kertoo k\u00e4rsineens\u00e4 jo vuosia paniikkikohtauksista. Nyt h\u00e4n on l\u00f6yt\u00e4nyt apua vaivaan.\n<\/p>\n<p>        <\/a><\/p>\n<p>El\u00e4v\u00e4t kuin kuninkaalliset <\/p>\n<p class=\"article-content article-content-width !bg-background\">Vaikka kani ei hankittaessa maksa v\u00e4ltt\u00e4m\u00e4tt\u00e4 paljon, sen hoito voi tulla kalliiksi. Alisa kertoo vieneens\u00e4 kaikki viisi kaniaan rokotettaviksi.<\/p>\n<p class=\"article-content article-content-width !bg-background\">\u2013 Siihen meni 500 euroa.<\/p>\n<p class=\"article-content article-content-width !bg-background\">Kanit rokotetaan vuosittain muun muassa tappavaa RHD-virusta, eli kanien verenvuototautia vastaan.\u00a0<\/p>\n<p>\n            Mies nauraa, ett\u00e4 h\u00e4nell\u00e4 menee koko omaisuus persiljaan.\n            <\/p>\n<p class=\"article-content article-content-width !bg-background\">El\u00e4inl\u00e4\u00e4k\u00e4riin on l\u00e4hdett\u00e4v\u00e4 nopeasti my\u00f6s sairastapauksissa, sill\u00e4 saalisel\u00e4imen\u00e4 kani peitt\u00e4\u00e4\u00a0oireitaan taitavasti.<\/p>\n<p class=\"article-content article-content-width !bg-background\">\u2013 Siin\u00e4 kohtaa, kun n\u00e4et, ett\u00e4 kani on kipe\u00e4, on jo kiire el\u00e4inl\u00e4\u00e4k\u00e4riin. Se on salannut sairautta jo tovin.<\/p>\n<p>                <img decoding=\"async\" src=\"https:\/\/www.europesays.com\/fi\/wp-content\/uploads\/2026\/09\/2249255.webp\" width=\"576\" height=\"720\" alt=\"Alisan kanit rakastavat pahvisia porkkanataloja. Mets\u00e4st\u00e4 voi hakea turvallisia oksia, joskin h\u00e4nen kaneilleen kelpaavat parhaiten omenapuun oksat.\" loading=\"lazy\" \/>            <\/p>\n<p>\n            Alisan kanit rakastavat pahvisia porkkanataloja. Mets\u00e4st\u00e4 voi hakea turvallisia oksia, joskin h\u00e4nen kaneilleen kelpaavat parhaiten omenapuun oksat.<br \/>\n            Ninni Varsila\n        <\/p>\n<p class=\"article-content article-content-width !bg-background\">P\u00e4ivystysk\u00e4ynti voi maksaa satoja euroja. Alisan mukaan tapaturman tutkimiseen l\u00e4\u00e4kkeineen voi kulua jopa 300\u2013400 euroa, ja my\u00f6s sterilointi voi maksaa useita satoja.<\/p>\n<p class=\"article-content article-content-width !bg-background\">Perheen lemmikkimenot ovatkin saaneet aviomiehen vitsailemaan.<\/p>\n<p class=\"article-content article-content-width !bg-background\">\u2013 Mun mies aina nauraa, ett\u00e4 h\u00e4nell\u00e4 menee koko omaisuus persiljaan. M\u00e4 aina sanon, ett\u00e4 jos meill\u00e4 olisi ihmislapsia, niihin menisi paljon enemm\u00e4n rahaa.<\/p>\n<p>        <a itemprop=\"url\" href=\"https:\/\/www.seiska.fi\/kotimaa\/alisa-ranta-ahon-sometili-kaapattiin-vaurioiden-korjaaminen-vei-vuosia\/1326665\" rel=\"nofollow noopener\" target=\"_blank\"><\/p>\n<p class=\"section-date\">\n        <strong class=\"article-section\" data-section=\"kotimaa\"><br \/>\n            kotimaa<br \/>\n        <\/strong><br \/>\n        23.4.2024 19:00\n    <\/p>\n<p>Alisa Ranta-ahon sometili kaapattiin \u2013 vaurioiden korjaaminen vei vuosia\n    <\/p>\n<p itemprop=\"description\" class=\"subtitle \">\n    Alisa Ranta-aho selvisi hakkeroinnista kovalla ty\u00f6ll\u00e4.\n<\/p>\n<p>        <\/a><\/p>\n<p>Rakkautta ensisilm\u00e4yksell\u00e4<\/p>\n<p class=\"article-content article-content-width !bg-background\">Perheen vanhimmat kanit ovat 8,5-vuotiaat sisarukset Kiki ja Bella. Mosse on 7,5-vuotias, Manteli 6,5-vuotias ja nuorin Pipsa kaksivuotias.<\/p>\n<p class=\"article-content article-content-width !bg-background\">Pipsa tuli perheeseen, kun Alisa n\u00e4ki sen el\u00e4inkaupassa tarvikkeita hakiessaan.\u00a0<\/p>\n<p class=\"article-content article-content-width !bg-background\">\u2013 Vuorokauden m\u00e4 vinguin t\u00e4t\u00e4 mun miehelt\u00e4, ja sitten se antoi periksi.<\/p>\n<p>                <img decoding=\"async\" src=\"https:\/\/www.europesays.com\/fi\/wp-content\/uploads\/2026\/09\/2249251.webp\" width=\"576\" height=\"274\" alt=\"Alisa haaveilee kuudennesta kanista, mutta aviomies ei ole viel\u00e4 l\u00e4mmennyt ajatukselle.\" loading=\"lazy\" \/>            <\/p>\n<p>\n            Alisa haaveilee kuudennesta kanista, mutta aviomies ei ole viel\u00e4 l\u00e4mmennyt ajatukselle.<br \/>\n            Ninni Varsila\n        <\/p>\n<p class=\"article-content article-content-width !bg-background\">Pipsa on osoittautunut paitsi hellyydenkipe\u00e4ksi my\u00f6s tehokkaaksi remonttikaniksi.<\/p>\n<p class=\"article-content article-content-width !bg-background\">\u2013 Se on sy\u00f6nyt joka ikisen listan ja kaikki seinien kulmat.<\/p>\n<p class=\"article-content article-content-width !bg-background\">S\u00e4hk\u00f6johtojakin on mennyt poikki. Kerran Pipsa p\u00e4\u00e4si Alisan kylpyhuoneeseen ja antoi t\u00e4m\u00e4n GHD-muotoiluraudalle kyyti\u00e4.<\/p>\n<p class=\"article-content article-content-width !bg-background\">\u2013 Se ei ollut mik\u00e4\u00e4n halpa vehje. Eli johdot pit\u00e4\u00e4 laittaa piiloon, tai muuten ne sy\u00f6d\u00e4\u00e4n. Mutta se on aina omistajan vika, ei kanien, Alisa painottaa.<\/p>\n<p>        <a itemprop=\"url\" href=\"https:\/\/www.seiska.fi\/terveys\/alisa-ranta-aho-sai-rinnan-koepalan-tulokset-luojan-kiitos\/1251426\" rel=\"nofollow noopener\" target=\"_blank\"><\/p>\n<p class=\"section-date\">\n        <strong class=\"article-section\" data-section=\"terveys\"><br \/>\n            terveys<br \/>\n        <\/strong><br \/>\n        24.1.2024 18:00\n    <\/p>\n<p>Alisa Ranta-aho sai rinnan koepalan tulokset: &#8221;Luojan kiitos&#8221;\n    <\/p>\n<p itemprop=\"description\" class=\"subtitle \">\n    Tosi-tv-ohjelmastakin tuttu kaunotar muistuttaa rintojen tutkimisen t\u00e4rkeydest\u00e4.\n<\/p>\n<p>        <\/a><\/p>\n<p>Pitk\u00e4n liiton salaisuus<\/p>\n<p class=\"article-content article-content-width !bg-background\">Kanit ovatkin selv\u00e4sti \u00e4idin per\u00e4\u00e4n. Erityisesti Pipsa seuraa Alisaa kaikkialle.<\/p>\n<p class=\"article-content article-content-width !bg-background\">\u2013 Pipsa seuraa mua jopa vessaan asti. Me pussaillaan p\u00e4ivitt\u00e4in.<\/p>\n<p class=\"article-content article-content-width !bg-background\">Nelj\u00e4n kanin piti olla ehdoton enimm\u00e4ism\u00e4\u00e4r\u00e4, mutta sitten Alisa rakastui palavasti. H\u00e4n\u00a0kertoo n\u00e4hneens\u00e4 \u00f6isin unia, jossa h\u00e4n ja Pipsa olivat parhaat yst\u00e4v\u00e4t.\u00a0<\/p>\n<p class=\"article-content article-content-width !bg-background\">Ja niinh\u00e4n siin\u00e4 k\u00e4vi.\u00a0<\/p>\n<p class=\"article-content article-content-width !bg-background\">\u2013 Mulla on melkeinp\u00e4 j\u00e4nnetupen tulehdus, kun saan silitt\u00e4\u00e4 Pipsaa p\u00e4iv\u00e4t pitk\u00e4t, Alisa vitsailee.<\/p>\n<p>        <a itemprop=\"url\" href=\"https:\/\/www.seiska.fi\/terveys\/alisa-ranta-aho-kavi-rinnan-paksuneulanaytteessa-siella-ma-itkin\/1244955\" rel=\"nofollow noopener\" target=\"_blank\"><\/p>\n<p class=\"section-date\">\n        <strong class=\"article-section\" data-section=\"terveys\"><br \/>\n            terveys<br \/>\n        <\/strong><br \/>\n        17.1.2024 11:25\n    <\/p>\n<p>Alisa Ranta-aho k\u00e4vi rinnan paksuneulan\u00e4ytteess\u00e4: &#8221;Siell\u00e4 m\u00e4 itkin&#8221;\n    <\/p>\n<p itemprop=\"description\" class=\"subtitle \">\n    Realityt\u00e4hti Alisa Ranta-aho kertoo miehens\u00e4 tulleen pit\u00e4m\u00e4\u00e4n k\u00e4dest\u00e4 kiinni n\u00e4ytteenoton ajaksi.\n<\/p>\n<p>        <\/a><\/p>\n","protected":false},"excerpt":{"rendered":"Alisa Ranta-aho Seiskan Tutut tassut kuvauksissa pupujen kanssa. Kiki, Manteli, Pipsa Ninni Varsila Alisa Ranta-ahon viiden kanin huushollissa&hellip;\n","protected":false},"author":2,"featured_media":342102,"comment_status":"","ping_status":"","sticky":false,"template":"","format":"standard","meta":{"footnotes":"","_share_on_mastodon":"0"},"categories":[130],"tags":[42166,38637,137,33,31,30,40171,42165,1233,4632,42162,98,42164,42163,1240,1311,2397,2210,32,7587,42167,109],"class_list":["post-342101","post","type-post","status-publish","format-standard","has-post-thumbnail","category-viihde","tag-alisa-ranta-aho","tag-elina-janhunen","tag-entertainment","tag-fi","tag-finland","tag-finnish","tag-kani","tag-kanit","tag-koti","tag-lemmikit","tag-ninni-varsila","tag-perhe","tag-pipsa","tag-pupu-janis","tag-raha","tag-rakkaus","tag-seiska","tag-somevaikuttaja","tag-suomi","tag-toimittaja","tag-tutut-tassut","tag-viihde"],"share_on_mastodon":{"url":"https:\/\/pubeurope.com\/@fi\/117218288181960193","error":""},"_links":{"self":[{"href":"https:\/\/www.europesays.com\/fi\/wp-json\/wp\/v2\/posts\/342101","targetHints":{"allow":["GET"]}}],"collection":[{"href":"https:\/\/www.europesays.com\/fi\/wp-json\/wp\/v2\/posts"}],"about":[{"href":"https:\/\/www.europesays.com\/fi\/wp-json\/wp\/v2\/types\/post"}],"author":[{"embeddable":true,"href":"https:\/\/www.europesays.com\/fi\/wp-json\/wp\/v2\/users\/2"}],"replies":[{"embeddable":true,"href":"https:\/\/www.europesays.com\/fi\/wp-json\/wp\/v2\/comments?post=342101"}],"version-history":[{"count":0,"href":"https:\/\/www.europesays.com\/fi\/wp-json\/wp\/v2\/posts\/342101\/revisions"}],"wp:featuredmedia":[{"embeddable":true,"href":"https:\/\/www.europesays.com\/fi\/wp-json\/wp\/v2\/media\/342102"}],"wp:attachment":[{"href":"https:\/\/www.europesays.com\/fi\/wp-json\/wp\/v2\/media?parent=342101"}],"wp:term":[{"taxonomy":"category","embeddable":true,"href":"https:\/\/www.europesays.com\/fi\/wp-json\/wp\/v2\/categories?post=342101"},{"taxonomy":"post_tag","embeddable":true,"href":"https:\/\/www.europesays.com\/fi\/wp-json\/wp\/v2\/tags?post=342101"}],"curies":[{"name":"wp","href":"https:\/\/api.w.org\/{rel}","templated":true}]}}