{"id":342107,"date":"2026-09-05T11:55:16","date_gmt":"2026-09-05T11:55:16","guid":{"rendered":"https:\/\/www.europesays.com\/fi\/342107\/"},"modified":"2026-09-05T11:55:16","modified_gmt":"2026-09-05T11:55:16","slug":"suora-lahetys-kaynnissa-helsingin-liikenne-sekaisin-tata-asiaa-mustiin-pukeutuneet-henkilot-vaativat","status":"publish","type":"post","link":"https:\/\/www.europesays.com\/fi\/342107\/","title":{"rendered":"Suora l\u00e4hetys k\u00e4ynniss\u00e4: Helsingin liikenne sekaisin \u2013 T\u00e4t\u00e4 asiaa mustiin pukeutuneet henkil\u00f6t vaativat"},"content":{"rendered":"<p>Helsingiss\u00e4 j\u00e4rjestet\u00e4\u00e4n lauantai-iltap\u00e4iv\u00e4ll\u00e4 kaksi mielenosoitusta, jotka vaikuttavat liikenteeseen kantakaupungin alueella. Iltalehti seuraa mielenosoituksia t\u00e4ss\u00e4 artikkelissa. <\/p>\n<p><a href=\"https:\/\/www.iltalehti.fi\/kirjoittajat\/Oula Airiola\" rel=\"nofollow noopener\" target=\"_blank\"><img decoding=\"async\" class=\"author-image-img\" alt=\"Tekij\u00e4n kuva\" src=\"https:\/\/www.europesays.com\/fi\/wp-content\/uploads\/2026\/09\/f8b78db2dfe1ca4e4a09abd93b7506838388b9d8a3bb65d3cb6ded738c5f6acf.png\"\/><\/a><a href=\"https:\/\/www.iltalehti.fi\/kirjoittajat\/Niina Kalsi\" rel=\"nofollow noopener\" target=\"_blank\"><img decoding=\"async\" class=\"author-image-img\" alt=\"Tekij\u00e4n kuva\" src=\"https:\/\/www.europesays.com\/fi\/wp-content\/uploads\/2026\/09\/7f5ae2a93349aa7c5051cc18838258538de75c0b5e4b3d3dd4934a25d52015ce.png\"\/><\/a><\/p>\n<p>T\u00e4n\u00e4\u00e4n klo 13:30 (p\u00e4ivitetty klo 14:50)<\/p>\n<p class=\"paragraph\">Lauantai-iltap\u00e4iv\u00e4ll\u00e4 Helsingiss\u00e4 j\u00e4rjestet\u00e4\u00e4n kaksi mielenosoitusta, joihin odotetaan poliisin mukaan satoja osallistujia.<\/p>\n<p class=\"paragraph\">Ensimm\u00e4inen mielenosoitus kokoontuu kello 13.30 Rautatientorilla, josta sen on tarkoitus kulkea Kaisaniemen kautta H\u00e4meentielle ja Dallap\u00e9npuistoon. Mielenosoituksen j\u00e4rjest\u00e4v\u00e4t Aurora Helsinki sek\u00e4 Varis-verkosto. J\u00e4rjest\u00e4j\u00e4t ovat kertoneet, ett\u00e4 mielenosoitus on antifasistinen.<\/p>\n<p class=\"paragraph\">Toinen mielenosoitus kokoontuu kello 14 Hakaniementorilla, josta sen on tarkoitus kulkea Kallion kautta Helsinginkadulle ja Mannerheimintiet\u00e4 pitkin Kansalaistorille. Mielenosoituksen j\u00e4rjest\u00e4\u00e4 Sinimusta liike. Mielenosoituksessa vaaditaan ulkomaalaisten henkil\u00f6iden poistamista Suomesta.<\/p>\n<p class=\"paragraph\">Muutokset reiteiss\u00e4 ovat poliisin mukaan mahdollisia. Poliisi turvaa molempia mielenosoituksia sek\u00e4 Helsingin yleist\u00e4 j\u00e4rjestyst\u00e4 ja turvallisuutta.<\/p>\n<p class=\"paragraph\">Iltalehti seuraa mielenosoituksia paikan p\u00e4\u00e4lt\u00e4 t\u00e4ss\u00e4 artikkelissa.<\/p>\n<p>Lastenlaulua tapaillen<\/p>\n<p class=\"paragraph\">Paikan p\u00e4\u00e4ll\u00e4 Hakaniementorilla tilannetta seuraava Iltalehden toimittaja <strong>Niina Kalsi<\/strong> kertoi marssin l\u00e4hd\u00f6n alla, ett\u00e4 paikalla on paljon poliiseja.<\/p>\n<p class=\"paragraph\">Sinimustan liikkeen marssi l\u00e4hti liikkeelle Hakaniementorilta pian kello 14 j\u00e4lkeen. Osallistujat kantavat Suomen lippuja, ja suuri osa heist\u00e4 on peitt\u00e4nyt naamansa mustalla hiihtopipolla.<\/p>\n<p class=\"paragraph\">\u2013 Jos s\u00e4 vihaat kommareita, taputa! marssijat laulavat tunnettua lastenlaulua mukaillen.<\/p>\n<p class=\"paragraph\">Hakaniementorilta kulkue l\u00e4hti Toista linjaa pitkin luoteeseen, Linnanm\u00e4en suuntaan.<\/p>\n<p class=\"paragraph\">Toimittaja Kalsi kertoo, ett\u00e4 kulkueen rinnalla kulkee joitain henkil\u00f6it\u00e4, jotka kantamiensa kylttien perusteella kannattavat Sinimustan liikkeen asiaa. Paikalla on my\u00f6s poliiseja ja \u201dihmisoikeustarkkailijoita\u201d.<\/p>\n<p class=\"paragraph\">Kalsi arvioi, ett\u00e4 kulkueeseen osallistuu joitain satoja ihmisi\u00e4. Helsingin poliisin arvion mukaan osallistujia on noin 300.<\/p>\n<p class=\"paragraph\">Vastaavasti Rautatientorilta noin kello 14 liikkeelle l\u00e4hteneess\u00e4 antifasistisessa mielenosoituksessa osallistujia on poliisin arvion mukaan noin 600.<\/p>\n<p>Varovasti alas<\/p>\n<p class=\"paragraph\">Kulkueen laskeutuessa Kolmatta linjaa Helsinginkadulle osallistujia ohjeistetaan megafonilla k\u00e4velem\u00e4\u00e4n hitaasti, sill\u00e4 m\u00e4ki on liukas. Liikenne Helsinginkadulla seisoo v\u00e4kijoukon valuessa m\u00e4ke\u00e4 alas.<\/p>\n<p class=\"paragraph\">Vastamielenosoittajia ei ole tuossa vaiheessa n\u00e4kynyt, vaan tunnelma on melko rauhallinen. Ainoastaan kulkueen huudot kajahtelevat ajoittain.<\/p>\n<p class=\"paragraph\">Paikalla on my\u00f6s selv\u00e4sti alaik\u00e4isi\u00e4 lapsia seuraamassa mielenosoitusta. Kalsin mukaan he pyysiv\u00e4t lehtisi\u00e4 jakaneilta j\u00e4rjest\u00e4jilt\u00e4 tarroja.<\/p>\n<p class=\"paragraph\">Kulkueen h\u00e4nnill\u00e4 palaa joitain soihtuja ja savuheitteit\u00e4. Valtaosa mielenosoittajista on miehi\u00e4, mutta mukana on my\u00f6s joitain yksitt\u00e4isi\u00e4 naisia.<\/p>\n<p class=\"paragraph\">Hakaniementorilla paistoi viel\u00e4 aurinko, mutta pian kello 14 j\u00e4lkeen alkanut runsas sade on kastellut Mannerheimintielle noin kello 14.35 saapuvat mielenosoittajat melko perinpohjaisesti.<\/p>\n<p><img decoding=\"async\" class=\"image image-show image-preview\" src=\"https:\/\/www.europesays.com\/fi\/wp-content\/uploads\/2026\/09\/1788609315_131_25b4cfbe3124f733c1a73dc1b92985fa3f6868f8454d9af46c284c1ccec0e510.jpg\" alt=\"\"\/><img decoding=\"async\" class=\"image image-show\" src=\"https:\/\/www.europesays.com\/fi\/wp-content\/uploads\/2026\/09\/1788609316_92_25b4cfbe3124f733c1a73dc1b92985fa3f6868f8454d9af46c284c1ccec0e510.jpg\" alt=\"\"\/><\/p>\n<p>Poliisi turvaa molempia mielenosoituksia.  Inka Soveri<\/p>\n","protected":false},"excerpt":{"rendered":"Helsingiss\u00e4 j\u00e4rjestet\u00e4\u00e4n lauantai-iltap\u00e4iv\u00e4ll\u00e4 kaksi mielenosoitusta, jotka vaikuttavat liikenteeseen kantakaupungin alueella. Iltalehti seuraa mielenosoituksia t\u00e4ss\u00e4 artikkelissa. T\u00e4n\u00e4\u00e4n klo 13:30&hellip;\n","protected":false},"author":2,"featured_media":342108,"comment_status":"","ping_status":"","sticky":false,"template":"","format":"standard","meta":{"footnotes":"","_share_on_mastodon":"0"},"categories":[12],"tags":[35,22,23,26,27,33,31,30,17,55,24,25,28,29,15,18,21,122,54,52,637,32,19,20,16],"class_list":["post-342107","post","type-post","status-publish","format-standard","has-post-thumbnail","category-suomi","tag-24h","tag-breaking-news","tag-breakingnews","tag-featured-news","tag-featurednews","tag-fi","tag-finland","tag-finnish","tag-headlines","tag-lainvalvonta","tag-latest-news","tag-latestnews","tag-main-news","tag-mainnews","tag-news","tag-otsikot","tag-paauutiset","tag-pelastaminen","tag-pelastuspalvelut","tag-poliisi","tag-politiikka","tag-suomi","tag-top-stories","tag-topstories","tag-uutiset"],"share_on_mastodon":{"url":"https:\/\/pubeurope.com\/@fi\/117218307889299122","error":""},"_links":{"self":[{"href":"https:\/\/www.europesays.com\/fi\/wp-json\/wp\/v2\/posts\/342107","targetHints":{"allow":["GET"]}}],"collection":[{"href":"https:\/\/www.europesays.com\/fi\/wp-json\/wp\/v2\/posts"}],"about":[{"href":"https:\/\/www.europesays.com\/fi\/wp-json\/wp\/v2\/types\/post"}],"author":[{"embeddable":true,"href":"https:\/\/www.europesays.com\/fi\/wp-json\/wp\/v2\/users\/2"}],"replies":[{"embeddable":true,"href":"https:\/\/www.europesays.com\/fi\/wp-json\/wp\/v2\/comments?post=342107"}],"version-history":[{"count":0,"href":"https:\/\/www.europesays.com\/fi\/wp-json\/wp\/v2\/posts\/342107\/revisions"}],"wp:featuredmedia":[{"embeddable":true,"href":"https:\/\/www.europesays.com\/fi\/wp-json\/wp\/v2\/media\/342108"}],"wp:attachment":[{"href":"https:\/\/www.europesays.com\/fi\/wp-json\/wp\/v2\/media?parent=342107"}],"wp:term":[{"taxonomy":"category","embeddable":true,"href":"https:\/\/www.europesays.com\/fi\/wp-json\/wp\/v2\/categories?post=342107"},{"taxonomy":"post_tag","embeddable":true,"href":"https:\/\/www.europesays.com\/fi\/wp-json\/wp\/v2\/tags?post=342107"}],"curies":[{"name":"wp","href":"https:\/\/api.w.org\/{rel}","templated":true}]}}