{"id":342113,"date":"2026-09-05T12:17:18","date_gmt":"2026-09-05T12:17:18","guid":{"rendered":"https:\/\/www.europesays.com\/fi\/342113\/"},"modified":"2026-09-05T12:17:18","modified_gmt":"2026-09-05T12:17:18","slug":"bruce-campbell-kertoo-elavansa-enaa-noin-viitisen-vuotta","status":"publish","type":"post","link":"https:\/\/www.europesays.com\/fi\/342113\/","title":{"rendered":"Bruce Campbell kertoo el\u00e4v\u00e4ns\u00e4 en\u00e4\u00e4 noin viitisen vuotta"},"content":{"rendered":"<p class=\"wp-block-paragraph\">Evil Dead -legenda <strong>Bruce Campbell<\/strong> paljasti maaliskuussa sairastuneensa sy\u00f6p\u00e4\u00e4n.<\/p>\n<p class=\"wp-block-paragraph\">Campbell oli vieraana The Adam Corolla Show\u2019ssa, miss\u00e4 h\u00e4n kertoi tilanteestaan sy\u00f6v\u00e4n kanssa.<\/p>\n<p>Lue my\u00f6s: <a href=\"https:\/\/www.episodi.fi\/uutiset\/nyt-se-on-varmaa-bruce-campbell-ei-aio-palata-ash-williamsiksi\/\" title=\"Nyt se on viimeist\u00e4\u00e4n varmaa: Bruce Campbell ei aio palata Ash Williamsiksi\" class=\"underline-custom !font-heading !font-bold !underline-offset-4 !decoration-4 !decoration-accent !text-md\" rel=\"nofollow noopener\" target=\"_blank\">Nyt se on viimeist\u00e4\u00e4n varmaa: Bruce Campbell ei aio palata Ash Williamsiksi<\/a><\/p>\n<p>Lue my\u00f6s: <a href=\"https:\/\/www.episodi.fi\/uutiset\/the-neon-demon-ohjaaja-tekee-seuraavaksi-tasta-hurjasta-kasarikauhuleffasta-remaken\/\" title=\"The Neon Demon -ohjaaja tekee seuraavaksi t\u00e4st\u00e4 hurjasta kasarikauhuleffasta remaken\" class=\"underline-custom !font-heading !font-bold !underline-offset-4 !decoration-4 !decoration-accent !text-md\" rel=\"nofollow noopener\" target=\"_blank\">The Neon Demon -ohjaaja tekee seuraavaksi t\u00e4st\u00e4 hurjasta kasarikauhuleffasta remaken<\/a><\/p>\n<p class=\"wp-block-paragraph\">\u2013 Olen kuitenkin p\u00e4\u00e4tt\u00e4nyt aika m\u00e4\u00e4r\u00e4tietoisesti el\u00e4\u00e4 sen kanssa, en kuolla siihen. Siin\u00e4 voi nimitt\u00e4in pudota todella syv\u00e4lle kaninkoloon. Sy\u00f6v\u00e4n ymp\u00e4rill\u00e4 oleva kaninkolo on valtava. En aio koskea siihen pitk\u00e4ll\u00e4 tikullakaan, Campbell kertoi.<\/p>\n<p class=\"wp-block-paragraph\">Campbell ei kertonut mik\u00e4 sy\u00f6p\u00e4 h\u00e4nell\u00e4 on, mutta sanoi, ett\u00e4 l\u00e4\u00e4k\u00e4rit ovat antaneet h\u00e4nelle viitisen vuotta elinaikaa. H\u00e4n oli saanut uuden diagnoosin hiljattain.<\/p>\n<p class=\"wp-block-paragraph\">Campbell kertoi sy\u00f6p\u00e4diagnoosistaan maaliskuussa. H\u00e4n sanoi tuolloin, ett\u00e4 sy\u00f6p\u00e4\u00e4 voidaan hoitaa, mutta sit\u00e4 ei voida parantaa.<\/p>\n<p class=\"wp-block-paragraph\">\u2013 L\u00e4\u00e4ketieteellisen paskan lis\u00e4ksi t\u00e4ss\u00e4 on oikeastaan kyse aika kiehtovasta asiasta, koska sy\u00f6p\u00e4 vaikuttaa my\u00f6s mieleen. Sy\u00f6p\u00e4 karmii minua juuri kaikkien sen aiheuttamien oheisvaikutusten takia. Sy\u00f6p\u00e4\u00e4n ei varsinaisesti kuolla. Siihen kuollaan, mit\u00e4 sy\u00f6p\u00e4 tekee keholle.<\/p>\n<p class=\"wp-block-paragraph\">Campbell markkinoi parhaillaan uutta elokuvaansa Ernie &amp; Emma.<\/p>\n<p class=\"wp-block-paragraph\">Alla miehen haastattelu.<\/p>\n<p><img loading=\"lazy\" decoding=\"async\" alt=\"Youtube video\" width=\"480\" height=\"360\" data-pin-nopin=\"true\" nopin=\"nopin\" class=\"perfmatters-lazy\" src=\"https:\/\/www.europesays.com\/fi\/wp-content\/uploads\/2026\/09\/1788610638_899_hqdefault.jpg\"\/><\/p>\n","protected":false},"excerpt":{"rendered":"Evil Dead -legenda Bruce Campbell paljasti maaliskuussa sairastuneensa sy\u00f6p\u00e4\u00e4n. Campbell oli vieraana The Adam Corolla Show\u2019ssa, miss\u00e4 h\u00e4n&hellip;\n","protected":false},"author":2,"featured_media":342114,"comment_status":"","ping_status":"","sticky":false,"template":"","format":"standard","meta":{"footnotes":"","_share_on_mastodon":"0"},"categories":[130],"tags":[10487,137,33,31,30,32,1469,167,109],"class_list":["post-342113","post","type-post","status-publish","format-standard","has-post-thumbnail","category-viihde","tag-bruce-campbell","tag-entertainment","tag-fi","tag-finland","tag-finnish","tag-suomi","tag-syopa","tag-terveys","tag-viihde"],"share_on_mastodon":{"url":"https:\/\/pubeurope.com\/@fi\/117218394122450184","error":""},"_links":{"self":[{"href":"https:\/\/www.europesays.com\/fi\/wp-json\/wp\/v2\/posts\/342113","targetHints":{"allow":["GET"]}}],"collection":[{"href":"https:\/\/www.europesays.com\/fi\/wp-json\/wp\/v2\/posts"}],"about":[{"href":"https:\/\/www.europesays.com\/fi\/wp-json\/wp\/v2\/types\/post"}],"author":[{"embeddable":true,"href":"https:\/\/www.europesays.com\/fi\/wp-json\/wp\/v2\/users\/2"}],"replies":[{"embeddable":true,"href":"https:\/\/www.europesays.com\/fi\/wp-json\/wp\/v2\/comments?post=342113"}],"version-history":[{"count":0,"href":"https:\/\/www.europesays.com\/fi\/wp-json\/wp\/v2\/posts\/342113\/revisions"}],"wp:featuredmedia":[{"embeddable":true,"href":"https:\/\/www.europesays.com\/fi\/wp-json\/wp\/v2\/media\/342114"}],"wp:attachment":[{"href":"https:\/\/www.europesays.com\/fi\/wp-json\/wp\/v2\/media?parent=342113"}],"wp:term":[{"taxonomy":"category","embeddable":true,"href":"https:\/\/www.europesays.com\/fi\/wp-json\/wp\/v2\/categories?post=342113"},{"taxonomy":"post_tag","embeddable":true,"href":"https:\/\/www.europesays.com\/fi\/wp-json\/wp\/v2\/tags?post=342113"}],"curies":[{"name":"wp","href":"https:\/\/api.w.org\/{rel}","templated":true}]}}