{"id":342123,"date":"2026-09-05T12:24:10","date_gmt":"2026-09-05T12:24:10","guid":{"rendered":"https:\/\/www.europesays.com\/fi\/342123\/"},"modified":"2026-09-05T12:24:10","modified_gmt":"2026-09-05T12:24:10","slug":"luonto-uudenmaan-viimeiset-raakut-siirrettiin-uuteen-elinymparistoon-mustionjoelta-paikalliset","status":"publish","type":"post","link":"https:\/\/www.europesays.com\/fi\/342123\/","title":{"rendered":"Luonto | Uudenmaan viimeiset raakut siirrettiin uuteen elinymp\u00e4rist\u00f6\u00f6n Mustionjoelta | Paikalliset"},"content":{"rendered":"<p>Mustionjoella Raaseporissa sinnitellyt raakkukanta on siirretty uudelle elinalueelle, sill\u00e4 simpukat eiv\u00e4t ole pystyneet lis\u00e4\u00e4ntym\u00e4\u00e4n joessa noin 80 vuoteen. Lohikalojen h\u00e4vi\u00e4minen joen patoamisen my\u00f6t\u00e4 on ollut raakulle kohtalokasta, koska raakun toukkien pit\u00e4isi kiinnitty\u00e4 kalojen kiduksiin kehitty\u00e4kseen. Lis\u00e4ksi joessa on j\u00e4ljell\u00e4 vain v\u00e4h\u00e4n raakulle sopivaa kirkasta ja virtaavaa vett\u00e4 sek\u00e4 puhdasta sorapohjaa.<\/p>\n<p>L\u00e4nsi-Uudenmaan vesi ja ymp\u00e4rist\u00f6 ry:n (Luvy) vet\u00e4m\u00e4ss\u00e4 Raakku Ohoi! -hankkeessa raakkuja siirrettiin loppukes\u00e4ll\u00e4 mets\u00e4- ja luontop\u00e4\u00e4omayhti\u00f6n<strong> <\/strong>Finsilvan omistamalle luonnonsuojelualueelle, jossa vesialueen omistavat mets\u00e4yhti\u00f6 UPM ja paikallisista maanomistajista koostuvat osakaskunnat. Purolle on rakennettu k\u00e4sity\u00f6n\u00e4 soraikkoja, joiden tavoitteena on tarjota sek\u00e4 raakuille ett\u00e4 lohikalojen poikasille sopivat olosuhteet. Luvy on saanut Lupa- ja valvontavirastolta poikkeusluvan raakkujen siirtoon.<\/p>\n<p>\u2013 T\u00e4m\u00e4 on hieno mahdollisuus tukea Mustionjoen raakkujen selvi\u00e4mist\u00e4, ja siksi kokeilemme poikkeuksellista keinoa eli siirtoistutusta. Poikkeuslupa, jonka saimme Lupa- ja valvontavirastolta, voidaan my\u00f6nt\u00e4\u00e4, kun muuta tyydytt\u00e4v\u00e4\u00e4 ratkaisua ei lajin s\u00e4ilytt\u00e4miseksi ole. On hienoa, ett\u00e4 Finsilva mahdollistaa raakkujen siirt\u00e4misen omistamalleen alueelle, kertoo Luvyn hankep\u00e4\u00e4llikk\u00f6 <strong>Juha-Pekka V\u00e4h\u00e4<\/strong> tiedotteessa.<\/p>\n<p>Vaikka Mustionjoella on tehty paljon t\u00f6it\u00e4 elinymp\u00e4rist\u00f6jen parantamiseksi ja lohikalojen palauttamiseksi, raakkujen m\u00e4\u00e4r\u00e4 hupenee nopeasti eiv\u00e4tk\u00e4 ne voi odottaa hitaita muutoksia joella.<\/p>\n<p>Siirrossa on ollut mukana my\u00f6s Jyv\u00e4skyl\u00e4n yliopisto, joka on muun muassa selvitt\u00e4nyt siirrett\u00e4vien raakkujen kuntoa. Luvy jatkaa raakkukannan tilan selvityksi\u00e4 Mustionjoella sukelluksin elo-syyskuussa.<\/p>\n","protected":false},"excerpt":{"rendered":"Mustionjoella Raaseporissa sinnitellyt raakkukanta on siirretty uudelle elinalueelle, sill\u00e4 simpukat eiv\u00e4t ole pystyneet lis\u00e4\u00e4ntym\u00e4\u00e4n joessa noin 80 vuoteen.&hellip;\n","protected":false},"author":2,"featured_media":342124,"comment_status":"","ping_status":"","sticky":false,"template":"","format":"standard","meta":{"footnotes":"","_share_on_mastodon":"0"},"categories":[117],"tags":[404,33,31,30,72,2147,476,11270,118,32,119,477,534],"class_list":["post-342123","post","type-post","status-publish","format-standard","has-post-thumbnail","category-luonto","tag-elaimet","tag-fi","tag-finland","tag-finnish","tag-luonto","tag-luontoharrastukset","tag-nature","tag-raasepori","tag-science","tag-suomi","tag-tiede","tag-wildlife","tag-ymparisto-ja-luonto"],"share_on_mastodon":{"url":"https:\/\/pubeurope.com\/@fi\/117218421377566790","error":""},"_links":{"self":[{"href":"https:\/\/www.europesays.com\/fi\/wp-json\/wp\/v2\/posts\/342123","targetHints":{"allow":["GET"]}}],"collection":[{"href":"https:\/\/www.europesays.com\/fi\/wp-json\/wp\/v2\/posts"}],"about":[{"href":"https:\/\/www.europesays.com\/fi\/wp-json\/wp\/v2\/types\/post"}],"author":[{"embeddable":true,"href":"https:\/\/www.europesays.com\/fi\/wp-json\/wp\/v2\/users\/2"}],"replies":[{"embeddable":true,"href":"https:\/\/www.europesays.com\/fi\/wp-json\/wp\/v2\/comments?post=342123"}],"version-history":[{"count":0,"href":"https:\/\/www.europesays.com\/fi\/wp-json\/wp\/v2\/posts\/342123\/revisions"}],"wp:featuredmedia":[{"embeddable":true,"href":"https:\/\/www.europesays.com\/fi\/wp-json\/wp\/v2\/media\/342124"}],"wp:attachment":[{"href":"https:\/\/www.europesays.com\/fi\/wp-json\/wp\/v2\/media?parent=342123"}],"wp:term":[{"taxonomy":"category","embeddable":true,"href":"https:\/\/www.europesays.com\/fi\/wp-json\/wp\/v2\/categories?post=342123"},{"taxonomy":"post_tag","embeddable":true,"href":"https:\/\/www.europesays.com\/fi\/wp-json\/wp\/v2\/tags?post=342123"}],"curies":[{"name":"wp","href":"https:\/\/api.w.org\/{rel}","templated":true}]}}