{"id":342143,"date":"2026-09-05T13:11:12","date_gmt":"2026-09-05T13:11:12","guid":{"rendered":"https:\/\/www.europesays.com\/fi\/342143\/"},"modified":"2026-09-05T13:11:12","modified_gmt":"2026-09-05T13:11:12","slug":"krokotiilimies-steve-irwinin-kuolemasta-20-vuotta-tytar-bindi-julkaisi-koskettavan-muistokirjoituksen","status":"publish","type":"post","link":"https:\/\/www.europesays.com\/fi\/342143\/","title":{"rendered":"Krokotiilimies Steve Irwinin kuolemasta 20 vuotta \u2013 tyt\u00e4r Bindi julkaisi koskettavan muistokirjoituksen"},"content":{"rendered":"<p class=\"wp-block-paragraph\">Rakastettu australialainen villiel\u00e4inten puolestapuhuja ja tv-persoona <strong>Steve Irwin<\/strong> menehtyi tapaturmaisesti 20 vuotta sitten.<\/p>\n<p class=\"wp-block-paragraph\">4. syyskuuta vuonna 2006 krokotiilimiehen\u00e4 tunnettu Irwin oli kuvaamassa tv-sarjaa, kun sukelluskohtaus meni kammottavalla tavalla pieleen. Keih\u00e4srausku pisti Irwini\u00e4 useita kertoja rintaan ja h\u00e4n menehtyi ennen kuin pelastushenkil\u00f6kunta ehti paikalle.<\/p>\n<p>Lue my\u00f6s: <a href=\"https:\/\/www.voice.fi\/tyo-ja-opiskelu\/mies-oli-menettaa-henkensa-paperikoneen-aaressa-nyt-tuli-tuomio-tyonantajan-vastuusta\" title=\"Mies oli menett\u00e4\u00e4 henkens\u00e4 paperikoneen \u00e4\u00e4ress\u00e4 \u2013 nyt tuli tuomio ty\u00f6nantajan vastuusta\" class=\"underline-custom !font-heading !font-bold !underline-offset-4 !decoration-4 !decoration-accent !text-md\" rel=\"nofollow noopener\" target=\"_blank\">Mies oli menett\u00e4\u00e4 henkens\u00e4 paperikoneen \u00e4\u00e4ress\u00e4 \u2013 nyt tuli tuomio ty\u00f6nantajan vastuusta<\/a><\/p>\n<p>Lue my\u00f6s: <a href=\"https:\/\/www.voice.fi\/viihde\/mitka-naa-saaret-on-sukkahousuissa-poseeraava-mirella-sai-somen-kirkumaan\" title=\"\u201dMitk\u00e4 n\u00e4\u00e4 s\u00e4\u00e4ret on?\u201d \u2013 Sukkahousuissa poseeraava Mirella sai somen kirkumaan\" class=\"underline-custom !font-heading !font-bold !underline-offset-4 !decoration-4 !decoration-accent !text-md\" rel=\"nofollow noopener\" target=\"_blank\">\u201dMitk\u00e4 n\u00e4\u00e4 s\u00e4\u00e4ret on?\u201d \u2013 Sukkahousuissa poseeraava Mirella sai somen kirkumaan<\/a><\/p>\n<p class=\"wp-block-paragraph\">Irwinill\u00e4 ja h\u00e4nen vaimollaan <strong>Terri Irwinill\u00e4<\/strong> oli kaksi lasta: tuolloin 8-vuotias <strong>Bindi<\/strong> ja 2-vuotias <strong>Robert<\/strong>.<\/p>\n<p class=\"wp-block-paragraph\">Bindi julkaisi is\u00e4ns\u00e4 kuoleman 20-vuotisp\u00e4iv\u00e4n\u00e4 koskettavan muistokirjoituksen:<\/p>\n<p class=\"wp-block-paragraph\">\u2013 20 vuotta sitten maailma menetti intohimoisimman ja omistautuneimman luonnonsuojelijansa. Perheemme menetti supersankarinsa. \u00c4iti menetti el\u00e4m\u00e4ns\u00e4 rakkauden, veljeni ja min\u00e4 maailman parhaan is\u00e4n.<\/p>\n<p class=\"wp-block-paragraph\">\u2013 Suru ei koskaan poistu, vaan seuraa rinnallamme joka p\u00e4iv\u00e4. Siell\u00e4, miss\u00e4 on valtavaa surua, on my\u00f6s viel\u00e4 suurempaa rakkautta.<\/p>\n<p class=\"wp-block-paragraph\">\u2013 Viimeiset 20 vuotta olen n\u00e4hnyt maailman surevan is\u00e4\u00e4 kanssamme. Kuvittelin aina, ett\u00e4 is\u00e4ni perint\u00f6 olisi villiel\u00e4inten suojeleminen, mutta on osoittautunut, ett\u00e4 perint\u00f6 on sittenkin rakkaus. Sek\u00e4 planeettaamme ett\u00e4 toisiamme kohtaan.<\/p>\n<p class=\"wp-block-paragraph\">\u2013 Minulla on 5-vuotias tyt\u00e4r, joka katsoo h\u00e4nen dokumenttejaan joka aamu. H\u00e4n tuntee olevansa \u201cisois\u00e4 krokotiilin\u201d suuresti rakastama, vaikkei ole koskaan tavannut h\u00e4nt\u00e4. Is\u00e4ni j\u00e4tti niin l\u00e4htem\u00e4tt\u00f6m\u00e4n ja koskettavan vaikutuksen, ett\u00e4 se s\u00e4teilee viel\u00e4 tulevillekin sukupolville.<\/p>\n<p>Lue my\u00f6s: <a href=\"https:\/\/www.voice.fi\/ilmiot\/kadonnutta-lasta-etsinyt-poliisi-ampui-aasinvarsan-omistajat-shokissa-han-oli-vasta-vauva\" title=\"Kadonnutta lasta etsinyt poliisi ampui aasinvarsan \u2013 omistajat shokissa: \u201dH\u00e4n oli vasta vauva\u201d\" class=\"underline-custom !font-heading !font-bold !underline-offset-4 !decoration-4 !decoration-accent !text-md\" rel=\"nofollow noopener\" target=\"_blank\">Kadonnutta lasta etsinyt poliisi ampui aasinvarsan \u2013 omistajat shokissa: \u201dH\u00e4n oli vasta vauva\u201d<\/a><\/p>\n<p>Lue my\u00f6s: <a href=\"https:\/\/www.voice.fi\/ilmiot\/afrikkalaista-sikaruttoa-ryhdytaan-torjumaan-jareilla-keinoilla-aitaa-ja-tapporahaa\" title=\"Afrikkalaista sikaruttoa ryhdyt\u00e4\u00e4n torjumaan j\u00e4reill\u00e4 keinoilla \u2013 aitaa ja tapporahaa\" class=\"underline-custom !font-heading !font-bold !underline-offset-4 !decoration-4 !decoration-accent !text-md\" rel=\"nofollow noopener\" target=\"_blank\">Afrikkalaista sikaruttoa ryhdyt\u00e4\u00e4n torjumaan j\u00e4reill\u00e4 keinoilla \u2013 aitaa ja tapporahaa<\/a><\/p>\n<p class=\"wp-block-paragraph\">\u2013 Uskon syd\u00e4mest\u00e4ni, ett\u00e4 h\u00e4nen rakkautensa el\u00e4\u00e4 ikuisesti kaikissa meiss\u00e4, ja kaikissa hyviss\u00e4 teoissa, joita teemme maapallon hyv\u00e4ksi. Sellainen el\u00e4m\u00e4 ja perint\u00f6 on juhlimisen arvoinen.<\/p>\n<p class=\"wp-block-paragraph\">\u2013 Is\u00e4, rakastan sinua koko syd\u00e4mest\u00e4ni. Kiitos, ett\u00e4 olet suojelusenkelimme. Kaikkein suurin kiitos siit\u00e4, ett\u00e4 suojelet nyt my\u00f6s tyt\u00e4rt\u00e4ni. H\u00e4n rakastaa sinua valtavan paljon. Me kaikki rakastamme.<\/p>\n","protected":false},"excerpt":{"rendered":"Rakastettu australialainen villiel\u00e4inten puolestapuhuja ja tv-persoona Steve Irwin menehtyi tapaturmaisesti 20 vuotta sitten. 4. syyskuuta vuonna 2006 krokotiilimiehen\u00e4&hellip;\n","protected":false},"author":2,"featured_media":342144,"comment_status":"","ping_status":"","sticky":false,"template":"","format":"standard","meta":{"footnotes":"","_share_on_mastodon":"0"},"categories":[130],"tags":[42168,137,33,31,30,34332,4021,17316,32,109],"class_list":["post-342143","post","type-post","status-publish","format-standard","has-post-thumbnail","category-viihde","tag-bindi-irwin","tag-entertainment","tag-fi","tag-finland","tag-finnish","tag-krokotiilimies","tag-muistokirjoitus","tag-steve-irwin","tag-suomi","tag-viihde"],"share_on_mastodon":{"url":"https:\/\/pubeurope.com\/@fi\/117218606132323975","error":""},"_links":{"self":[{"href":"https:\/\/www.europesays.com\/fi\/wp-json\/wp\/v2\/posts\/342143","targetHints":{"allow":["GET"]}}],"collection":[{"href":"https:\/\/www.europesays.com\/fi\/wp-json\/wp\/v2\/posts"}],"about":[{"href":"https:\/\/www.europesays.com\/fi\/wp-json\/wp\/v2\/types\/post"}],"author":[{"embeddable":true,"href":"https:\/\/www.europesays.com\/fi\/wp-json\/wp\/v2\/users\/2"}],"replies":[{"embeddable":true,"href":"https:\/\/www.europesays.com\/fi\/wp-json\/wp\/v2\/comments?post=342143"}],"version-history":[{"count":0,"href":"https:\/\/www.europesays.com\/fi\/wp-json\/wp\/v2\/posts\/342143\/revisions"}],"wp:featuredmedia":[{"embeddable":true,"href":"https:\/\/www.europesays.com\/fi\/wp-json\/wp\/v2\/media\/342144"}],"wp:attachment":[{"href":"https:\/\/www.europesays.com\/fi\/wp-json\/wp\/v2\/media?parent=342143"}],"wp:term":[{"taxonomy":"category","embeddable":true,"href":"https:\/\/www.europesays.com\/fi\/wp-json\/wp\/v2\/categories?post=342143"},{"taxonomy":"post_tag","embeddable":true,"href":"https:\/\/www.europesays.com\/fi\/wp-json\/wp\/v2\/tags?post=342143"}],"curies":[{"name":"wp","href":"https:\/\/api.w.org\/{rel}","templated":true}]}}