{"id":342155,"date":"2026-09-05T13:30:13","date_gmt":"2026-09-05T13:30:13","guid":{"rendered":"https:\/\/www.europesays.com\/fi\/342155\/"},"modified":"2026-09-05T13:30:13","modified_gmt":"2026-09-05T13:30:13","slug":"hs-archie-cruz-kertoo-miksi-muutti-sipooseen","status":"publish","type":"post","link":"https:\/\/www.europesays.com\/fi\/342155\/","title":{"rendered":"HS: Archie Cruz kertoo, miksi muutti Sipooseen"},"content":{"rendered":"<p>Archie Cruz kertoo Helsingin Sanomille, ett\u00e4 maailmalla keikkailleen rockb\u00e4ndin kanssa ei p\u00e4\u00e4ssyt rikastumaan.<\/p>\n<p class=\"font-(family-name:--picture-caption-font-family) text-(length:--picture-caption-font-size) leading-(--picture-caption-leading) font-(--picture-caption-font-weight) text-(color:--picture-caption-color)\">Archie Cruz selitti somekommenttejaan Erikoisjoukot-sarjan lehdist\u00f6tilaisuudessa elokuussa 2025.<\/p>\n<p class=\"article-body mb-(--paragraph-margin-b) px-nof-16\">Muusikko Archie Cruz, oikealta nimelt\u00e4\u00e4n <a class=\"font-bold underline-offset-[0.12em] [text-decoration:var(--person-link-text-decoration)] [text-decoration-color:var(--person-link-text-decoration-color)]!\" href=\"https:\/\/www.is.fi\/haku\/?query=Arttu%20Kuosmanen\" rel=\"nofollow noopener\" target=\"_blank\">Arttu Kuosmanen<\/a>, puhuu <a class=\"underline underline-offset-[0.12em] [text-decoration-thickness:var(--generic-link-underline-thickness)] [text-decoration-color:var(--generic-link-underline-color)] [text-decoration-skip-ink:var(--generic-link-underline-skip-ink)] break-words\" href=\"https:\/\/www.hs.fi\/popkulttuuri\/art-2000012169214.html\" rel=\"nofollow noopener\" target=\"_blank\">Helsingin Sanomien<\/a> haastattelussa nykyel\u00e4m\u00e4st\u00e4\u00e4n ja menneist\u00e4 kohuistaan.<\/p>\n<p class=\"article-body mb-(--paragraph-margin-b) px-nof-16\">Santa Cruz -yhtyeen kanssa aiemmin maailmaa valloittanut Kuosmanen kertoo, ett\u00e4 yhtyeest\u00e4 ei j\u00e4\u00e4nyt taloudellisesti k\u00e4teen juuri mit\u00e4\u00e4n. H\u00e4n kertoo HS:lle, ett\u00e4 h\u00e4nen is\u00e4ns\u00e4 lainasi b\u00e4ndin kiertuekustannuksiin kymmeni\u00e4tuhansia euroja. Kuosmanen paljastaa, ett\u00e4 laina on edelleen maksamatta.<\/p>\n<p class=\"article-body mb-(--paragraph-margin-b) px-nof-16\">Nyky\u00e4\u00e4n suomenkielist\u00e4 soolouraa tekev\u00e4 Kuosmanen kertoo lehdelle alkaneensa pit\u00e4\u00e4 muutama vuosi sitten kitaratunteja, koska raha-asiat olivat \u201doudossa jamassa\u201d.<\/p>\n<p class=\"article-body mb-(--paragraph-margin-b) px-nof-16\">H\u00e4n puhuu my\u00f6s perheasioistaan. Kuosmanen kertoo HS:lle asuvansa Sipoossa yhdess\u00e4 kumppaninsa <a class=\"font-bold underline-offset-[0.12em] [text-decoration:var(--person-link-text-decoration)] [text-decoration-color:var(--person-link-text-decoration-color)]!\" href=\"https:\/\/www.is.fi\/haku\/?query=Iida%20Vainion\" rel=\"nofollow noopener\" target=\"_blank\">Iida Vainion<\/a> ja heid\u00e4n puolitoistavuotiaan tytt\u00e4rens\u00e4 kanssa. Pariskunta halusi Helsingist\u00e4 rauhalliseen ymp\u00e4rist\u00f6\u00f6n, jossa ihmiset tuntevat toisensa ja jossa voi ulkoilla rauhassa.<\/p>\n<p><img decoding=\"async\" src=\"https:\/\/www.europesays.com\/fi\/wp-content\/uploads\/2026\/09\/1788615013_434_468.jpg\" alt=\"Archie Cruz keikkaili Santa Cruzin kanssa muun muassa Englannissa Download-festivaalilla vuonna 2016.\" class=\"_Img_1rerz_1\" style=\"aspect-ratio:1920\/1280\" loading=\"eager\"\/><\/p>\n<p class=\"font-(family-name:--picture-caption-font-family) text-(length:--picture-caption-font-size) leading-(--picture-caption-leading) font-(--picture-caption-font-weight) text-(color:--picture-caption-color) picture-with-caption__caption picture-with-caption__caption--default-full\">Archie Cruz keikkaili Santa Cruzin kanssa muun muassa Englannissa Download-festivaalilla vuonna 2016. Kuva:\u00a0Lassi Rinne<\/p>\n<p><img decoding=\"async\" src=\"https:\/\/www.europesays.com\/fi\/wp-content\/uploads\/2026\/09\/1788615013_482_468.jpg\" alt=\"Archie Cruzin ja Iida Vainion suhde on ollut t\u00e4ynn\u00e4 k\u00e4\u00e4nteit\u00e4. Suhde sai alkunsa Farmi Suomi -ohjelman kuvauksista vuonna 2023.\" class=\"_Img_1rerz_1\" style=\"aspect-ratio:1920\/1280\" loading=\"eager\"\/><\/p>\n<p class=\"font-(family-name:--picture-caption-font-family) text-(length:--picture-caption-font-size) leading-(--picture-caption-leading) font-(--picture-caption-font-weight) text-(color:--picture-caption-color) picture-with-caption__caption picture-with-caption__caption--default-full\">Archie Cruzin ja Iida Vainion suhde on ollut t\u00e4ynn\u00e4 k\u00e4\u00e4nteit\u00e4. Suhde sai alkunsa Farmi Suomi -ohjelman kuvauksista vuonna 2023. Kuva:\u00a0Lassi Rinne<\/p>\n<p class=\"article-body mb-(--paragraph-margin-b) px-nof-16\">Kuosmanen oli yksi Santa Cruz -yhtyeen perustajaj\u00e4senist\u00e4. Yhtyeen tunnetuin kokoonpano hajosi vuonna 2018 riitaisissa merkeiss\u00e4. Kuosmanen on kertonut, ett\u00e4 h\u00e4net heitettiin pois yhtyeen keikkabussista kesken Yhdysvaltojen-kiertueen.<\/p>\n<p class=\"article-body mb-(--paragraph-margin-b) px-nof-16\">My\u00f6hemmin Kuosmanen kasasi uuden kokoonpanon Santa Cruz -nimen alle.<\/p>\n<p class=\"article-body mb-(--paragraph-margin-b) px-nof-16\">\u2013 Alkuper\u00e4inen kokoonpanomme oli hieno ja teimme upeita asioita yhdess\u00e4, enk\u00e4 halua ottaa siit\u00e4 mit\u00e4\u00e4n pois, mutta n\u00e4en t\u00e4m\u00e4n br\u00e4ndin\u00e4, jossa on tietynlaiset paikat, jotka on mahdollista t\u00e4ytt\u00e4\u00e4 muidenkin ihmisten kuin heid\u00e4n, jotka ovat alun perin ne luoneet, h\u00e4n pohti IS:lle vuonna 2022.<\/p>\n<p class=\"article-body mb-(--paragraph-margin-b) px-nof-16\">Lue lis\u00e4\u00e4: <a class=\"underline underline-offset-[0.12em] [text-decoration-thickness:var(--generic-link-underline-thickness)] [text-decoration-color:var(--generic-link-underline-color)] [text-decoration-skip-ink:var(--generic-link-underline-skip-ink)] break-words\" href=\"https:\/\/www.is.fi\/viihde\/art-2000008545002.html\" rel=\"nofollow noopener\" target=\"_blank\">Archie Cruzin b\u00e4ndi hajosi ja el\u00e4m\u00e4 suistui pahasti raiteiltaan \u2013 nyt rokkari paljastaa, mit\u00e4 h\u00e4n on suunnitellut kaikessa hiljaisuudessa<\/a><\/p>\n<p class=\"article-body mb-(--paragraph-margin-b) px-nof-16\">Rokkarin raha-asiat ovat her\u00e4tt\u00e4neet aiemmin huomiota. Esimerkiksi vuoden 2023 verotiedoissa h\u00e4nen ansiotulonsa olivat py\u00f6re\u00e4t nolla euroa ja p\u00e4\u00e4omatulot 2,99 euroa.<\/p>\n<p class=\"article-body mb-(--paragraph-margin-b) px-nof-16\">\u2013 Olen ollut v\u00e4h\u00e4n luovalla tauolla. Varmaan johtuu siit\u00e4, h\u00e4n kommentoi tuolloin.<\/p>\n<p class=\"article-body mb-(--paragraph-margin-b) px-nof-16\">Kuosmanen asui aiemmin Helsingin Kalasatamassa. H\u00e4n laittoi asuntonsa myyntiin mutta ei ole julkisuudessa vahvistanut, onko aiempi koti saatu myyty\u00e4. Asunnon myynti-ilmoitus on poistunut.<\/p>\n<p class=\"article-body mb-(--paragraph-margin-b) px-nof-16\">Kuosmanen on p\u00e4ivitt\u00e4nyt viime aikoina Instagramiin esimerkiksi kuntokuuristaan. H\u00e4n on treenannut Erikoisjoukot-kouluttaja <a class=\"font-bold underline-offset-[0.12em] [text-decoration:var(--person-link-text-decoration)] [text-decoration-color:var(--person-link-text-decoration-color)]!\" href=\"https:\/\/www.is.fi\/haku\/?query=Matias%20Pet%C3%A4ist%C3%B6n\" rel=\"nofollow noopener\" target=\"_blank\">Matias Pet\u00e4ist\u00f6n<\/a> valmennuksessa.<\/p>\n","protected":false},"excerpt":{"rendered":"Archie Cruz kertoo Helsingin Sanomille, ett\u00e4 maailmalla keikkailleen rockb\u00e4ndin kanssa ei p\u00e4\u00e4ssyt rikastumaan. Archie Cruz selitti somekommenttejaan Erikoisjoukot-sarjan&hellip;\n","protected":false},"author":2,"featured_media":342156,"comment_status":"","ping_status":"","sticky":false,"template":"","format":"standard","meta":{"footnotes":"","_share_on_mastodon":"0"},"categories":[136],"tags":[407,137,33,31,30,34,408,32,109],"class_list":["post-342155","post","type-post","status-publish","format-standard","has-post-thumbnail","category-julkkikset","tag-celebrities","tag-entertainment","tag-fi","tag-finland","tag-finnish","tag-ilta-sanomat","tag-julkkikset","tag-suomi","tag-viihde"],"share_on_mastodon":{"url":"https:\/\/pubeurope.com\/@fi\/117218681466169602","error":""},"_links":{"self":[{"href":"https:\/\/www.europesays.com\/fi\/wp-json\/wp\/v2\/posts\/342155","targetHints":{"allow":["GET"]}}],"collection":[{"href":"https:\/\/www.europesays.com\/fi\/wp-json\/wp\/v2\/posts"}],"about":[{"href":"https:\/\/www.europesays.com\/fi\/wp-json\/wp\/v2\/types\/post"}],"author":[{"embeddable":true,"href":"https:\/\/www.europesays.com\/fi\/wp-json\/wp\/v2\/users\/2"}],"replies":[{"embeddable":true,"href":"https:\/\/www.europesays.com\/fi\/wp-json\/wp\/v2\/comments?post=342155"}],"version-history":[{"count":0,"href":"https:\/\/www.europesays.com\/fi\/wp-json\/wp\/v2\/posts\/342155\/revisions"}],"wp:featuredmedia":[{"embeddable":true,"href":"https:\/\/www.europesays.com\/fi\/wp-json\/wp\/v2\/media\/342156"}],"wp:attachment":[{"href":"https:\/\/www.europesays.com\/fi\/wp-json\/wp\/v2\/media?parent=342155"}],"wp:term":[{"taxonomy":"category","embeddable":true,"href":"https:\/\/www.europesays.com\/fi\/wp-json\/wp\/v2\/categories?post=342155"},{"taxonomy":"post_tag","embeddable":true,"href":"https:\/\/www.europesays.com\/fi\/wp-json\/wp\/v2\/tags?post=342155"}],"curies":[{"name":"wp","href":"https:\/\/api.w.org\/{rel}","templated":true}]}}