{"id":342169,"date":"2026-09-05T13:56:07","date_gmt":"2026-09-05T13:56:07","guid":{"rendered":"https:\/\/www.europesays.com\/fi\/342169\/"},"modified":"2026-09-05T13:56:07","modified_gmt":"2026-09-05T13:56:07","slug":"vappu-pimialla-on-tunteikas-paiva-haat-ja-hautajaiset","status":"publish","type":"post","link":"https:\/\/www.europesays.com\/fi\/342169\/","title":{"rendered":"Vappu Pimi\u00e4ll\u00e4 on tunteikas p\u00e4iv\u00e4: H\u00e4\u00e4t ja hautajaiset"},"content":{"rendered":"<p class=\"wp-block-paragraph\">Suosikkijuontaja <strong>Vappu Pimi\u00e4 <\/strong>kertoo sometarinoissaan lauantain olevan h\u00e4nelle tunteikas p\u00e4iv\u00e4. Se sis\u00e4lt\u00e4\u00e4 sek\u00e4 hautajaiset ett\u00e4 h\u00e4\u00e4t.<\/p>\n<p>Lue my\u00f6s: <a href=\"https:\/\/www.como.fi\/uutiset\/vappu-pimia-menetti-tarkean-ihmisen-hilkka-nukkui-pois\/\" title=\"Vappu Pimi\u00e4 menetti t\u00e4rke\u00e4n ihmisen \u2013 \u201dHilkka nukkui pois\u201d\" class=\"underline-custom !font-heading !font-bold !underline-offset-4 !decoration-4 !decoration-accent !text-md\" rel=\"nofollow noopener\" target=\"_blank\">Vappu Pimi\u00e4 menetti t\u00e4rke\u00e4n ihmisen \u2013 \u201dHilkka nukkui pois\u201d<\/a><\/p>\n<p>Lue my\u00f6s: <a href=\"https:\/\/www.como.fi\/uutiset\/vappu-pimia-tapasi-veronica-verhon-soihtu-vaihtui-viinilasien-aaressa\/\" title=\"Vappu Pimi\u00e4 tapasi Veronica Verhon \u2013 soihtu vaihtui viinilasien \u00e4\u00e4ress\u00e4\" class=\"underline-custom !font-heading !font-bold !underline-offset-4 !decoration-4 !decoration-accent !text-md\" rel=\"nofollow noopener\" target=\"_blank\">Vappu Pimi\u00e4 tapasi Veronica Verhon \u2013 soihtu vaihtui viinilasien \u00e4\u00e4ress\u00e4<\/a><\/p>\n<p>Lue my\u00f6s: <a href=\"https:\/\/www.como.fi\/uutiset\/nain-vappu-pimia-vietti-perjantai-illan-20-vuotta-putkeen\/\" title=\"N\u00e4in Vappu Pimi\u00e4 vietti perjantai-illan: \u201d20 vuotta putkeen\u201d\" class=\"underline-custom !font-heading !font-bold !underline-offset-4 !decoration-4 !decoration-accent !text-md\" rel=\"nofollow noopener\" target=\"_blank\">N\u00e4in Vappu Pimi\u00e4 vietti perjantai-illan: \u201d20 vuotta putkeen\u201d<\/a><\/p>\n<p class=\"wp-block-paragraph\">\u2013 M\u00e4 l\u00e4hden kohti kappelia. T\u00e4n\u00e4\u00e4n on hyvin erikoinen p\u00e4iv\u00e4 siin\u00e4 mieless\u00e4, ett\u00e4 ei ole nelj\u00e4t h\u00e4\u00e4t ja yhdet hautajaiset, mutta on yhdet h\u00e4\u00e4t ja yhdet hautajaiset, kertoo Pimi\u00e4 t\u00e4st\u00e4 lauantaip\u00e4iv\u00e4st\u00e4\u00e4n.<\/p>\n<p class=\"wp-block-paragraph\">Vappu kertoi reilu pari viikkoa sitten t\u00e4rke\u00e4n ja l\u00e4heisin kummit\u00e4tins\u00e4 <strong>Hilkan<\/strong> kuolleen 89 vuoden i\u00e4ss\u00e4. T\u00e4n\u00e4\u00e4n on Hilkan hautajaiset. \u00a0<\/p>\n<p class=\"wp-block-paragraph\">\u2013 Mulla on t\u00e4n\u00e4\u00e4n ensin hautajaiset Keski-Suomessa. Sitten ajan tukka putkella ja otan Erkki Metsolan kyytiin ja ajan lapsuudenyst\u00e4v\u00e4n h\u00e4ihin Hankoon, kertoo Pimi\u00e4 p\u00e4iv\u00e4st\u00e4\u00e4n.<\/p>\n<p class=\"wp-block-paragraph\">Vappu hakee tietysti miehens\u00e4 <strong>Teemun<\/strong> mukaan h\u00e4ihin. H\u00e4n kutsuu Teemua usein Metsolan Erkiksi.<\/p>\n<p class=\"wp-block-paragraph\">\u2013 On aika tunteikas p\u00e4iv\u00e4 luvassa monessa mieless\u00e4, mutta el\u00e4m\u00e4, toteaa Pimi\u00e4 p\u00e4iv\u00e4st\u00e4\u00e4n.<\/p>\n<p class=\"wp-block-paragraph\">Vappu on julkaissut hautajaisten j\u00e4lkeen vanhoja kuvia, joissa n\u00e4hd\u00e4\u00e4n kummit\u00e4ti Hilkkaa.<\/p>\n<p class=\"wp-block-paragraph\">Vapun sometarinoita tunteikkaasta p\u00e4iv\u00e4st\u00e4 voi katsella h\u00e4nen sometarinoissaan 24 tunnin ajan.<\/p>\n","protected":false},"excerpt":{"rendered":"Suosikkijuontaja Vappu Pimi\u00e4 kertoo sometarinoissaan lauantain olevan h\u00e4nelle tunteikas p\u00e4iv\u00e4. Se sis\u00e4lt\u00e4\u00e4 sek\u00e4 hautajaiset ett\u00e4 h\u00e4\u00e4t. Lue my\u00f6s:&hellip;\n","protected":false},"author":2,"featured_media":342170,"comment_status":"","ping_status":"","sticky":false,"template":"","format":"standard","meta":{"footnotes":"","_share_on_mastodon":"0"},"categories":[136],"tags":[407,137,33,31,30,408,32,1896,109],"class_list":["post-342169","post","type-post","status-publish","format-standard","has-post-thumbnail","category-julkkikset","tag-celebrities","tag-entertainment","tag-fi","tag-finland","tag-finnish","tag-julkkikset","tag-suomi","tag-vappu-pimia","tag-viihde"],"share_on_mastodon":{"url":"https:\/\/pubeurope.com\/@fi\/117218783117841529","error":""},"_links":{"self":[{"href":"https:\/\/www.europesays.com\/fi\/wp-json\/wp\/v2\/posts\/342169","targetHints":{"allow":["GET"]}}],"collection":[{"href":"https:\/\/www.europesays.com\/fi\/wp-json\/wp\/v2\/posts"}],"about":[{"href":"https:\/\/www.europesays.com\/fi\/wp-json\/wp\/v2\/types\/post"}],"author":[{"embeddable":true,"href":"https:\/\/www.europesays.com\/fi\/wp-json\/wp\/v2\/users\/2"}],"replies":[{"embeddable":true,"href":"https:\/\/www.europesays.com\/fi\/wp-json\/wp\/v2\/comments?post=342169"}],"version-history":[{"count":0,"href":"https:\/\/www.europesays.com\/fi\/wp-json\/wp\/v2\/posts\/342169\/revisions"}],"wp:featuredmedia":[{"embeddable":true,"href":"https:\/\/www.europesays.com\/fi\/wp-json\/wp\/v2\/media\/342170"}],"wp:attachment":[{"href":"https:\/\/www.europesays.com\/fi\/wp-json\/wp\/v2\/media?parent=342169"}],"wp:term":[{"taxonomy":"category","embeddable":true,"href":"https:\/\/www.europesays.com\/fi\/wp-json\/wp\/v2\/categories?post=342169"},{"taxonomy":"post_tag","embeddable":true,"href":"https:\/\/www.europesays.com\/fi\/wp-json\/wp\/v2\/tags?post=342169"}],"curies":[{"name":"wp","href":"https:\/\/api.w.org\/{rel}","templated":true}]}}