{"id":342173,"date":"2026-09-05T14:04:14","date_gmt":"2026-09-05T14:04:14","guid":{"rendered":"https:\/\/www.europesays.com\/fi\/342173\/"},"modified":"2026-09-05T14:04:14","modified_gmt":"2026-09-05T14:04:14","slug":"saralta-uusi-single-albumi-ja-julkaisukiertue","status":"publish","type":"post","link":"https:\/\/www.europesays.com\/fi\/342173\/","title":{"rendered":"Saralta uusi single, albumi ja julkaisukiertue"},"content":{"rendered":"<p>            <a href=\"https:\/\/www.europesays.com\/fi\/wp-content\/uploads\/2026\/09\/sara.png\" data-caption=\"Kuva: Tiina Routamaa\"><img loading=\"lazy\" decoding=\"async\" width=\"696\" height=\"469\" class=\"entry-thumb td-modal-image\" src=\"https:\/\/www.europesays.com\/fi\/wp-content\/uploads\/2026\/09\/sara.png\" alt=\"\" title=\"sara\"\/><\/a>Kuva: Tiina Routamaa<\/p>\n<p>Tiedote 2.9.2026<\/p>\n<p>Marraskuussa 30-vuotisjuhliaan loppuunmyydyll\u00e4 Tampereen Tavara-asemalla juhlinut <strong>Sara<\/strong> julkaisee 11. albuminsa tammikuussa 2027. Tuleva levy kantaa nime\u00e4\u00a0\u00cd heiminum, joka on islantia ja tarkoittaa \u201dMaailmassa\u201d. Albumin ensimm\u00e4inen single\u00a0Harhailija\u00a0on nyt kuunneltavissa suoratoistopalveluista. Kappaleeseen ilmestyi my\u00f6s musiikkivideo.<\/p>\n<p>\u2013 Olemmeko harhailleet liian kauas l\u00f6yt\u00e4\u00e4ksemme takaisin kotiin? Kuin harhailijalintu, joka on eksynyt niin kauas omalta reitilt\u00e4\u00e4n, ettei se en\u00e4\u00e4 muista, mihin kuuluu. Kaikki ovat varmaan joskus tunteneet olevansa pysyv\u00e4sti eksyksiss\u00e4. Harhailu tuskin p\u00e4\u00e4ttyy koskaan, mutta ehk\u00e4 se johtaa oivallukseen: koti ei ole paikka, vaan jotain, mit\u00e4 kannamme mukanamme. Eteeriset puhtaat laulut, s\u00e4\u00e4rintaman tavoin vy\u00f6ryv\u00e4t riffit ja kertos\u00e4e, joka kantaa kohti p\u00e4\u00e4t\u00f6st\u00e4: koti on kulkenut mukana koko matkan, Saran laulaja-kitaristi\u00a0<b>Joa Korhonen<\/b>\u00a0kertoo kappaleesta.<\/p>\n<p>Saran edellinen albumi Hallava valittiin sek\u00e4 Soundin ett\u00e4 Infernon kriitikoiden vuoden levyksi 2025. Se nousi my\u00f6s fyysisen albumilistan k\u00e4rkeen ja sai Emma-ehdokkuuden Vuoden Metalli -kategoriassa.<\/p>\n<p>Visuaalisesti n\u00e4ytt\u00e4vist\u00e4 keikoistaan tunnettu Sara suuntaa uuden levyn my\u00f6t\u00e4 10 keikan klubikiertueelle alkuvuodesta. Kiertueen liput tulevat myyntiin maanantaina 7.9. klo 9.00.<\/p>\n<p><b>SARA: \u00cd heiminum -levynjulkaisukiertue 2027<\/b><\/p>\n<p>29.1. Helsinki, Tavastia<\/p>\n<p>30.1. Tampere, Tullikamarin Pakkahuone<\/p>\n<p>5.2. Kuopio, Maxim<\/p>\n<p>6.2. Jyv\u00e4skyl\u00e4, Lutakko<\/p>\n<p>12.2. Oulu, Toppila Klubi<\/p>\n<p>13.2. Vaasa, Fanny<\/p>\n<p>19.2. Lahti, Finlandia-klubi<\/p>\n<p>20.2. Savonlinna, House of Olaf<\/p>\n<p>26.2. Turku, Teatro<\/p>\n<p>27.2. Sein\u00e4joki, Rytmikorjaamo<\/p>\n<p>L\u00f6hde: Soldout Management<\/p>\n","protected":false},"excerpt":{"rendered":"Kuva: Tiina Routamaa Tiedote 2.9.2026 Marraskuussa 30-vuotisjuhliaan loppuunmyydyll\u00e4 Tampereen Tavara-asemalla juhlinut Sara julkaisee 11. albuminsa tammikuussa 2027. Tuleva&hellip;\n","protected":false},"author":2,"featured_media":342174,"comment_status":"","ping_status":"","sticky":false,"template":"","format":"standard","meta":{"footnotes":"","_share_on_mastodon":"0"},"categories":[130],"tags":[137,33,31,30,42171,32,109],"class_list":["post-342173","post","type-post","status-publish","format-standard","has-post-thumbnail","category-viihde","tag-entertainment","tag-fi","tag-finland","tag-finnish","tag-sara","tag-suomi","tag-viihde"],"share_on_mastodon":{"url":"https:\/\/pubeurope.com\/@fi\/117218815147225892","error":""},"_links":{"self":[{"href":"https:\/\/www.europesays.com\/fi\/wp-json\/wp\/v2\/posts\/342173","targetHints":{"allow":["GET"]}}],"collection":[{"href":"https:\/\/www.europesays.com\/fi\/wp-json\/wp\/v2\/posts"}],"about":[{"href":"https:\/\/www.europesays.com\/fi\/wp-json\/wp\/v2\/types\/post"}],"author":[{"embeddable":true,"href":"https:\/\/www.europesays.com\/fi\/wp-json\/wp\/v2\/users\/2"}],"replies":[{"embeddable":true,"href":"https:\/\/www.europesays.com\/fi\/wp-json\/wp\/v2\/comments?post=342173"}],"version-history":[{"count":0,"href":"https:\/\/www.europesays.com\/fi\/wp-json\/wp\/v2\/posts\/342173\/revisions"}],"wp:featuredmedia":[{"embeddable":true,"href":"https:\/\/www.europesays.com\/fi\/wp-json\/wp\/v2\/media\/342174"}],"wp:attachment":[{"href":"https:\/\/www.europesays.com\/fi\/wp-json\/wp\/v2\/media?parent=342173"}],"wp:term":[{"taxonomy":"category","embeddable":true,"href":"https:\/\/www.europesays.com\/fi\/wp-json\/wp\/v2\/categories?post=342173"},{"taxonomy":"post_tag","embeddable":true,"href":"https:\/\/www.europesays.com\/fi\/wp-json\/wp\/v2\/tags?post=342173"}],"curies":[{"name":"wp","href":"https:\/\/api.w.org\/{rel}","templated":true}]}}